{"id":85460,"date":"2018-03-26T05:01:00","date_gmt":"2018-03-26T09:01:00","guid":{"rendered":"http:\/\/www.eltrabajo.cl\/2017\/?p=85460"},"modified":"2018-03-26T05:01:00","modified_gmt":"2018-03-26T09:01:00","slug":"hoy-lunes-se-iniciara-construccion-de-boulevard-en-calle-salinas","status":"publish","type":"post","link":"https:\/\/eltrabajo.cl\/portal\/hoy-lunes-se-iniciara-construccion-de-boulevard-en-calle-salinas\/","title":{"rendered":"Hoy lunes se iniciar\u00e1 construcci\u00f3n de boulevard en Calle Salinas"},"content":{"rendered":"<figure id=\"attachment_85461\" aria-describedby=\"caption-attachment-85461\" style=\"width: 580px\" class=\"wp-caption alignnone\"><img data-recalc-dims=\"1\" loading=\"lazy\" decoding=\"async\" class=\"size-full wp-image-85461\" src=\"https:\/\/i0.wp.com\/www.eltrabajo.cl\/2017\/wp-content\/uploads\/2018\/03\/Obras1.jpg?resize=580%2C400\" alt=\"El alcalde Patricio Freire, junto a concejales y directores de departamentos municipales, realizaron una revisi\u00f3n en terreno de las obras del nuevo boulevard (que presenta un avance del 85%) donde hicieron un llamado a la \u2018comprensi\u00f3n de los vecinos, porque son obras para una ciudad de futuro\u2019.\" width=\"580\" height=\"400\" srcset=\"https:\/\/i0.wp.com\/eltrabajo.cl\/portal\/wp-content\/uploads\/2018\/03\/Obras1.jpg?w=580&amp;ssl=1 580w, https:\/\/i0.wp.com\/eltrabajo.cl\/portal\/wp-content\/uploads\/2018\/03\/Obras1.jpg?resize=200%2C138&amp;ssl=1 200w, https:\/\/i0.wp.com\/eltrabajo.cl\/portal\/wp-content\/uploads\/2018\/03\/Obras1.jpg?resize=300%2C207&amp;ssl=1 300w, https:\/\/i0.wp.com\/eltrabajo.cl\/portal\/wp-content\/uploads\/2018\/03\/Obras1.jpg?resize=218%2C150&amp;ssl=1 218w, https:\/\/i0.wp.com\/eltrabajo.cl\/portal\/wp-content\/uploads\/2018\/03\/Obras1.jpg?resize=400%2C276&amp;ssl=1 400w\" sizes=\"auto, (max-width: 580px) 100vw, 580px\" \/><figcaption id=\"caption-attachment-85461\" class=\"wp-caption-text\">El alcalde Patricio Freire, junto a concejales y directores de departamentos municipales, realizaron una revisi\u00f3n en terreno de las obras del nuevo boulevard (que presenta un avance del 85%) donde hicieron un llamado a la \u2018comprensi\u00f3n de los vecinos, porque son obras para una ciudad de futuro\u2019.<\/figcaption><\/figure>\n<p>Cerca de un 85% de avance presentan las obras de construcci\u00f3n del boulevard en Calle Prat, entre Salinas y Traslavi\u00f1a -parte del Plan Maestro de Gesti\u00f3n de Tr\u00e1nsito que impulsa el Serviu en la comuna- las que finalizar\u00edan su ejecuci\u00f3n durante la pr\u00f3xima semana. As\u00ed lo se\u00f1al\u00f3 Rodrigo Salinas, urbanista de la municipalidad, quien junto al alcalde Patricio Freire, concejales y directores de departamentos, hicieron una visita a terreno para revisar los trabajos y conocer los tiempos de las futuras mejoras que se realizar\u00e1n en otras calles y que tambi\u00e9n forman parte de esta planificaci\u00f3n.<br \/>\n\u00abResta muy poco para que finalice la ejecuci\u00f3n de este tramo, lo que se traduce en que la empresa deber\u00eda ir saliendo la pr\u00f3xima semana. En definitiva este es el trabajo que se va a empezar a apreciar en los distintos boulevards en el resto de la ciudad\u00bb, afirm\u00f3 Salinas, quien agreg\u00f3 que, la idea de\u00a0construir amplias avenidas peatonales en arterias estrat\u00e9gicas del damero central, viene a responder a la necesidad de modificar gradualmente la forma para transitar por el centro de la comuna.<br \/>\nLa construcci\u00f3n de los paseos semipeatonales continuar\u00e1 este lunes, cuando inicien los trabajos en Calle Salinas, entre Santo Domingo y Prat, los que continuar\u00e1n el pr\u00f3ximo lunes 02 de abril, con las obras en Calle Combate de Las Coimas. La idea es realizar un trabajo simult\u00e1neo en ambas arterias a fin de terminar ambos trabajos en un plazo de 70 d\u00edas: \u00abVamos a trabajar de manera paralela para ser entregada en unos 70 d\u00edas m\u00e1s. Lo que pasa es que la empresa tiene la misma capacidad para ejecutar una o dos calles al mismo tiempo. La idea es no hacer m\u00e1s lento ni terminar el a\u00f1o con obras invasivas en la ciudad. As\u00ed visualizamos que todas las obras del Plan de Gesti\u00f3n de Tr\u00e1nsito en agosto\u00bb, finaliz\u00f3 Salinas.<br \/>\nEn tanto, el alcalde Patricio Freire manifest\u00f3 que las obras vienen a renovar una comuna que durante muchos a\u00f1os no supo de grandes cambios, por lo que pidi\u00f3 paciencia a la comunidad: \u00abPido comprensi\u00f3n a la comunidad sanfelipe\u00f1a. A todos los que transiten por el centro, existir\u00e1n algunas arterias que estar\u00e1n cerradas. Les pido paciencia porque estamos construyendo una ciudad de futuro, por lo que necesitamos el apoyo de todos para seguir avanzando (\u2026) lo que estamos haciendo en Calle San Mart\u00edn, en los pavimentos participativos en Villa Argelia-Escuadra, entre otras. Cuando tengamos una calle cerrada por trabajos, es porque estamos progresando como ciudad\u00bb, concluy\u00f3.<\/p>\n<figure id=\"attachment_85462\" aria-describedby=\"caption-attachment-85462\" style=\"width: 580px\" class=\"wp-caption alignnone\"><img data-recalc-dims=\"1\" loading=\"lazy\" decoding=\"async\" class=\"size-full wp-image-85462\" src=\"https:\/\/i0.wp.com\/www.eltrabajo.cl\/2017\/wp-content\/uploads\/2018\/03\/Obras2.jpg?resize=580%2C399\" alt=\"La construcci\u00f3n de los paseos semipeatonales continuar\u00e1 este lunes, cuando inicien los trabajos en calle Salinas, entre Santo Domingo y Prat.\" width=\"580\" height=\"399\" srcset=\"https:\/\/i0.wp.com\/eltrabajo.cl\/portal\/wp-content\/uploads\/2018\/03\/Obras2.jpg?w=580&amp;ssl=1 580w, https:\/\/i0.wp.com\/eltrabajo.cl\/portal\/wp-content\/uploads\/2018\/03\/Obras2.jpg?resize=200%2C138&amp;ssl=1 200w, https:\/\/i0.wp.com\/eltrabajo.cl\/portal\/wp-content\/uploads\/2018\/03\/Obras2.jpg?resize=300%2C206&amp;ssl=1 300w, https:\/\/i0.wp.com\/eltrabajo.cl\/portal\/wp-content\/uploads\/2018\/03\/Obras2.jpg?resize=218%2C150&amp;ssl=1 218w, https:\/\/i0.wp.com\/eltrabajo.cl\/portal\/wp-content\/uploads\/2018\/03\/Obras2.jpg?resize=400%2C275&amp;ssl=1 400w\" sizes=\"auto, (max-width: 580px) 100vw, 580px\" \/><figcaption id=\"caption-attachment-85462\" class=\"wp-caption-text\">La construcci\u00f3n de los paseos semipeatonales continuar\u00e1 este lunes, cuando inicien los trabajos en calle Salinas, entre Santo Domingo y Prat.<\/figcaption><\/figure>\n","protected":false},"excerpt":{"rendered":"<p>Cerca de un 85% de avance presentan las obras de construcci\u00f3n del boulevard en Calle Prat, entre Salinas y Traslavi\u00f1a -parte del Plan Maestro de Gesti\u00f3n de Tr\u00e1nsito que impulsa el Serviu&#8230;<\/p>\n","protected":false},"author":1,"featured_media":85462,"comment_status":"closed","ping_status":"open","sticky":false,"template":"","format":"standard","meta":{"advanced_seo_description":"","jetpack_seo_html_title":"","jetpack_seo_noindex":false,"_jetpack_memberships_contains_paid_content":false,"footnotes":""},"categories":[1],"tags":[],"class_list":["post-85460","post","type-post","status-publish","format-standard","has-post-thumbnail","hentry","category-cronica"],"jetpack_featured_media_url":"https:\/\/i0.wp.com\/eltrabajo.cl\/portal\/wp-content\/uploads\/2018\/03\/Obras2.jpg?fit=580%2C399&ssl=1","jetpack_sharing_enabled":true,"jetpack_likes_enabled":true,"jetpack-related-posts":[],"_links":{"self":[{"href":"https:\/\/eltrabajo.cl\/portal\/wp-json\/wp\/v2\/posts\/85460","targetHints":{"allow":["GET"]}}],"collection":[{"href":"https:\/\/eltrabajo.cl\/portal\/wp-json\/wp\/v2\/posts"}],"about":[{"href":"https:\/\/eltrabajo.cl\/portal\/wp-json\/wp\/v2\/types\/post"}],"author":[{"embeddable":true,"href":"https:\/\/eltrabajo.cl\/portal\/wp-json\/wp\/v2\/users\/1"}],"replies":[{"embeddable":true,"href":"https:\/\/eltrabajo.cl\/portal\/wp-json\/wp\/v2\/comments?post=85460"}],"version-history":[{"count":0,"href":"https:\/\/eltrabajo.cl\/portal\/wp-json\/wp\/v2\/posts\/85460\/revisions"}],"wp:featuredmedia":[{"embeddable":true,"href":"https:\/\/eltrabajo.cl\/portal\/wp-json\/wp\/v2\/media\/85462"}],"wp:attachment":[{"href":"https:\/\/eltrabajo.cl\/portal\/wp-json\/wp\/v2\/media?parent=85460"}],"wp:term":[{"taxonomy":"category","embeddable":true,"href":"https:\/\/eltrabajo.cl\/portal\/wp-json\/wp\/v2\/categories?post=85460"},{"taxonomy":"post_tag","embeddable":true,"href":"https:\/\/eltrabajo.cl\/portal\/wp-json\/wp\/v2\/tags?post=85460"}],"curies":[{"name":"wp","href":"https:\/\/api.w.org\/{rel}","templated":true}]}}