{"id":85483,"date":"2018-03-27T05:01:23","date_gmt":"2018-03-27T09:01:23","guid":{"rendered":"http:\/\/www.eltrabajo.cl\/2017\/?p=85483"},"modified":"2018-03-27T05:01:23","modified_gmt":"2018-03-27T09:01:23","slug":"socios-del-club-ulises-vera-embellecen-y-reparan-su-querida-cancha-de-futbol","status":"publish","type":"post","link":"https:\/\/eltrabajo.cl\/portal\/socios-del-club-ulises-vera-embellecen-y-reparan-su-querida-cancha-de-futbol\/","title":{"rendered":"Socios del Club Ulises Vera embellecen y reparan su querida cancha de f\u00fatbol"},"content":{"rendered":"<figure id=\"attachment_85485\" aria-describedby=\"caption-attachment-85485\" style=\"width: 578px\" class=\"wp-caption alignnone\"><img data-recalc-dims=\"1\" loading=\"lazy\" decoding=\"async\" class=\"size-full wp-image-85485\" src=\"https:\/\/i0.wp.com\/www.eltrabajo.cl\/2017\/wp-content\/uploads\/2018\/03\/Canchas1.jpg?resize=578%2C363\" alt=\"NI EL SOL LOS DETIENE.- No importa si es fin de semana o feriado, estos socios del club tienen fuerza y vigor para cuidar su amada cancha.\" width=\"578\" height=\"363\" srcset=\"https:\/\/i0.wp.com\/eltrabajo.cl\/portal\/wp-content\/uploads\/2018\/03\/Canchas1.jpg?w=578&amp;ssl=1 578w, https:\/\/i0.wp.com\/eltrabajo.cl\/portal\/wp-content\/uploads\/2018\/03\/Canchas1.jpg?resize=200%2C126&amp;ssl=1 200w, https:\/\/i0.wp.com\/eltrabajo.cl\/portal\/wp-content\/uploads\/2018\/03\/Canchas1.jpg?resize=300%2C188&amp;ssl=1 300w, https:\/\/i0.wp.com\/eltrabajo.cl\/portal\/wp-content\/uploads\/2018\/03\/Canchas1.jpg?resize=239%2C150&amp;ssl=1 239w, https:\/\/i0.wp.com\/eltrabajo.cl\/portal\/wp-content\/uploads\/2018\/03\/Canchas1.jpg?resize=400%2C251&amp;ssl=1 400w\" sizes=\"auto, (max-width: 578px) 100vw, 578px\" \/><figcaption id=\"caption-attachment-85485\" class=\"wp-caption-text\">NI EL SOL LOS DETIENE.- No importa si es fin de semana o feriado, estos socios del club tienen fuerza y vigor para cuidar su amada cancha.<\/figcaption><\/figure>\n<ul>\n<li><span style=\"color: #ff0000;\"><strong>Municipio les dio cierre perimetral y ellos reparan el resto:<\/strong><\/span><\/li>\n<\/ul>\n<p>Ser futbolista, hincha o directivo de un club deportivo, no siempre tiene que ver con llegar a la cancha, aplaudir y llorar cuando corresponde, sino que tambi\u00e9n representa para aquellos realmente comprometidos con su equipo, el tener que sacrificar muchas veces sus fines de semana para pintar, regar, reparar y embellecer sus reductos deportivos, como es el caso del Club Deportivo Ulises Vera, el que sus socios no descuidan por nada del mundo.<br \/>\nAs\u00ed lo pudimos confirmar durante una visita que Diario El Trabajo hizo a la Cancha N\u00ba3, en el sector Tres Canchas, en La Parras\u00eda, donde conversamos con Felipe Gallardo, uno de los fundadores del hist\u00f3rico club:<br \/>\n\u00abNuestro club deportivo lo fundamos en 1961, cuando despu\u00e9s de salir la gente de trabajar en las arverjas, el caballero que nos llevaba a las pichangas se llamaba Ulises Vera, por eso gracias a \u00e9l se form\u00f3 este club, \u00e9l nos pon\u00eda su cami\u00f3n, en esos a\u00f1os \u00e9l sal\u00eda a recogernos a todas partes, luego nos metimos a la Asociaci\u00f3n de F\u00fatbol y desde entonces gracias a Dios nos ha ido bien, hemos hecho ya tres canchas con \u00e9sta\u00bb, dijo el experimentado dirigente.<\/p>\n<p><span style=\"color: #ff0000;\"><strong>PASO A PASO<\/strong><\/span><br \/>\nSeg\u00fan nos explic\u00f3 don Felipe, a las otras dos canchas les dan mantenimiento socios de otros clubes, pero en la de ellos todo el plantel est\u00e1 siempre renov\u00e1ndose, luego que el Municipio les instalara cierre perimetral en toda la cancha, ellos por su parte se est\u00e1n encargando de sembrar pasto en las partes en donde no hay, adem\u00e1s de reparar con recursos propios el camar\u00edn, pues este proceso lo llevan lentamente.<br \/>\n\u00abAhora estamos tapando con tierra los hoyitos de la cancha, tambi\u00e9n estamos ya preparando el terreno para reforestar todo el contorno, tambi\u00e9n estamos metiendo trabajo en los camarines, nuestras intenciones son que tambi\u00e9n este inmueble quede habilitado para usarlo como sede del club, pues en este momento no tenemos sede\u00bb, dijo Gallardo.<br \/>\n<strong>Roberto Gonz\u00e1lez Short<\/strong><\/p>\n<figure id=\"attachment_85486\" aria-describedby=\"caption-attachment-85486\" style=\"width: 579px\" class=\"wp-caption alignnone\"><img data-recalc-dims=\"1\" loading=\"lazy\" decoding=\"async\" class=\"size-full wp-image-85486\" src=\"https:\/\/i0.wp.com\/www.eltrabajo.cl\/2017\/wp-content\/uploads\/2018\/03\/Canchas2.jpg?resize=579%2C368\" alt=\"FULL COMPROMISO.- Por este marco que est\u00e1 en mantenimiento, entran siempre los goles de las siete Ligas del Ulises Vera.\" width=\"579\" height=\"368\" srcset=\"https:\/\/i0.wp.com\/eltrabajo.cl\/portal\/wp-content\/uploads\/2018\/03\/Canchas2.jpg?w=579&amp;ssl=1 579w, https:\/\/i0.wp.com\/eltrabajo.cl\/portal\/wp-content\/uploads\/2018\/03\/Canchas2.jpg?resize=200%2C127&amp;ssl=1 200w, https:\/\/i0.wp.com\/eltrabajo.cl\/portal\/wp-content\/uploads\/2018\/03\/Canchas2.jpg?resize=300%2C191&amp;ssl=1 300w, https:\/\/i0.wp.com\/eltrabajo.cl\/portal\/wp-content\/uploads\/2018\/03\/Canchas2.jpg?resize=236%2C150&amp;ssl=1 236w, https:\/\/i0.wp.com\/eltrabajo.cl\/portal\/wp-content\/uploads\/2018\/03\/Canchas2.jpg?resize=400%2C254&amp;ssl=1 400w\" sizes=\"auto, (max-width: 579px) 100vw, 579px\" \/><figcaption id=\"caption-attachment-85486\" class=\"wp-caption-text\">FULL COMPROMISO.- Por este marco que est\u00e1 en mantenimiento, entran siempre los goles de las siete Ligas del Ulises Vera.<\/figcaption><\/figure>\n<figure id=\"attachment_85487\" aria-describedby=\"caption-attachment-85487\" style=\"width: 579px\" class=\"wp-caption alignnone\"><img data-recalc-dims=\"1\" loading=\"lazy\" decoding=\"async\" class=\"size-full wp-image-85487\" src=\"https:\/\/i0.wp.com\/www.eltrabajo.cl\/2017\/wp-content\/uploads\/2018\/03\/Felipe-Gallardo.jpg?resize=579%2C564\" alt=\"Felipe Gallardo, uno de los fundadores del Club Deportivo Ulises Vera.\" width=\"579\" height=\"564\" srcset=\"https:\/\/i0.wp.com\/eltrabajo.cl\/portal\/wp-content\/uploads\/2018\/03\/Felipe-Gallardo.jpg?w=579&amp;ssl=1 579w, https:\/\/i0.wp.com\/eltrabajo.cl\/portal\/wp-content\/uploads\/2018\/03\/Felipe-Gallardo.jpg?resize=154%2C150&amp;ssl=1 154w, https:\/\/i0.wp.com\/eltrabajo.cl\/portal\/wp-content\/uploads\/2018\/03\/Felipe-Gallardo.jpg?resize=300%2C292&amp;ssl=1 300w, https:\/\/i0.wp.com\/eltrabajo.cl\/portal\/wp-content\/uploads\/2018\/03\/Felipe-Gallardo.jpg?resize=400%2C390&amp;ssl=1 400w\" sizes=\"auto, (max-width: 579px) 100vw, 579px\" \/><figcaption id=\"caption-attachment-85487\" class=\"wp-caption-text\">Felipe Gallardo, uno de los fundadores del Club Deportivo Ulises Vera.<\/figcaption><\/figure>\n","protected":false},"excerpt":{"rendered":"<p>Municipio les dio cierre perimetral y ellos reparan el resto: Ser futbolista, hincha o directivo de un club deportivo, no siempre tiene que ver con llegar a la cancha, aplaudir y llorar&#8230;<\/p>\n","protected":false},"author":1,"featured_media":85485,"comment_status":"closed","ping_status":"open","sticky":false,"template":"","format":"standard","meta":{"advanced_seo_description":"","jetpack_seo_html_title":"","jetpack_seo_noindex":false,"_jetpack_memberships_contains_paid_content":false,"footnotes":""},"categories":[15],"tags":[],"class_list":["post-85483","post","type-post","status-publish","format-standard","has-post-thumbnail","hentry","category-comunidad"],"jetpack_featured_media_url":"https:\/\/i0.wp.com\/eltrabajo.cl\/portal\/wp-content\/uploads\/2018\/03\/Canchas1.jpg?fit=578%2C363&ssl=1","jetpack_sharing_enabled":true,"jetpack_likes_enabled":true,"jetpack-related-posts":[],"_links":{"self":[{"href":"https:\/\/eltrabajo.cl\/portal\/wp-json\/wp\/v2\/posts\/85483","targetHints":{"allow":["GET"]}}],"collection":[{"href":"https:\/\/eltrabajo.cl\/portal\/wp-json\/wp\/v2\/posts"}],"about":[{"href":"https:\/\/eltrabajo.cl\/portal\/wp-json\/wp\/v2\/types\/post"}],"author":[{"embeddable":true,"href":"https:\/\/eltrabajo.cl\/portal\/wp-json\/wp\/v2\/users\/1"}],"replies":[{"embeddable":true,"href":"https:\/\/eltrabajo.cl\/portal\/wp-json\/wp\/v2\/comments?post=85483"}],"version-history":[{"count":0,"href":"https:\/\/eltrabajo.cl\/portal\/wp-json\/wp\/v2\/posts\/85483\/revisions"}],"wp:featuredmedia":[{"embeddable":true,"href":"https:\/\/eltrabajo.cl\/portal\/wp-json\/wp\/v2\/media\/85485"}],"wp:attachment":[{"href":"https:\/\/eltrabajo.cl\/portal\/wp-json\/wp\/v2\/media?parent=85483"}],"wp:term":[{"taxonomy":"category","embeddable":true,"href":"https:\/\/eltrabajo.cl\/portal\/wp-json\/wp\/v2\/categories?post=85483"},{"taxonomy":"post_tag","embeddable":true,"href":"https:\/\/eltrabajo.cl\/portal\/wp-json\/wp\/v2\/tags?post=85483"}],"curies":[{"name":"wp","href":"https:\/\/api.w.org\/{rel}","templated":true}]}}