{"id":85496,"date":"2018-03-28T05:00:40","date_gmt":"2018-03-28T09:00:40","guid":{"rendered":"http:\/\/www.eltrabajo.cl\/2017\/?p=85496"},"modified":"2018-03-28T05:00:40","modified_gmt":"2018-03-28T09:00:40","slug":"hoy-cumple-100-anos-de-vida-dona-rosa-ibarra-munoz","status":"publish","type":"post","link":"https:\/\/eltrabajo.cl\/portal\/hoy-cumple-100-anos-de-vida-dona-rosa-ibarra-munoz\/","title":{"rendered":"Hoy cumple 100 a\u00f1os de vida do\u00f1a Rosa Ibarra Mu\u00f1oz"},"content":{"rendered":"<figure id=\"attachment_85497\" aria-describedby=\"caption-attachment-85497\" style=\"width: 580px\" class=\"wp-caption alignnone\"><img data-recalc-dims=\"1\" loading=\"lazy\" decoding=\"async\" class=\"size-full wp-image-85497\" src=\"https:\/\/i0.wp.com\/www.eltrabajo.cl\/2017\/wp-content\/uploads\/2018\/03\/Centenaria_Rosa-Ibarra-Munoz.jpg?resize=580%2C543\" alt=\"Mar\u00eda Rosa Ibarra Mu\u00f1oz, naci\u00f3 el 28 de marzo de 1918, en San Felipe.\" width=\"580\" height=\"543\" srcset=\"https:\/\/i0.wp.com\/eltrabajo.cl\/portal\/wp-content\/uploads\/2018\/03\/Centenaria_Rosa-Ibarra-Munoz.jpg?w=580&amp;ssl=1 580w, https:\/\/i0.wp.com\/eltrabajo.cl\/portal\/wp-content\/uploads\/2018\/03\/Centenaria_Rosa-Ibarra-Munoz.jpg?resize=160%2C150&amp;ssl=1 160w, https:\/\/i0.wp.com\/eltrabajo.cl\/portal\/wp-content\/uploads\/2018\/03\/Centenaria_Rosa-Ibarra-Munoz.jpg?resize=300%2C281&amp;ssl=1 300w, https:\/\/i0.wp.com\/eltrabajo.cl\/portal\/wp-content\/uploads\/2018\/03\/Centenaria_Rosa-Ibarra-Munoz.jpg?resize=400%2C374&amp;ssl=1 400w\" sizes=\"auto, (max-width: 580px) 100vw, 580px\" \/><figcaption id=\"caption-attachment-85497\" class=\"wp-caption-text\">Mar\u00eda Rosa Ibarra Mu\u00f1oz, naci\u00f3 el 28 de marzo de 1918, en San Felipe.<\/figcaption><\/figure>\n<p>Hoy es mi\u00e9rcoles 28 de marzo, y exactamente hace 100 a\u00f1os vino al mundo en San Felipe una ni\u00f1a que estar\u00eda destinada a recibir de Dios el regalo de la longevidad, obsequio que hoy le permite cumplir un siglo de vida. Se trata de do\u00f1a Mar\u00eda Rosa Ibarra Mu\u00f1oz, una afable abuelita que nos comparti\u00f3 algunos de sus recuerdos, mientras le visitamos en el Eleam San Felipe, en donde vive desde hace alg\u00fan tiempo.<br \/>\n\u00abYo recuerdo que cuando era joven yo estudiaba, y cuando llegaba del colegio me dedicaba a ayudar a mi madre en las labores de la casa, porque ella se cansaba mucho. Tambi\u00e9n recuerdo que yo bailaba tango con mi esposo Manuel, \u00e9l falleci\u00f3 en 1980, no me volv\u00ed a casar, tuve diez hijos, cinco de ellos ya fallecieron\u00bb, nos coment\u00f3 do\u00f1a Rosa.<\/p>\n<p><span style=\"color: #ff0000;\"><strong>\u00abJAM\u00c1S IMAGIN\u00c9\u00bb<\/strong><\/span><br \/>\nSeg\u00fan nos explic\u00f3 Silvio, uno de los hijos de Rosita, el abuelo de ella, don Fabi\u00e1n Ibarra, muri\u00f3 en la guerra de 1879 contra Bolivia y Per\u00fa. Ella, meditando posiblemente en la cantidad de recuerdos que tiene de sus antepasados, nos respondi\u00f3 que ella nunca se imagin\u00f3 llegar a vivir 100 a\u00f1os.<br \/>\n\u00abYo nunca imagin\u00e9 que Dios me regalar\u00eda 100 a\u00f1os de vida, aqu\u00ed me tratan bien y aunque vivo tranquila, siempre estoy preocupada por mis hijos\u00bb, dijo la centenaria cumplea\u00f1era. El fin de semana pasado a do\u00f1a Rosa le celebraron su cumplea\u00f1os, aunque es hoy mi\u00e9rcoles 28 de marzo cuando cumple el siglo de existencia.<br \/>\nTodos quienes laboramos en Diario El Trabajo hoy nos unimos al sentimiento de agradecimiento de do\u00f1a Rosa, por los 100 a\u00f1os de vida que ha recibido en este mundo. Ojala que siga con nosotros iluminando a sus m\u00e1s cercanos.<br \/>\n<strong>Roberto Gonz\u00e1lez Short<\/strong><\/p>\n<figure id=\"attachment_85498\" aria-describedby=\"caption-attachment-85498\" style=\"width: 579px\" class=\"wp-caption alignnone\"><img data-recalc-dims=\"1\" loading=\"lazy\" decoding=\"async\" class=\"size-full wp-image-85498\" src=\"https:\/\/i0.wp.com\/www.eltrabajo.cl\/2017\/wp-content\/uploads\/2018\/03\/Centenaria1.jpg?resize=579%2C386\" alt=\"CON ELLA CELEBRAN.- Aqu\u00ed tenemos a do\u00f1a Rosa Ibarra, acompa\u00f1ada por sus amigos y personal del Eleam San Felipe, Salinas 1456.\" width=\"579\" height=\"386\" srcset=\"https:\/\/i0.wp.com\/eltrabajo.cl\/portal\/wp-content\/uploads\/2018\/03\/Centenaria1.jpg?w=579&amp;ssl=1 579w, https:\/\/i0.wp.com\/eltrabajo.cl\/portal\/wp-content\/uploads\/2018\/03\/Centenaria1.jpg?resize=200%2C133&amp;ssl=1 200w, https:\/\/i0.wp.com\/eltrabajo.cl\/portal\/wp-content\/uploads\/2018\/03\/Centenaria1.jpg?resize=300%2C200&amp;ssl=1 300w, https:\/\/i0.wp.com\/eltrabajo.cl\/portal\/wp-content\/uploads\/2018\/03\/Centenaria1.jpg?resize=225%2C150&amp;ssl=1 225w, https:\/\/i0.wp.com\/eltrabajo.cl\/portal\/wp-content\/uploads\/2018\/03\/Centenaria1.jpg?resize=400%2C267&amp;ssl=1 400w\" sizes=\"auto, (max-width: 579px) 100vw, 579px\" \/><figcaption id=\"caption-attachment-85498\" class=\"wp-caption-text\">CON ELLA CELEBRAN.- Aqu\u00ed tenemos a do\u00f1a Rosa Ibarra, acompa\u00f1ada por sus amigos y personal del Eleam San Felipe, Salinas 1456.<\/figcaption><\/figure>\n<figure id=\"attachment_85499\" aria-describedby=\"caption-attachment-85499\" style=\"width: 578px\" class=\"wp-caption alignnone\"><img data-recalc-dims=\"1\" loading=\"lazy\" decoding=\"async\" class=\"size-full wp-image-85499\" src=\"https:\/\/i0.wp.com\/www.eltrabajo.cl\/2017\/wp-content\/uploads\/2018\/03\/Centenaria2.jpg?resize=578%2C363\" alt=\"CON SUS HIJOS.- Ellos son los cinco hijos que est\u00e1n vivos de do\u00f1a Rosa: Manuel, Silvio, Liliana, Isabel y Ericka.\" width=\"578\" height=\"363\" srcset=\"https:\/\/i0.wp.com\/eltrabajo.cl\/portal\/wp-content\/uploads\/2018\/03\/Centenaria2.jpg?w=578&amp;ssl=1 578w, https:\/\/i0.wp.com\/eltrabajo.cl\/portal\/wp-content\/uploads\/2018\/03\/Centenaria2.jpg?resize=200%2C126&amp;ssl=1 200w, https:\/\/i0.wp.com\/eltrabajo.cl\/portal\/wp-content\/uploads\/2018\/03\/Centenaria2.jpg?resize=300%2C188&amp;ssl=1 300w, https:\/\/i0.wp.com\/eltrabajo.cl\/portal\/wp-content\/uploads\/2018\/03\/Centenaria2.jpg?resize=239%2C150&amp;ssl=1 239w, https:\/\/i0.wp.com\/eltrabajo.cl\/portal\/wp-content\/uploads\/2018\/03\/Centenaria2.jpg?resize=400%2C251&amp;ssl=1 400w\" sizes=\"auto, (max-width: 578px) 100vw, 578px\" \/><figcaption id=\"caption-attachment-85499\" class=\"wp-caption-text\">CON SUS HIJOS.- Ellos son los cinco hijos que est\u00e1n vivos de do\u00f1a Rosa: Manuel, Silvio, Liliana, Isabel y Ericka.<\/figcaption><\/figure>\n","protected":false},"excerpt":{"rendered":"<p>Hoy es mi\u00e9rcoles 28 de marzo, y exactamente hace 100 a\u00f1os vino al mundo en San Felipe una ni\u00f1a que estar\u00eda destinada a recibir de Dios el regalo de la longevidad, obsequio&#8230;<\/p>\n","protected":false},"author":1,"featured_media":85498,"comment_status":"closed","ping_status":"open","sticky":false,"template":"","format":"standard","meta":{"advanced_seo_description":"","jetpack_seo_html_title":"","jetpack_seo_noindex":false,"_jetpack_memberships_contains_paid_content":false,"footnotes":""},"categories":[15],"tags":[],"class_list":["post-85496","post","type-post","status-publish","format-standard","has-post-thumbnail","hentry","category-comunidad"],"jetpack_featured_media_url":"https:\/\/i0.wp.com\/eltrabajo.cl\/portal\/wp-content\/uploads\/2018\/03\/Centenaria1.jpg?fit=579%2C386&ssl=1","jetpack_sharing_enabled":true,"jetpack_likes_enabled":true,"jetpack-related-posts":[],"_links":{"self":[{"href":"https:\/\/eltrabajo.cl\/portal\/wp-json\/wp\/v2\/posts\/85496","targetHints":{"allow":["GET"]}}],"collection":[{"href":"https:\/\/eltrabajo.cl\/portal\/wp-json\/wp\/v2\/posts"}],"about":[{"href":"https:\/\/eltrabajo.cl\/portal\/wp-json\/wp\/v2\/types\/post"}],"author":[{"embeddable":true,"href":"https:\/\/eltrabajo.cl\/portal\/wp-json\/wp\/v2\/users\/1"}],"replies":[{"embeddable":true,"href":"https:\/\/eltrabajo.cl\/portal\/wp-json\/wp\/v2\/comments?post=85496"}],"version-history":[{"count":0,"href":"https:\/\/eltrabajo.cl\/portal\/wp-json\/wp\/v2\/posts\/85496\/revisions"}],"wp:featuredmedia":[{"embeddable":true,"href":"https:\/\/eltrabajo.cl\/portal\/wp-json\/wp\/v2\/media\/85498"}],"wp:attachment":[{"href":"https:\/\/eltrabajo.cl\/portal\/wp-json\/wp\/v2\/media?parent=85496"}],"wp:term":[{"taxonomy":"category","embeddable":true,"href":"https:\/\/eltrabajo.cl\/portal\/wp-json\/wp\/v2\/categories?post=85496"},{"taxonomy":"post_tag","embeddable":true,"href":"https:\/\/eltrabajo.cl\/portal\/wp-json\/wp\/v2\/tags?post=85496"}],"curies":[{"name":"wp","href":"https:\/\/api.w.org\/{rel}","templated":true}]}}