{"id":85501,"date":"2018-03-28T05:01:24","date_gmt":"2018-03-28T09:01:24","guid":{"rendered":"http:\/\/www.eltrabajo.cl\/2017\/?p=85501"},"modified":"2018-03-28T05:01:24","modified_gmt":"2018-03-28T09:01:24","slug":"municipalidad-de-san-felipe-entrego-bicicletas-a-carabineros-de-la-comuna","status":"publish","type":"post","link":"https:\/\/eltrabajo.cl\/portal\/municipalidad-de-san-felipe-entrego-bicicletas-a-carabineros-de-la-comuna\/","title":{"rendered":"Municipalidad de San Felipe entreg\u00f3 bicicletas a Carabineros de la comuna"},"content":{"rendered":"<figure id=\"attachment_85502\" aria-describedby=\"caption-attachment-85502\" style=\"width: 580px\" class=\"wp-caption alignnone\"><img data-recalc-dims=\"1\" loading=\"lazy\" decoding=\"async\" class=\"size-full wp-image-85502\" src=\"https:\/\/i0.wp.com\/www.eltrabajo.cl\/2017\/wp-content\/uploads\/2018\/03\/bicicletas-1-Municipalidad-de-San-Felipe-entreg%C3%B3-bicicletas-a-carabineros-de-la-comuna.jpg?resize=580%2C325\" alt=\"En un breve acto en el frontis de la Municipalidad de San Felipe se concret\u00f3 la entrega de bicicletas por parte de la Municipalidad de San Felipe a la Prefectura de Carabineros.\" width=\"580\" height=\"325\" srcset=\"https:\/\/i0.wp.com\/eltrabajo.cl\/portal\/wp-content\/uploads\/2018\/03\/bicicletas-1-Municipalidad-de-San-Felipe-entreg%C3%B3-bicicletas-a-carabineros-de-la-comuna.jpg?w=580&amp;ssl=1 580w, https:\/\/i0.wp.com\/eltrabajo.cl\/portal\/wp-content\/uploads\/2018\/03\/bicicletas-1-Municipalidad-de-San-Felipe-entreg%C3%B3-bicicletas-a-carabineros-de-la-comuna.jpg?resize=200%2C112&amp;ssl=1 200w, https:\/\/i0.wp.com\/eltrabajo.cl\/portal\/wp-content\/uploads\/2018\/03\/bicicletas-1-Municipalidad-de-San-Felipe-entreg%C3%B3-bicicletas-a-carabineros-de-la-comuna.jpg?resize=300%2C168&amp;ssl=1 300w, https:\/\/i0.wp.com\/eltrabajo.cl\/portal\/wp-content\/uploads\/2018\/03\/bicicletas-1-Municipalidad-de-San-Felipe-entreg%C3%B3-bicicletas-a-carabineros-de-la-comuna.jpg?resize=268%2C150&amp;ssl=1 268w, https:\/\/i0.wp.com\/eltrabajo.cl\/portal\/wp-content\/uploads\/2018\/03\/bicicletas-1-Municipalidad-de-San-Felipe-entreg%C3%B3-bicicletas-a-carabineros-de-la-comuna.jpg?resize=400%2C224&amp;ssl=1 400w\" sizes=\"auto, (max-width: 580px) 100vw, 580px\" \/><figcaption id=\"caption-attachment-85502\" class=\"wp-caption-text\">En un breve acto en el frontis de la Municipalidad de San Felipe se concret\u00f3 la entrega de bicicletas por parte de la Municipalidad de San Felipe a la Prefectura de Carabineros.<\/figcaption><\/figure>\n<ul>\n<li><span style=\"color: #ff0000;\"><strong>Medida representa una inversi\u00f3n de alrededor de 3 millones de pesos y tiene como objetivo mejorar la sensaci\u00f3n de seguridad de los vecinos y vecinas de la comuna.<\/strong><\/span><\/li>\n<\/ul>\n<p>Ayer martes 27 de marzo, en el frontis de la Municipalidad de San Felipe, el alcalde Patricio Freire junto al Concejo Municipal le dieron la bienvenida al nuevo Prefecto de Aconcagua y le hicieron entrega de bicicletas que ser\u00e1n utilizadas para labores de vigilancia.<br \/>\nSobre la medida, se refiri\u00f3 el alcalde Patricio Freire, quien se\u00f1al\u00f3: \u00abHoy le estamos dando la bienvenida al Coronel Rolando Ilabaca a nuestra querida comuna de San Felipe y, a la vez, entregando seis bicicletas que son parte de nuestro compromiso con Carabineros de Chile, \u00e9stas permitir\u00e1n realizar un patrullaje silencioso, contribuyendo as\u00ed a la seguridad ciudadana en todos los sectores de la comuna\u00bb.<br \/>\nPor su parte, el Coronel Rolando Ilabaca, Prefecto de Aconcagua, se mostr\u00f3 muy contento con el recibimiento de los sanfelipe\u00f1os y expres\u00f3: \u00abVengo de la Prefectura de Iquique y, tal como se lo dije al Alcalde, estoy encantado con esta regi\u00f3n y en particular con esta comuna. Han sido extremadamente c\u00e1lidos y me ha llamado mucho la atenci\u00f3n la amabilidad del vecino de San Felipe\u00bb.<br \/>\nRespecto a la entrega de las seis bicicletas, Ilabaca indic\u00f3 estar muy agradecido, ya que \u00e9stas permitir\u00e1n realizar un mejor trabajo en terreno: \u00abLa idea es mejorar la sensaci\u00f3n de seguridad y una de las formas de lograrlo es aumentando y perfeccionando la presencia del carabinero en la poblaci\u00f3n. Y un dato no menor, es que este tipo de bicicletas son de las mejores que hay en el mercado y eso nosotros como Carabineros de Chile lo agradecemos much\u00edsimo\u00bb.<br \/>\nFinalmente, Claudio Rodr\u00edguez, gobernador de la provincia de San Felipe, destac\u00f3 la medida adoptada por la Municipalidad, se\u00f1alando: \u00abQuisiera felicitar, muy de coraz\u00f3n, la iniciativa del Alcalde y los concejales de aprobar estos recursos para adquirir estas bicicletas que adem\u00e1s son de alta calidad, como muy bien lo se\u00f1alaba el Sr. Prefecto hace un rato atr\u00e1s. Esto sin duda va a venir a mejorar la sensaci\u00f3n de seguridad de los vecinos de San Felipe y eso es un paso importante\u00bb, y agreg\u00f3 que, como gobernador, compromete desde ya su colaboraci\u00f3n para seguir impulsando y apoyando este tipo de iniciativas.<\/p>\n<figure id=\"attachment_85503\" aria-describedby=\"caption-attachment-85503\" style=\"width: 579px\" class=\"wp-caption alignnone\"><img data-recalc-dims=\"1\" loading=\"lazy\" decoding=\"async\" class=\"size-full wp-image-85503\" src=\"https:\/\/i0.wp.com\/www.eltrabajo.cl\/2017\/wp-content\/uploads\/2018\/03\/PORTADA-bicicletas-2-Municipalidad-de-San-Felipe-entreg%C3%B3-bicicletas-a-carabineros-de-la-comuna.jpg?resize=579%2C386\" alt=\"Las seis bicicletas de alta calidad entregadas a Carabineros, demand\u00f3 una inversi\u00f3n de 3 millones de pesos y se destinar\u00e1n para labores de vigilancia.\" width=\"579\" height=\"386\" srcset=\"https:\/\/i0.wp.com\/eltrabajo.cl\/portal\/wp-content\/uploads\/2018\/03\/PORTADA-bicicletas-2-Municipalidad-de-San-Felipe-entreg%C3%B3-bicicletas-a-carabineros-de-la-comuna.jpg?w=579&amp;ssl=1 579w, https:\/\/i0.wp.com\/eltrabajo.cl\/portal\/wp-content\/uploads\/2018\/03\/PORTADA-bicicletas-2-Municipalidad-de-San-Felipe-entreg%C3%B3-bicicletas-a-carabineros-de-la-comuna.jpg?resize=200%2C133&amp;ssl=1 200w, https:\/\/i0.wp.com\/eltrabajo.cl\/portal\/wp-content\/uploads\/2018\/03\/PORTADA-bicicletas-2-Municipalidad-de-San-Felipe-entreg%C3%B3-bicicletas-a-carabineros-de-la-comuna.jpg?resize=300%2C200&amp;ssl=1 300w, https:\/\/i0.wp.com\/eltrabajo.cl\/portal\/wp-content\/uploads\/2018\/03\/PORTADA-bicicletas-2-Municipalidad-de-San-Felipe-entreg%C3%B3-bicicletas-a-carabineros-de-la-comuna.jpg?resize=225%2C150&amp;ssl=1 225w, https:\/\/i0.wp.com\/eltrabajo.cl\/portal\/wp-content\/uploads\/2018\/03\/PORTADA-bicicletas-2-Municipalidad-de-San-Felipe-entreg%C3%B3-bicicletas-a-carabineros-de-la-comuna.jpg?resize=400%2C267&amp;ssl=1 400w\" sizes=\"auto, (max-width: 579px) 100vw, 579px\" \/><figcaption id=\"caption-attachment-85503\" class=\"wp-caption-text\">Las seis bicicletas de alta calidad entregadas a Carabineros, demand\u00f3 una inversi\u00f3n de 3 millones de pesos y se destinar\u00e1n para labores de vigilancia.<\/figcaption><\/figure>\n","protected":false},"excerpt":{"rendered":"<p>Medida representa una inversi\u00f3n de alrededor de 3 millones de pesos y tiene como objetivo mejorar la sensaci\u00f3n de seguridad de los vecinos y vecinas de la comuna. Ayer martes 27 de&#8230;<\/p>\n","protected":false},"author":1,"featured_media":85503,"comment_status":"closed","ping_status":"open","sticky":false,"template":"","format":"standard","meta":{"advanced_seo_description":"","jetpack_seo_html_title":"","jetpack_seo_noindex":false,"_jetpack_memberships_contains_paid_content":false,"footnotes":""},"categories":[1],"tags":[],"class_list":["post-85501","post","type-post","status-publish","format-standard","has-post-thumbnail","hentry","category-cronica"],"jetpack_featured_media_url":"https:\/\/i0.wp.com\/eltrabajo.cl\/portal\/wp-content\/uploads\/2018\/03\/PORTADA-bicicletas-2-Municipalidad-de-San-Felipe-entreg%C3%B3-bicicletas-a-carabineros-de-la-comuna.jpg?fit=579%2C386&ssl=1","jetpack_sharing_enabled":true,"jetpack_likes_enabled":true,"jetpack-related-posts":[],"_links":{"self":[{"href":"https:\/\/eltrabajo.cl\/portal\/wp-json\/wp\/v2\/posts\/85501","targetHints":{"allow":["GET"]}}],"collection":[{"href":"https:\/\/eltrabajo.cl\/portal\/wp-json\/wp\/v2\/posts"}],"about":[{"href":"https:\/\/eltrabajo.cl\/portal\/wp-json\/wp\/v2\/types\/post"}],"author":[{"embeddable":true,"href":"https:\/\/eltrabajo.cl\/portal\/wp-json\/wp\/v2\/users\/1"}],"replies":[{"embeddable":true,"href":"https:\/\/eltrabajo.cl\/portal\/wp-json\/wp\/v2\/comments?post=85501"}],"version-history":[{"count":0,"href":"https:\/\/eltrabajo.cl\/portal\/wp-json\/wp\/v2\/posts\/85501\/revisions"}],"wp:featuredmedia":[{"embeddable":true,"href":"https:\/\/eltrabajo.cl\/portal\/wp-json\/wp\/v2\/media\/85503"}],"wp:attachment":[{"href":"https:\/\/eltrabajo.cl\/portal\/wp-json\/wp\/v2\/media?parent=85501"}],"wp:term":[{"taxonomy":"category","embeddable":true,"href":"https:\/\/eltrabajo.cl\/portal\/wp-json\/wp\/v2\/categories?post=85501"},{"taxonomy":"post_tag","embeddable":true,"href":"https:\/\/eltrabajo.cl\/portal\/wp-json\/wp\/v2\/tags?post=85501"}],"curies":[{"name":"wp","href":"https:\/\/api.w.org\/{rel}","templated":true}]}}