{"id":85505,"date":"2018-03-28T05:02:05","date_gmt":"2018-03-28T09:02:05","guid":{"rendered":"http:\/\/www.eltrabajo.cl\/2017\/?p=85505"},"modified":"2018-03-28T05:02:05","modified_gmt":"2018-03-28T09:02:05","slug":"llevamos-los-vecinos-cuatro-anos-ya-comiendo-polvo-todos-los-dias","status":"publish","type":"post","link":"https:\/\/eltrabajo.cl\/portal\/llevamos-los-vecinos-cuatro-anos-ya-comiendo-polvo-todos-los-dias\/","title":{"rendered":"\u00abLlevamos los vecinos cuatro a\u00f1os ya comiendo polvo todos los d\u00edas\u00bb"},"content":{"rendered":"<figure id=\"attachment_85506\" aria-describedby=\"caption-attachment-85506\" style=\"width: 579px\" class=\"wp-caption alignnone\"><img data-recalc-dims=\"1\" loading=\"lazy\" decoding=\"async\" class=\"size-full wp-image-85506\" src=\"https:\/\/i0.wp.com\/www.eltrabajo.cl\/2017\/wp-content\/uploads\/2018\/03\/Polvo_Marco-Rivera-Riquelme.jpg?resize=579%2C644\" alt=\"Marco Rivera, vecino afectado por el polvo en Villa El Canelo.\" width=\"579\" height=\"644\" srcset=\"https:\/\/i0.wp.com\/eltrabajo.cl\/portal\/wp-content\/uploads\/2018\/03\/Polvo_Marco-Rivera-Riquelme.jpg?w=579&amp;ssl=1 579w, https:\/\/i0.wp.com\/eltrabajo.cl\/portal\/wp-content\/uploads\/2018\/03\/Polvo_Marco-Rivera-Riquelme.jpg?resize=135%2C150&amp;ssl=1 135w, https:\/\/i0.wp.com\/eltrabajo.cl\/portal\/wp-content\/uploads\/2018\/03\/Polvo_Marco-Rivera-Riquelme.jpg?resize=270%2C300&amp;ssl=1 270w, https:\/\/i0.wp.com\/eltrabajo.cl\/portal\/wp-content\/uploads\/2018\/03\/Polvo_Marco-Rivera-Riquelme.jpg?resize=400%2C445&amp;ssl=1 400w\" sizes=\"auto, (max-width: 579px) 100vw, 579px\" \/><figcaption id=\"caption-attachment-85506\" class=\"wp-caption-text\">Marco Rivera, vecino afectado por el polvo en Villa El Canelo.<\/figcaption><\/figure>\n<ul>\n<li><span style=\"color: #ff0000;\"><strong>Vecino Marco Rivera reclama falta de pavimento en Avenida Chile:<\/strong><\/span><\/li>\n<\/ul>\n<p>Hace varios a\u00f1os fue habilitado un paso entre Avenida Chile y Abraham Ahumada, lo que permiti\u00f3 a los conductores evitar tener que recorrer un gran trayecto para pasar de un sector relativamente cercano. Para ello el Municipio derrumb\u00f3 una vieja construcci\u00f3n, pero hasta el momento no se ha concretado que este paso sea pavimentado, lo que genera en verano gran cantidad de polvo al pasar los veh\u00edculos, esta situaci\u00f3n llev\u00f3 a don Marco Rivera Riquelme, vecino de Villa El Canelo, a visitar nuestra Sala de Redacci\u00f3n para exponer su queja ciudadana.<br \/>\n\u00abResulta que abrieron esa calle hace a\u00f1os atr\u00e1s y desde hace cuatro a\u00f1os estamos comiendo polvo todos los d\u00edas, con la municipalidad no pasa nada, yo he ido cuatro veces a reclamar el tema, he pedido ya de \u00faltimo que nos manden un cami\u00f3n tirando agua, la primera vez s\u00ed lo hicieron, pero el cami\u00f3n pasaba en la ma\u00f1ana, y ya en horas de la tarde estaba todo lleno de polvo nuevamente. Me mandaron a Secplac, yo fui para hablar con ellos, me dijeron que ya estaban arreglando con algo asf\u00e1ltico para quitar el polvo, pero hasta la fecha nada, de eso hace diez d\u00edas\u00bb, dijo el vecino.<\/p>\n<p><span style=\"color: #ff0000;\"><strong>SECPLAC RESPONDE<\/strong><\/span><br \/>\nLas c\u00e1maras de Diario El Trabajo visitaron el sector mencionado, en donde pudimos confirmar la situaci\u00f3n denunciada por don Marco. Ante este reclamo buscamos respuestas de Claudio Paredes, Secplac del Municipio: \u00abHace alg\u00fan tiempo los vecinos del sector plantearon al alcalde la dificultad de acceso, principalmente hacia el Cesfam de gran parte de la poblaci\u00f3n de las villas Escuadra, Argelia y zona norte. Por ello, la administraci\u00f3n hizo gestiones y adquiri\u00f3 una propiedad que demoli\u00f3 para generar un paso semiformal, para tr\u00e1nsito de veh\u00edculos y personas, como prolongaci\u00f3n de Avenida Chile. La municipalidad desarroll\u00f3 el dise\u00f1o de ingenier\u00eda de dicha calle para pavimentarla, pero lamentablemente no se puede materializar sin contar con parte del terreno de la vivienda adyacente, el que le proporcionar\u00eda el espacio suficiente para el radio de giro de los veh\u00edculos. El Departamento Jur\u00eddico se encuentra en tramitaci\u00f3n con los due\u00f1os por la porci\u00f3n de terreno faltante para materializar la obra, en cuanto a lo planteado por el vecino, la municipalidad aportar\u00e1 a la calle una cantidad de maicillo que evita que se levante polvo y un riego en cami\u00f3n aljibe\u00bb, dijo Paredes a nuestro medio.<br \/>\n<strong>Roberto Gonz\u00e1lez Short<\/strong><\/p>\n<figure id=\"attachment_85507\" aria-describedby=\"caption-attachment-85507\" style=\"width: 579px\" class=\"wp-caption alignnone\"><img data-recalc-dims=\"1\" loading=\"lazy\" decoding=\"async\" class=\"size-full wp-image-85507\" src=\"https:\/\/i0.wp.com\/www.eltrabajo.cl\/2017\/wp-content\/uploads\/2018\/03\/Polvo1.jpg?resize=579%2C384\" alt=\"COMIENDO POLVO.- As\u00ed luce este paso vehicular cada vez que transita un veh\u00edculo, el polvo que se genera se lo tienen que comer los vecinos.\" width=\"579\" height=\"384\" srcset=\"https:\/\/i0.wp.com\/eltrabajo.cl\/portal\/wp-content\/uploads\/2018\/03\/Polvo1.jpg?w=579&amp;ssl=1 579w, https:\/\/i0.wp.com\/eltrabajo.cl\/portal\/wp-content\/uploads\/2018\/03\/Polvo1.jpg?resize=200%2C133&amp;ssl=1 200w, https:\/\/i0.wp.com\/eltrabajo.cl\/portal\/wp-content\/uploads\/2018\/03\/Polvo1.jpg?resize=300%2C199&amp;ssl=1 300w, https:\/\/i0.wp.com\/eltrabajo.cl\/portal\/wp-content\/uploads\/2018\/03\/Polvo1.jpg?resize=226%2C150&amp;ssl=1 226w, https:\/\/i0.wp.com\/eltrabajo.cl\/portal\/wp-content\/uploads\/2018\/03\/Polvo1.jpg?resize=400%2C265&amp;ssl=1 400w\" sizes=\"auto, (max-width: 579px) 100vw, 579px\" \/><figcaption id=\"caption-attachment-85507\" class=\"wp-caption-text\">COMIENDO POLVO.- As\u00ed luce este paso vehicular cada vez que transita un veh\u00edculo, el polvo que se genera se lo tienen que comer los vecinos.<\/figcaption><\/figure>\n<figure id=\"attachment_85508\" aria-describedby=\"caption-attachment-85508\" style=\"width: 578px\" class=\"wp-caption alignnone\"><img data-recalc-dims=\"1\" loading=\"lazy\" decoding=\"async\" class=\"size-full wp-image-85508\" src=\"https:\/\/i0.wp.com\/www.eltrabajo.cl\/2017\/wp-content\/uploads\/2018\/03\/Polvo2.jpg?resize=578%2C386\" alt=\"USAR\u00c1N MAICILLO.- El Municipio asegura que en lugar de esta tierra, se colocar\u00e1 maicillo para evitar el polvo, adem\u00e1s de riegos de agua con un cami\u00f3n aljibe.\" width=\"578\" height=\"386\" srcset=\"https:\/\/i0.wp.com\/eltrabajo.cl\/portal\/wp-content\/uploads\/2018\/03\/Polvo2.jpg?w=578&amp;ssl=1 578w, https:\/\/i0.wp.com\/eltrabajo.cl\/portal\/wp-content\/uploads\/2018\/03\/Polvo2.jpg?resize=200%2C134&amp;ssl=1 200w, https:\/\/i0.wp.com\/eltrabajo.cl\/portal\/wp-content\/uploads\/2018\/03\/Polvo2.jpg?resize=300%2C200&amp;ssl=1 300w, https:\/\/i0.wp.com\/eltrabajo.cl\/portal\/wp-content\/uploads\/2018\/03\/Polvo2.jpg?resize=225%2C150&amp;ssl=1 225w, https:\/\/i0.wp.com\/eltrabajo.cl\/portal\/wp-content\/uploads\/2018\/03\/Polvo2.jpg?resize=400%2C267&amp;ssl=1 400w\" sizes=\"auto, (max-width: 578px) 100vw, 578px\" \/><figcaption id=\"caption-attachment-85508\" class=\"wp-caption-text\">USAR\u00c1N MAICILLO.- El Municipio asegura que en lugar de esta tierra, se colocar\u00e1 maicillo para evitar el polvo, adem\u00e1s de riegos de agua con un cami\u00f3n aljibe.<\/figcaption><\/figure>\n<figure id=\"attachment_85509\" aria-describedby=\"caption-attachment-85509\" style=\"width: 579px\" class=\"wp-caption alignnone\"><img data-recalc-dims=\"1\" loading=\"lazy\" decoding=\"async\" class=\"size-full wp-image-85509\" src=\"https:\/\/i0.wp.com\/www.eltrabajo.cl\/2017\/wp-content\/uploads\/2018\/03\/claudio-paredes.jpg?resize=579%2C386\" alt=\"Claudio Paredes, Secpla de San Felipe.\" width=\"579\" height=\"386\" srcset=\"https:\/\/i0.wp.com\/eltrabajo.cl\/portal\/wp-content\/uploads\/2018\/03\/claudio-paredes.jpg?w=579&amp;ssl=1 579w, https:\/\/i0.wp.com\/eltrabajo.cl\/portal\/wp-content\/uploads\/2018\/03\/claudio-paredes.jpg?resize=200%2C133&amp;ssl=1 200w, https:\/\/i0.wp.com\/eltrabajo.cl\/portal\/wp-content\/uploads\/2018\/03\/claudio-paredes.jpg?resize=300%2C200&amp;ssl=1 300w, https:\/\/i0.wp.com\/eltrabajo.cl\/portal\/wp-content\/uploads\/2018\/03\/claudio-paredes.jpg?resize=225%2C150&amp;ssl=1 225w, https:\/\/i0.wp.com\/eltrabajo.cl\/portal\/wp-content\/uploads\/2018\/03\/claudio-paredes.jpg?resize=400%2C267&amp;ssl=1 400w\" sizes=\"auto, (max-width: 579px) 100vw, 579px\" \/><figcaption id=\"caption-attachment-85509\" class=\"wp-caption-text\">Claudio Paredes, Secpla de San Felipe.<\/figcaption><\/figure>\n","protected":false},"excerpt":{"rendered":"<p>Vecino Marco Rivera reclama falta de pavimento en Avenida Chile: Hace varios a\u00f1os fue habilitado un paso entre Avenida Chile y Abraham Ahumada, lo que permiti\u00f3 a los conductores evitar tener que&#8230;<\/p>\n","protected":false},"author":1,"featured_media":85507,"comment_status":"closed","ping_status":"open","sticky":false,"template":"","format":"standard","meta":{"advanced_seo_description":"","jetpack_seo_html_title":"","jetpack_seo_noindex":false,"_jetpack_memberships_contains_paid_content":false,"footnotes":""},"categories":[15],"tags":[],"class_list":["post-85505","post","type-post","status-publish","format-standard","has-post-thumbnail","hentry","category-comunidad"],"jetpack_featured_media_url":"https:\/\/i0.wp.com\/eltrabajo.cl\/portal\/wp-content\/uploads\/2018\/03\/Polvo1.jpg?fit=579%2C384&ssl=1","jetpack_sharing_enabled":true,"jetpack_likes_enabled":true,"jetpack-related-posts":[],"_links":{"self":[{"href":"https:\/\/eltrabajo.cl\/portal\/wp-json\/wp\/v2\/posts\/85505","targetHints":{"allow":["GET"]}}],"collection":[{"href":"https:\/\/eltrabajo.cl\/portal\/wp-json\/wp\/v2\/posts"}],"about":[{"href":"https:\/\/eltrabajo.cl\/portal\/wp-json\/wp\/v2\/types\/post"}],"author":[{"embeddable":true,"href":"https:\/\/eltrabajo.cl\/portal\/wp-json\/wp\/v2\/users\/1"}],"replies":[{"embeddable":true,"href":"https:\/\/eltrabajo.cl\/portal\/wp-json\/wp\/v2\/comments?post=85505"}],"version-history":[{"count":0,"href":"https:\/\/eltrabajo.cl\/portal\/wp-json\/wp\/v2\/posts\/85505\/revisions"}],"wp:featuredmedia":[{"embeddable":true,"href":"https:\/\/eltrabajo.cl\/portal\/wp-json\/wp\/v2\/media\/85507"}],"wp:attachment":[{"href":"https:\/\/eltrabajo.cl\/portal\/wp-json\/wp\/v2\/media?parent=85505"}],"wp:term":[{"taxonomy":"category","embeddable":true,"href":"https:\/\/eltrabajo.cl\/portal\/wp-json\/wp\/v2\/categories?post=85505"},{"taxonomy":"post_tag","embeddable":true,"href":"https:\/\/eltrabajo.cl\/portal\/wp-json\/wp\/v2\/tags?post=85505"}],"curies":[{"name":"wp","href":"https:\/\/api.w.org\/{rel}","templated":true}]}}