{"id":85511,"date":"2018-03-28T05:03:05","date_gmt":"2018-03-28T09:03:05","guid":{"rendered":"http:\/\/www.eltrabajo.cl\/2017\/?p=85511"},"modified":"2018-03-28T05:03:05","modified_gmt":"2018-03-28T09:03:05","slug":"cinco-personas-atrapadas-en-ascensor-de-la-gobernacion-de-san-felipe","status":"publish","type":"post","link":"https:\/\/eltrabajo.cl\/portal\/cinco-personas-atrapadas-en-ascensor-de-la-gobernacion-de-san-felipe\/","title":{"rendered":"Cinco personas atrapadas en ascensor de la Gobernaci\u00f3n de San Felipe"},"content":{"rendered":"<figure id=\"attachment_85514\" aria-describedby=\"caption-attachment-85514\" style=\"width: 580px\" class=\"wp-caption alignnone\"><img data-recalc-dims=\"1\" loading=\"lazy\" decoding=\"async\" class=\"size-full wp-image-85514\" src=\"https:\/\/i0.wp.com\/www.eltrabajo.cl\/2017\/wp-content\/uploads\/2018\/03\/portadilla-Ascensor-2.jpg?resize=580%2C451\" alt=\"Personal de Bomberos y la gobernaci\u00f3n provincial de San Felipe realizando acciones para abrir la puerta del ascensor.\" width=\"580\" height=\"451\" srcset=\"https:\/\/i0.wp.com\/eltrabajo.cl\/portal\/wp-content\/uploads\/2018\/03\/portadilla-Ascensor-2.jpg?w=580&amp;ssl=1 580w, https:\/\/i0.wp.com\/eltrabajo.cl\/portal\/wp-content\/uploads\/2018\/03\/portadilla-Ascensor-2.jpg?resize=193%2C150&amp;ssl=1 193w, https:\/\/i0.wp.com\/eltrabajo.cl\/portal\/wp-content\/uploads\/2018\/03\/portadilla-Ascensor-2.jpg?resize=300%2C233&amp;ssl=1 300w, https:\/\/i0.wp.com\/eltrabajo.cl\/portal\/wp-content\/uploads\/2018\/03\/portadilla-Ascensor-2.jpg?resize=400%2C311&amp;ssl=1 400w\" sizes=\"auto, (max-width: 580px) 100vw, 580px\" \/><figcaption id=\"caption-attachment-85514\" class=\"wp-caption-text\">Personal de Bomberos y la gobernaci\u00f3n provincial de San Felipe realizando acciones para abrir la puerta del ascensor.<\/figcaption><\/figure>\n<p>Momentos de tensi\u00f3n se vivieron ayer durante la ma\u00f1ana en el edificio de la Gobernaci\u00f3n de San Felipe, luego que cinco personas, un hombre y cuatro mujeres, quedaran atrapadas en uno de los ascensores.<br \/>\nTras dar aviso a Bomberos lleg\u00f3 personal de esa instituci\u00f3n que junto a funcionarios de la misma Gobernaci\u00f3n comenzaron a realizar diferentes maniobras para poder destrabar el ascensor y de esa manera abrir la puerta y permitir que las personas pudieran salir.<br \/>\nPasado varios minutos y usando herramientas especiales, el personal y bomberos lograron finalmente abrir la puerta para poder sacar a las personas que estaban medianamente desesperadas por el espacio donde estaban, junto con ello la alta temperatura que sent\u00edan al interior.<br \/>\nUna de las personas atrapadas fue V\u00edctor Caballero, conocido maestro de artes marciales de San Felipe, quien dijo al salir que se encontraba bien, un poco desesperado por el calor que se produce, \u201cpero estamos bien, las mujeres igual, de todas maneras con ellas hay que tener m\u00e1s cuidado, pero en general bien; eso debo reconocer que se debiera contar con un sistema de aireaci\u00f3n al interior, porque en este caso \u00e9ramos cinco personas, yo y cuatro mujeres, y se notaba la falta de aireaci\u00f3n en el interior, pero reitero, todo bien, estamos todos bien\u201d, dijo V\u00edctor Caballero.<br \/>\nUna de las mujeres tambi\u00e9n concord\u00f3 en la falta de un sistema de aireaci\u00f3n: \u201cHace mucho calor adentro, pero estamos bien\u201d, finaliz\u00f3.<br \/>\nCabe destacar que no fue necesaria la presencia de otros organismos de emergencia como el Samu, pues bast\u00f3 con Bomberos y la ayuda de los mismos funcionarios de la Gobernaci\u00f3n para poder asistir en estasituaci\u00f3n, por lo que una vez superada la emergencia todos se retiraron a la espera ahora de poder reparar el ascensor, porque debido a los esfuerzos para abrirlo sufri\u00f3 algunos da\u00f1os.<br \/>\nHace un a\u00f1o m\u00e1s o menos, tambi\u00e9n una persona qued\u00f3 atrapada en unos de los ascensores, era al parecer una funcionaria de una de las dependencias que funcionan en el mismo edificio.<br \/>\nRecordar que los ascensores son pr\u00e1cticamente nuevos.<br \/>\nEl ascensor qued\u00f3 atascado en el cuarto piso del edificio de la Gobernaci\u00f3n.<\/p>\n<figure id=\"attachment_85512\" aria-describedby=\"caption-attachment-85512\" style=\"width: 579px\" class=\"wp-caption alignnone\"><img data-recalc-dims=\"1\" loading=\"lazy\" decoding=\"async\" class=\"size-full wp-image-85512\" src=\"https:\/\/i0.wp.com\/www.eltrabajo.cl\/2017\/wp-content\/uploads\/2018\/03\/Ascensor-2.jpg?resize=579%2C888\" alt=\"Personal de Bomberos y la gobernaci\u00f3n provincial de San Felipe realizando acciones para abrir la puerta del ascensor.\" width=\"579\" height=\"888\" srcset=\"https:\/\/i0.wp.com\/eltrabajo.cl\/portal\/wp-content\/uploads\/2018\/03\/Ascensor-2.jpg?w=579&amp;ssl=1 579w, https:\/\/i0.wp.com\/eltrabajo.cl\/portal\/wp-content\/uploads\/2018\/03\/Ascensor-2.jpg?resize=98%2C150&amp;ssl=1 98w, https:\/\/i0.wp.com\/eltrabajo.cl\/portal\/wp-content\/uploads\/2018\/03\/Ascensor-2.jpg?resize=196%2C300&amp;ssl=1 196w, https:\/\/i0.wp.com\/eltrabajo.cl\/portal\/wp-content\/uploads\/2018\/03\/Ascensor-2.jpg?resize=400%2C613&amp;ssl=1 400w\" sizes=\"auto, (max-width: 579px) 100vw, 579px\" \/><figcaption id=\"caption-attachment-85512\" class=\"wp-caption-text\">Personal de Bomberos y la gobernaci\u00f3n provincial de San Felipe realizando acciones para abrir la puerta del ascensor.<\/figcaption><\/figure>\n<figure id=\"attachment_85513\" aria-describedby=\"caption-attachment-85513\" style=\"width: 580px\" class=\"wp-caption alignnone\"><img data-recalc-dims=\"1\" loading=\"lazy\" decoding=\"async\" class=\"size-full wp-image-85513\" src=\"https:\/\/i0.wp.com\/www.eltrabajo.cl\/2017\/wp-content\/uploads\/2018\/03\/Ascensor.jpg?resize=580%2C784\" alt=\"El momento en que por fin logran abrir la puerta del ascensor, donde se puede apreciar a V\u00edctor Caballero.\" width=\"580\" height=\"784\" srcset=\"https:\/\/i0.wp.com\/eltrabajo.cl\/portal\/wp-content\/uploads\/2018\/03\/Ascensor.jpg?w=580&amp;ssl=1 580w, https:\/\/i0.wp.com\/eltrabajo.cl\/portal\/wp-content\/uploads\/2018\/03\/Ascensor.jpg?resize=111%2C150&amp;ssl=1 111w, https:\/\/i0.wp.com\/eltrabajo.cl\/portal\/wp-content\/uploads\/2018\/03\/Ascensor.jpg?resize=222%2C300&amp;ssl=1 222w, https:\/\/i0.wp.com\/eltrabajo.cl\/portal\/wp-content\/uploads\/2018\/03\/Ascensor.jpg?resize=400%2C541&amp;ssl=1 400w\" sizes=\"auto, (max-width: 580px) 100vw, 580px\" \/><figcaption id=\"caption-attachment-85513\" class=\"wp-caption-text\">El momento en que por fin logran abrir la puerta del ascensor, donde se puede apreciar a V\u00edctor Caballero.<\/figcaption><\/figure>\n","protected":false},"excerpt":{"rendered":"<p>Momentos de tensi\u00f3n se vivieron ayer durante la ma\u00f1ana en el edificio de la Gobernaci\u00f3n de San Felipe, luego que cinco personas, un hombre y cuatro mujeres, quedaran atrapadas en uno de&#8230;<\/p>\n","protected":false},"author":1,"featured_media":85514,"comment_status":"closed","ping_status":"open","sticky":false,"template":"","format":"standard","meta":{"advanced_seo_description":"","jetpack_seo_html_title":"","jetpack_seo_noindex":false,"_jetpack_memberships_contains_paid_content":false,"footnotes":""},"categories":[1],"tags":[],"class_list":["post-85511","post","type-post","status-publish","format-standard","has-post-thumbnail","hentry","category-cronica"],"jetpack_featured_media_url":"https:\/\/i0.wp.com\/eltrabajo.cl\/portal\/wp-content\/uploads\/2018\/03\/portadilla-Ascensor-2.jpg?fit=580%2C451&ssl=1","jetpack_sharing_enabled":true,"jetpack_likes_enabled":true,"jetpack-related-posts":[],"_links":{"self":[{"href":"https:\/\/eltrabajo.cl\/portal\/wp-json\/wp\/v2\/posts\/85511","targetHints":{"allow":["GET"]}}],"collection":[{"href":"https:\/\/eltrabajo.cl\/portal\/wp-json\/wp\/v2\/posts"}],"about":[{"href":"https:\/\/eltrabajo.cl\/portal\/wp-json\/wp\/v2\/types\/post"}],"author":[{"embeddable":true,"href":"https:\/\/eltrabajo.cl\/portal\/wp-json\/wp\/v2\/users\/1"}],"replies":[{"embeddable":true,"href":"https:\/\/eltrabajo.cl\/portal\/wp-json\/wp\/v2\/comments?post=85511"}],"version-history":[{"count":0,"href":"https:\/\/eltrabajo.cl\/portal\/wp-json\/wp\/v2\/posts\/85511\/revisions"}],"wp:featuredmedia":[{"embeddable":true,"href":"https:\/\/eltrabajo.cl\/portal\/wp-json\/wp\/v2\/media\/85514"}],"wp:attachment":[{"href":"https:\/\/eltrabajo.cl\/portal\/wp-json\/wp\/v2\/media?parent=85511"}],"wp:term":[{"taxonomy":"category","embeddable":true,"href":"https:\/\/eltrabajo.cl\/portal\/wp-json\/wp\/v2\/categories?post=85511"},{"taxonomy":"post_tag","embeddable":true,"href":"https:\/\/eltrabajo.cl\/portal\/wp-json\/wp\/v2\/tags?post=85511"}],"curies":[{"name":"wp","href":"https:\/\/api.w.org\/{rel}","templated":true}]}}