{"id":85530,"date":"2018-03-29T05:01:35","date_gmt":"2018-03-29T09:01:35","guid":{"rendered":"http:\/\/www.eltrabajo.cl\/2017\/?p=85530"},"modified":"2018-03-29T05:01:35","modified_gmt":"2018-03-29T09:01:35","slug":"retiro-de-basura-funcionara-con-normalidad-durante-semana-santa","status":"publish","type":"post","link":"https:\/\/eltrabajo.cl\/portal\/retiro-de-basura-funcionara-con-normalidad-durante-semana-santa\/","title":{"rendered":"Retiro de basura funcionar\u00e1 con normalidad durante Semana Santa"},"content":{"rendered":"<figure id=\"attachment_85531\" aria-describedby=\"caption-attachment-85531\" style=\"width: 580px\" class=\"wp-caption alignnone\"><img data-recalc-dims=\"1\" loading=\"lazy\" decoding=\"async\" class=\"size-full wp-image-85531\" src=\"https:\/\/i0.wp.com\/www.eltrabajo.cl\/2017\/wp-content\/uploads\/2018\/03\/retiro-basura.jpg?resize=580%2C400\" alt=\"El Municipio inform\u00f3 que el retiro de residuos domiciliarios funcionar\u00e1 normalmente durante todo el fin de semana largo, excepto el s\u00e1bado que se adelantar\u00e1 en una hora. \" width=\"580\" height=\"400\" srcset=\"https:\/\/i0.wp.com\/eltrabajo.cl\/portal\/wp-content\/uploads\/2018\/03\/retiro-basura.jpg?w=580&amp;ssl=1 580w, https:\/\/i0.wp.com\/eltrabajo.cl\/portal\/wp-content\/uploads\/2018\/03\/retiro-basura.jpg?resize=200%2C138&amp;ssl=1 200w, https:\/\/i0.wp.com\/eltrabajo.cl\/portal\/wp-content\/uploads\/2018\/03\/retiro-basura.jpg?resize=300%2C207&amp;ssl=1 300w, https:\/\/i0.wp.com\/eltrabajo.cl\/portal\/wp-content\/uploads\/2018\/03\/retiro-basura.jpg?resize=218%2C150&amp;ssl=1 218w, https:\/\/i0.wp.com\/eltrabajo.cl\/portal\/wp-content\/uploads\/2018\/03\/retiro-basura.jpg?resize=400%2C276&amp;ssl=1 400w\" sizes=\"auto, (max-width: 580px) 100vw, 580px\" \/><figcaption id=\"caption-attachment-85531\" class=\"wp-caption-text\">El Municipio inform\u00f3 que el retiro de residuos domiciliarios funcionar\u00e1 normalmente durante todo el fin de semana largo, excepto el s\u00e1bado que se adelantar\u00e1 en una hora.<\/figcaption><\/figure>\n<ul>\n<li><span style=\"color: #ff0000;\"><strong>Desde la Dipma informaron que el servicio de recolecci\u00f3n solo se alterar\u00e1 el domingo, el que se adelantar\u00e1 en una hora.<\/strong><\/span><\/li>\n<\/ul>\n<p>La Direcci\u00f3n de Protecci\u00f3n del Medio Ambiente (Dipma) de la Municipalidad de San Felipe, inform\u00f3 a la comunidad que el retiro de residuos domiciliarios durante los d\u00edas viernes 30 y s\u00e1bado 31 de marzo (feriados por celebraci\u00f3n de Semana Santa) se realizar\u00e1 de manera normal en la comuna. La \u00fanica modificaci\u00f3n ocurrir\u00e1 el s\u00e1bado 1 de abril, cuando el servicio se adelante en una hora, es decir, a partir de las 18.00 horas, horario que se mantendr\u00e1 vigente para el resto del a\u00f1o.<br \/>\nAs\u00ed lo inform\u00f3 Jacqueline Aguilar, Directora de la Dipma, quien afirm\u00f3 que \u00abla \u00fanica salvedad que tendremos, que iniciar\u00e1 este s\u00e1bado pero que se mantendr\u00e1 implementado para todos los s\u00e1bados, es que el retiro nocturno que antes iniciaba a las 19.00 horas, se adelantar\u00e1 en una hora\u00bb.<br \/>\nAsimismo, la profesional agreg\u00f3 que esta decisi\u00f3n se tom\u00f3 para mantener la calidad del servicio debido al aumento del volumen de basura en la comuna.<\/p>\n","protected":false},"excerpt":{"rendered":"<p>Desde la Dipma informaron que el servicio de recolecci\u00f3n solo se alterar\u00e1 el domingo, el que se adelantar\u00e1 en una hora. La Direcci\u00f3n de Protecci\u00f3n del Medio Ambiente (Dipma) de la Municipalidad&#8230;<\/p>\n","protected":false},"author":1,"featured_media":85531,"comment_status":"open","ping_status":"open","sticky":false,"template":"","format":"standard","meta":{"advanced_seo_description":"","jetpack_seo_html_title":"","jetpack_seo_noindex":false,"_jetpack_memberships_contains_paid_content":false,"footnotes":""},"categories":[1],"tags":[],"class_list":["post-85530","post","type-post","status-publish","format-standard","has-post-thumbnail","hentry","category-cronica"],"jetpack_featured_media_url":"https:\/\/i0.wp.com\/eltrabajo.cl\/portal\/wp-content\/uploads\/2018\/03\/retiro-basura.jpg?fit=580%2C400&ssl=1","jetpack_sharing_enabled":true,"jetpack_likes_enabled":true,"jetpack-related-posts":[],"_links":{"self":[{"href":"https:\/\/eltrabajo.cl\/portal\/wp-json\/wp\/v2\/posts\/85530","targetHints":{"allow":["GET"]}}],"collection":[{"href":"https:\/\/eltrabajo.cl\/portal\/wp-json\/wp\/v2\/posts"}],"about":[{"href":"https:\/\/eltrabajo.cl\/portal\/wp-json\/wp\/v2\/types\/post"}],"author":[{"embeddable":true,"href":"https:\/\/eltrabajo.cl\/portal\/wp-json\/wp\/v2\/users\/1"}],"replies":[{"embeddable":true,"href":"https:\/\/eltrabajo.cl\/portal\/wp-json\/wp\/v2\/comments?post=85530"}],"version-history":[{"count":0,"href":"https:\/\/eltrabajo.cl\/portal\/wp-json\/wp\/v2\/posts\/85530\/revisions"}],"wp:featuredmedia":[{"embeddable":true,"href":"https:\/\/eltrabajo.cl\/portal\/wp-json\/wp\/v2\/media\/85531"}],"wp:attachment":[{"href":"https:\/\/eltrabajo.cl\/portal\/wp-json\/wp\/v2\/media?parent=85530"}],"wp:term":[{"taxonomy":"category","embeddable":true,"href":"https:\/\/eltrabajo.cl\/portal\/wp-json\/wp\/v2\/categories?post=85530"},{"taxonomy":"post_tag","embeddable":true,"href":"https:\/\/eltrabajo.cl\/portal\/wp-json\/wp\/v2\/tags?post=85530"}],"curies":[{"name":"wp","href":"https:\/\/api.w.org\/{rel}","templated":true}]}}