{"id":85533,"date":"2018-03-29T05:02:06","date_gmt":"2018-03-29T09:02:06","guid":{"rendered":"http:\/\/www.eltrabajo.cl\/2017\/?p=85533"},"modified":"2018-03-29T05:02:06","modified_gmt":"2018-03-29T09:02:06","slug":"este-domingo-evento-tunning-para-pagar-deuda-hospitalaria-a-nina-de-4-anos","status":"publish","type":"post","link":"https:\/\/eltrabajo.cl\/portal\/este-domingo-evento-tunning-para-pagar-deuda-hospitalaria-a-nina-de-4-anos\/","title":{"rendered":"Este domingo evento tunning para pagar deuda hospitalaria a ni\u00f1a de 4 a\u00f1os"},"content":{"rendered":"<figure id=\"attachment_85534\" aria-describedby=\"caption-attachment-85534\" style=\"width: 580px\" class=\"wp-caption alignnone\"><img data-recalc-dims=\"1\" loading=\"lazy\" decoding=\"async\" class=\"size-full wp-image-85534\" src=\"https:\/\/i0.wp.com\/www.eltrabajo.cl\/2017\/wp-content\/uploads\/2018\/03\/Leonor-2.jpg?resize=580%2C399\" alt=\"Ac\u00e1 vemos a Leonor Contreras Reinoso, posando para nuestros medio.\" width=\"580\" height=\"399\" srcset=\"https:\/\/i0.wp.com\/eltrabajo.cl\/portal\/wp-content\/uploads\/2018\/03\/Leonor-2.jpg?w=580&amp;ssl=1 580w, https:\/\/i0.wp.com\/eltrabajo.cl\/portal\/wp-content\/uploads\/2018\/03\/Leonor-2.jpg?resize=200%2C138&amp;ssl=1 200w, https:\/\/i0.wp.com\/eltrabajo.cl\/portal\/wp-content\/uploads\/2018\/03\/Leonor-2.jpg?resize=300%2C206&amp;ssl=1 300w, https:\/\/i0.wp.com\/eltrabajo.cl\/portal\/wp-content\/uploads\/2018\/03\/Leonor-2.jpg?resize=218%2C150&amp;ssl=1 218w, https:\/\/i0.wp.com\/eltrabajo.cl\/portal\/wp-content\/uploads\/2018\/03\/Leonor-2.jpg?resize=400%2C275&amp;ssl=1 400w\" sizes=\"auto, (max-width: 580px) 100vw, 580px\" \/><figcaption id=\"caption-attachment-85534\" class=\"wp-caption-text\">Ac\u00e1 vemos a Leonor Contreras Reinoso, posando para nuestros medio.<\/figcaption><\/figure>\n<ul>\n<li><span style=\"color: #ff0000;\"><strong>Tratamiento de hidrocefalia:<\/strong><\/span><\/li>\n<\/ul>\n<p>Un mill\u00f3n y medio de pesos deben juntar los familiares de la menor Leonor Contreras Reinoso, de 4 a\u00f1os de edad, para poder costear los gastos m\u00e9dicos en que incurrieron para poder tratar la hidrocefalia que padece.<br \/>\nPara ello este domingo 1 de abril, en la cancha San Alfonso en el sector de Casas Chicas de Quilpu\u00e9, pasada la Chicher\u00eda Martel, se realizar\u00e1 un evento tunning para reunir fondos.<br \/>\nSu t\u00edo Danilo Contreras dijo que habr\u00e1 juegos inflables, comida y mucha entretenci\u00f3n: \u201cEs un d\u00eda para compartir, van a estar los mimos que se paran en la intersecci\u00f3n de las avenidas Chacabuco con Yungay, no solo va a ser una actividad de auto, sino tambi\u00e9n para grandes y chicos. Esto lo vamos a realizar desde las once de la ma\u00f1ana hasta las ocho de la tarde. Tambi\u00e9n vamos a tener stand de comidas, completos, papas fritas, todo los que se pueda vender. La invitaci\u00f3n es a pasarla bien y cooperar con mi sobrina y de esa manera poder pagar la deuda hospitalaria que asciende a un mill\u00f3n y medio de pesos\u201d, indic\u00f3.<br \/>\nDanilo Contreras aprovech\u00f3 esta instancia para agradecer a Relojer\u00eda Don Lalo, por haberles ofrecido trofeos a precio costo; a Luis Caro, quien es el encargado de armar todo el evento tunning, y a todos los familiares, amigos, a los amigos de los colectivos que los han ayudado: \u201cAhora esperar que llegue mucha gente a este evento, vamos a cobrar una entrada como se hace en los eventos de tunning, se cobra por categor\u00eda, y a la gente que quiere ir a ver los autos se va a cobrar mil pesos si quieren entrar a pie y en exposici\u00f3n de autos son tres mil pesos, pero la idea de todo esto es juntar dinero nada m\u00e1s que eso para ayudar a mi hermano a pagar la deuda que le qued\u00f3 en el hospital que es de un mill\u00f3n y medio. Esperamos que alguna asistente social del Servicio de Salud se ponga la mano en el coraz\u00f3n y nos achique la deuda\u201d, indic\u00f3.<br \/>\nLeonor Contreras dijo que su hija naci\u00f3 con una hidrocefalia, siendo operada el mismo d\u00eda, y ya al mes le pusieron su primera v\u00e1lvula en su cerebro para evitar que se agrandara.<br \/>\nActualmente est\u00e1 con sus padres luego de haber estado hospitalizada.<br \/>\nUnas semanas atr\u00e1s tambi\u00e9n se hizo una venta de almuerzos, donde se juntaron m\u00e1s de seiscientos mil pesos.<br \/>\nLa familia aprovech\u00f3 para agradecer a Diario El Trabajo y Radio Aconcagua por la buena voluntad de difundir ambas actividades.<\/p>\n<figure id=\"attachment_85535\" aria-describedby=\"caption-attachment-85535\" style=\"width: 580px\" class=\"wp-caption alignnone\"><img data-recalc-dims=\"1\" loading=\"lazy\" decoding=\"async\" class=\"size-full wp-image-85535\" src=\"https:\/\/i0.wp.com\/www.eltrabajo.cl\/2017\/wp-content\/uploads\/2018\/03\/Leonor-y-padres.jpg?resize=580%2C399\" alt=\"Leonor junto a sus padres Mar\u00eda Reinoso y H\u00e9ctor Contreras Villarreal.\" width=\"580\" height=\"399\" srcset=\"https:\/\/i0.wp.com\/eltrabajo.cl\/portal\/wp-content\/uploads\/2018\/03\/Leonor-y-padres.jpg?w=580&amp;ssl=1 580w, https:\/\/i0.wp.com\/eltrabajo.cl\/portal\/wp-content\/uploads\/2018\/03\/Leonor-y-padres.jpg?resize=200%2C138&amp;ssl=1 200w, https:\/\/i0.wp.com\/eltrabajo.cl\/portal\/wp-content\/uploads\/2018\/03\/Leonor-y-padres.jpg?resize=300%2C206&amp;ssl=1 300w, https:\/\/i0.wp.com\/eltrabajo.cl\/portal\/wp-content\/uploads\/2018\/03\/Leonor-y-padres.jpg?resize=218%2C150&amp;ssl=1 218w, https:\/\/i0.wp.com\/eltrabajo.cl\/portal\/wp-content\/uploads\/2018\/03\/Leonor-y-padres.jpg?resize=400%2C275&amp;ssl=1 400w\" sizes=\"auto, (max-width: 580px) 100vw, 580px\" \/><figcaption id=\"caption-attachment-85535\" class=\"wp-caption-text\">Leonor junto a sus padres Mar\u00eda Reinoso y H\u00e9ctor Contreras Villarreal.<\/figcaption><\/figure>\n<figure id=\"attachment_85536\" aria-describedby=\"caption-attachment-85536\" style=\"width: 580px\" class=\"wp-caption alignnone\"><img data-recalc-dims=\"1\" loading=\"lazy\" decoding=\"async\" class=\"size-full wp-image-85536\" src=\"https:\/\/i0.wp.com\/www.eltrabajo.cl\/2017\/wp-content\/uploads\/2018\/03\/Logo.jpg?resize=580%2C601\" alt=\"Este es el logo del evento tunning.\" width=\"580\" height=\"601\" srcset=\"https:\/\/i0.wp.com\/eltrabajo.cl\/portal\/wp-content\/uploads\/2018\/03\/Logo.jpg?w=580&amp;ssl=1 580w, https:\/\/i0.wp.com\/eltrabajo.cl\/portal\/wp-content\/uploads\/2018\/03\/Logo.jpg?resize=145%2C150&amp;ssl=1 145w, https:\/\/i0.wp.com\/eltrabajo.cl\/portal\/wp-content\/uploads\/2018\/03\/Logo.jpg?resize=290%2C300&amp;ssl=1 290w, https:\/\/i0.wp.com\/eltrabajo.cl\/portal\/wp-content\/uploads\/2018\/03\/Logo.jpg?resize=400%2C414&amp;ssl=1 400w\" sizes=\"auto, (max-width: 580px) 100vw, 580px\" \/><figcaption id=\"caption-attachment-85536\" class=\"wp-caption-text\">Este es el logo del evento tunning.<\/figcaption><\/figure>\n","protected":false},"excerpt":{"rendered":"<p>Tratamiento de hidrocefalia: Un mill\u00f3n y medio de pesos deben juntar los familiares de la menor Leonor Contreras Reinoso, de 4 a\u00f1os de edad, para poder costear los gastos m\u00e9dicos en que&#8230;<\/p>\n","protected":false},"author":1,"featured_media":85534,"comment_status":"open","ping_status":"open","sticky":false,"template":"","format":"standard","meta":{"advanced_seo_description":"","jetpack_seo_html_title":"","jetpack_seo_noindex":false,"_jetpack_memberships_contains_paid_content":false,"footnotes":""},"categories":[15],"tags":[],"class_list":["post-85533","post","type-post","status-publish","format-standard","has-post-thumbnail","hentry","category-comunidad"],"jetpack_featured_media_url":"https:\/\/i0.wp.com\/eltrabajo.cl\/portal\/wp-content\/uploads\/2018\/03\/Leonor-2.jpg?fit=580%2C399&ssl=1","jetpack_sharing_enabled":true,"jetpack_likes_enabled":true,"jetpack-related-posts":[],"_links":{"self":[{"href":"https:\/\/eltrabajo.cl\/portal\/wp-json\/wp\/v2\/posts\/85533","targetHints":{"allow":["GET"]}}],"collection":[{"href":"https:\/\/eltrabajo.cl\/portal\/wp-json\/wp\/v2\/posts"}],"about":[{"href":"https:\/\/eltrabajo.cl\/portal\/wp-json\/wp\/v2\/types\/post"}],"author":[{"embeddable":true,"href":"https:\/\/eltrabajo.cl\/portal\/wp-json\/wp\/v2\/users\/1"}],"replies":[{"embeddable":true,"href":"https:\/\/eltrabajo.cl\/portal\/wp-json\/wp\/v2\/comments?post=85533"}],"version-history":[{"count":0,"href":"https:\/\/eltrabajo.cl\/portal\/wp-json\/wp\/v2\/posts\/85533\/revisions"}],"wp:featuredmedia":[{"embeddable":true,"href":"https:\/\/eltrabajo.cl\/portal\/wp-json\/wp\/v2\/media\/85534"}],"wp:attachment":[{"href":"https:\/\/eltrabajo.cl\/portal\/wp-json\/wp\/v2\/media?parent=85533"}],"wp:term":[{"taxonomy":"category","embeddable":true,"href":"https:\/\/eltrabajo.cl\/portal\/wp-json\/wp\/v2\/categories?post=85533"},{"taxonomy":"post_tag","embeddable":true,"href":"https:\/\/eltrabajo.cl\/portal\/wp-json\/wp\/v2\/tags?post=85533"}],"curies":[{"name":"wp","href":"https:\/\/api.w.org\/{rel}","templated":true}]}}