{"id":85558,"date":"2018-04-02T05:00:15","date_gmt":"2018-04-02T09:00:15","guid":{"rendered":"http:\/\/www.eltrabajo.cl\/2017\/?p=85541"},"modified":"2018-12-24T18:02:03","modified_gmt":"2018-12-24T21:02:03","slug":"mas-de-5-000-personas-en-el-viacrucis-estelar-de-rinconada-de-silva","status":"publish","type":"post","link":"https:\/\/eltrabajo.cl\/portal\/mas-de-5-000-personas-en-el-viacrucis-estelar-de-rinconada-de-silva\/","title":{"rendered":"M\u00e1s de 5.000 personas en el Viacrucis estelar de Rinconada de Silva"},"content":{"rendered":"<figure id=\"attachment_85550\" aria-describedby=\"caption-attachment-85550\" style=\"width: 580px\" class=\"wp-caption alignnone\"><img data-recalc-dims=\"1\" loading=\"lazy\" decoding=\"async\" class=\"size-full wp-image-85550\" src=\"https:\/\/i0.wp.com\/www.eltrabajo.cl\/portal\/wp-content\/uploads\/2018\/04\/Viacrucis4.jpg?resize=580%2C400\" alt=\"ELENCO ESTELAR.- Ellos son el elenco general que se puli\u00f3 para desarrollar este gran montaje art\u00edstico-religioso en Rinconada de Silva.\" width=\"580\" height=\"400\" \/><figcaption id=\"caption-attachment-85550\" class=\"wp-caption-text\">ELENCO ESTELAR.- Ellos son el elenco general que se puli\u00f3 para desarrollar este gran montaje art\u00edstico-religioso en Rinconada de Silva.<\/figcaption><\/figure>\n<ul>\n<li><span style=\"color: #ff0000;\"><strong>Tradici\u00f3n religiosa cumpli\u00f3 30 a\u00f1os de realizarse en ese cerro:<\/strong><\/span><\/li>\n<\/ul>\n<p><strong>PUTAENDO.-<\/strong> Febril, intenso, argumentalmente equilibrado entre los b\u00e1sicos recursos de los que disponen y su pasi\u00f3n por honrar su fe a trav\u00e9s de la actuaci\u00f3n, as\u00ed podr\u00edamos describir el monumental escenario en el que un grupo de devotos j\u00f3venes de la Parroquia Nuestra Se\u00f1ora del Carmen de Rinconada de Silva, desarrollaron el m\u00e1s histri\u00f3nico Viacrucis a partir de las 20:30 horas en la punta del cerro en donde est\u00e1 ubicado el Cristo de Rinconada de Silva.<br \/>\nLas c\u00e1maras de Diario El Trabajo viajaron hasta el lugar para tomar registro del trabajo art\u00edstico de estos actores comunitarios, hablamos con \u2018Mar\u00eda\u2019, la Madre de Jes\u00fas; con el mismo \u2018Judas Iscariote\u2019 y tambi\u00e9n con Jes\u00fas el Cristo, adem\u00e1s de su verdugo y latigador.<\/p>\n<p><span style=\"color: #ff0000;\"><strong>JUDAS Y ORGANIZADOR<\/strong><\/span><br \/>\nOscar Garc\u00eda C\u00e1rdenas, organizador del Viacrucis estelar del Viernes Santo, coment\u00f3 a nuestro medio que \u00abes una dicha poder contarle a los lectores de Diario El Trabajo lo importante que es para nosotros el poder representar los catorce momentos de la Pasi\u00f3n, Muerte y Resurrecci\u00f3n de Jesucristo, llevamos ya 30 a\u00f1os en la Parroquia Nuestra Se\u00f1ora del Carmen de Rinconada de Silva, preparando este Montaje, la idea es justamente hacer un auto sacramental que viene de una tradici\u00f3n muy antigua, son alrededor de 29 j\u00f3venes los que nos acompa\u00f1an tras una preparaci\u00f3n que tuvimos durante varios meses, ellos ya conocen el Camino de La Cruz, y han desarrollado toda una din\u00e1mica de conocimiento tambi\u00e9n de lo que significa la Pasi\u00f3n y Muerte de Nuestro Se\u00f1or\u00bb, dijo Garc\u00eda a nuestro medio.<\/p>\n<p><span style=\"color: #ff0000;\"><strong>HUGO Y GUIDO<\/strong><\/span><br \/>\nEsta tradici\u00f3n religiosa la iniciaron hace 30 a\u00f1os los sacerdotes Guido Bertolino, italiano, y el belga Hugo Cornelissen, ambos ya fallecidos y pertenecientes a la Obra Misionera Transfiguraci\u00f3n del Se\u00f1or, en Rinconada. Los caminos hechos en el cerro para poder desarrollar obras como este Viacrucis, fueron tambi\u00e9n hechos por estos dos religiosos en su momento.<\/p>\n<p><span style=\"color: #ff0000;\"><strong>\u00c9L ES JES\u00daS<\/strong><\/span><br \/>\nMart\u00edn Gonz\u00e1lez, joven que desde hace dos a\u00f1os encarna a Jes\u00fas en esta obra, nos coment\u00f3 por su parte que \u00abpart\u00ed actuando en este Viacrucis a mis 6 a\u00f1os de edad, yo era un Extra como pueblo, gritando y agitando contra Jes\u00fas, o a favor, as\u00ed continu\u00e9 interpretando diferentes papeles dentro de lo que es la interpretaci\u00f3n\u00bb, indic\u00f3 este egresado industrialino y actual estudiante del primer a\u00f1o de Ingenier\u00eda y Medioambiente en el Duoc, de Valpara\u00edso.<br \/>\n\u00abInterpretar a Cristo es algo que me acerca un poco m\u00e1s a mi fe, es algo que me tomo muy en serio, cuando siento el peso de la cruz es bastante pesada, es muy s\u00f3lida y pesa bastante si tomamos en cuenta que es cuesta arriba durante m\u00e1s de diez estaciones, tambi\u00e9n es estresante, porque si me pasara algo, no hay reemplazo inmediato para continuar la actuaci\u00f3n, o sea, s\u00ed o s\u00ed tengo que aguantar esa cruz\u00bb, dijo Mart\u00edn Gonz\u00e1lez a Diario El Trabajo.<\/p>\n<p><span style=\"color: #ff0000;\"><strong>MAR\u00cdA V\u00cdRGEN\u00a0Y EL VERDUGO<\/strong><\/span><br \/>\nAs\u00ed tambi\u00e9n la joven Carolina Tapia Bustos (26) trabajadora social y empleada p\u00fablica, quien interpret\u00f3 a \u2018Mar\u00eda\u2019, la Madre de Jes\u00fas, nos coment\u00f3 que \u00abdesde hace 10 a\u00f1os que estoy en este grupo, empec\u00e9 con otro papel, pero ya tengo 8 a\u00f1os siendo \u2018Mar\u00eda\u2019. Agradezco a Dios esta oportunidad, porque aviva mi fe, y me perfecciono como actriz aficionada\u00bb.<br \/>\nDiario El Trabajo tambi\u00e9n pudo hablar con uno de los m\u00e1s despreciables funcionarios de los romanos, El Verdugo y flagelador de Cristo, encarnado por uno de los actores que desde que inici\u00f3 esta tradici\u00f3n en Rinconada de Silva, est\u00e1 participando con ese oscuro personaje, se trata de Miguel Garc\u00eda C\u00e1rdenas, quien nos coment\u00f3 que \u00abllevo ya 30 a\u00f1os flagelando a Jes\u00fas, es como una Manda la m\u00eda, pude ver en estos a\u00f1os c\u00f3mo la tecnolog\u00eda fue cambiando nuestro trabajo, empezamos con l\u00e1mparas de carburo, despu\u00e9s con luz a bater\u00eda de auto y ahora con la actual energ\u00eda, como curiosidad, puedo mencionar que fue en 2010 cuando m\u00e1s cantidad de personas llegaron a nuestro Viacrucis, pues el terremoto nos impact\u00f3 mucho\u00bb, dijo el actor.<br \/>\n<strong>Roberto Gonz\u00e1lez Short<\/strong><br \/>\n<strong>ENVIADO ESPECIAL<\/strong><\/p>\n<figure id=\"attachment_85542\" aria-describedby=\"caption-attachment-85542\" style=\"width: 578px\" class=\"wp-caption alignnone\"><img data-recalc-dims=\"1\" loading=\"lazy\" decoding=\"async\" class=\"size-full wp-image-85542\" src=\"https:\/\/i0.wp.com\/www.eltrabajo.cl\/portal\/wp-content\/uploads\/2018\/04\/portada-Viacrucis6.jpg?resize=578%2C351\" alt=\"MULTITUDINARIA.- M\u00e1s de 5.000 personas de todo el Valle de Aconcagua subi\u00f3 este cerro para ver impactadas el gran trabajo actoral de la Pasi\u00f3n, Muerte y Resurrecci\u00f3n de Cristo. \" width=\"578\" height=\"351\" \/><figcaption id=\"caption-attachment-85542\" class=\"wp-caption-text\">MULTITUDINARIA.- M\u00e1s de 5.000 personas de todo el Valle de Aconcagua subi\u00f3 este cerro para ver impactadas el gran trabajo actoral de la Pasi\u00f3n, Muerte y Resurrecci\u00f3n de Cristo.<\/figcaption><\/figure>\n<figure id=\"attachment_85547\" aria-describedby=\"caption-attachment-85547\" style=\"width: 580px\" class=\"wp-caption alignnone\"><img data-recalc-dims=\"1\" loading=\"lazy\" decoding=\"async\" class=\"size-full wp-image-85547\" src=\"https:\/\/i0.wp.com\/www.eltrabajo.cl\/portal\/wp-content\/uploads\/2018\/04\/Viacrucis1.jpg?resize=580%2C399\" alt=\"Y VER\u00c9IS A QUIEN TRASPASARON.- En medio de los dos b\u00edblicos ladrones y tras sufrir una dura tortura en el Monte La Calavera, as\u00ed entreg\u00f3 su vida el Cordero inmolado.\" width=\"580\" height=\"399\" \/><figcaption id=\"caption-attachment-85547\" class=\"wp-caption-text\">Y VER\u00c9IS A QUIEN TRASPASARON.- En medio de los dos b\u00edblicos ladrones y tras sufrir una dura tortura en el Monte La Calavera, as\u00ed entreg\u00f3 su vida el Cordero inmolado.<\/figcaption><\/figure>\n<figure id=\"attachment_85548\" aria-describedby=\"caption-attachment-85548\" style=\"width: 580px\" class=\"wp-caption alignnone\"><img data-recalc-dims=\"1\" loading=\"lazy\" decoding=\"async\" class=\"size-full wp-image-85548\" src=\"https:\/\/i0.wp.com\/www.eltrabajo.cl\/portal\/wp-content\/uploads\/2018\/04\/Viacrucis2.jpg?resize=580%2C400\" alt=\"DOLOROSA CORONA.- Cada detalle del relato b\u00edblico fue recreado por estos actores putaendinos en el Santo Viacrucis.\" width=\"580\" height=\"400\" \/><figcaption id=\"caption-attachment-85548\" class=\"wp-caption-text\">DOLOROSA CORONA.- Cada detalle del relato b\u00edblico fue recreado por estos actores putaendinos en el Santo Viacrucis.<\/figcaption><\/figure>\n<figure id=\"attachment_85549\" aria-describedby=\"caption-attachment-85549\" style=\"width: 580px\" class=\"wp-caption alignnone\"><img data-recalc-dims=\"1\" loading=\"lazy\" decoding=\"async\" class=\"size-full wp-image-85549\" src=\"https:\/\/i0.wp.com\/www.eltrabajo.cl\/portal\/wp-content\/uploads\/2018\/04\/Viacrucis3.jpg?resize=580%2C400\" alt=\"EL TRAIDOR.- Judas, tras su traici\u00f3n, llor\u00f3 amargamente de pesar, tras haber vendido al Hijo de Dios aquella noche. Interpretado magistralmente por Oscar Garc\u00eda.\" width=\"580\" height=\"400\" \/><figcaption id=\"caption-attachment-85549\" class=\"wp-caption-text\">EL TRAIDOR.- Judas, tras su traici\u00f3n, llor\u00f3 amargamente de pesar, tras haber vendido al Hijo de Dios aquella noche. Interpretado magistralmente por Oscar Garc\u00eda.<\/figcaption><\/figure>\n<figure id=\"attachment_85551\" aria-describedby=\"caption-attachment-85551\" style=\"width: 580px\" class=\"wp-caption alignnone\"><img data-recalc-dims=\"1\" loading=\"lazy\" decoding=\"async\" class=\"size-full wp-image-85551\" src=\"https:\/\/i0.wp.com\/www.eltrabajo.cl\/portal\/wp-content\/uploads\/2018\/04\/Viacrucis5.jpg?resize=580%2C400\" alt=\"SIEMPRE MADRE.- Mar\u00eda (interpretada por Carolina Tapia) se conecta al dolor de su Hijo en plena Pasi\u00f3n del Mes\u00edas. \" width=\"580\" height=\"400\" \/><figcaption id=\"caption-attachment-85551\" class=\"wp-caption-text\">SIEMPRE MADRE.- Mar\u00eda (interpretada por Carolina Tapia) se conecta al dolor de su Hijo en plena Pasi\u00f3n del Mes\u00edas.<\/figcaption><\/figure>\n<figure id=\"attachment_85552\" aria-describedby=\"caption-attachment-85552\" style=\"width: 579px\" class=\"wp-caption alignnone\"><img data-recalc-dims=\"1\" loading=\"lazy\" decoding=\"async\" class=\"size-full wp-image-85552\" src=\"https:\/\/i0.wp.com\/www.eltrabajo.cl\/portal\/wp-content\/uploads\/2018\/04\/Viacrucis7.jpg?resize=579%2C600\" alt=\"TALENTO Y CONSAGRACI\u00d3N.- Esta imagen nos muestra el profesionalismo con el que cada acto encarn\u00f3 su personaje durante la obra.\" width=\"579\" height=\"600\" \/><figcaption id=\"caption-attachment-85552\" class=\"wp-caption-text\">TALENTO Y CONSAGRACI\u00d3N.- Esta imagen nos muestra el profesionalismo con el que cada acto encarn\u00f3 su personaje durante la obra.<\/figcaption><\/figure>\n<figure id=\"attachment_85546\" aria-describedby=\"caption-attachment-85546\" style=\"width: 580px\" class=\"wp-caption alignnone\"><img data-recalc-dims=\"1\" loading=\"lazy\" decoding=\"async\" class=\"size-full wp-image-85546\" src=\"https:\/\/i0.wp.com\/www.eltrabajo.cl\/portal\/wp-content\/uploads\/2018\/04\/Viacrucis_Oscar-Garcia.jpg?resize=580%2C598\" alt=\"Oscar Garc\u00eda, organizador y actor del Santo Viacrucis.\" width=\"580\" height=\"598\" \/><figcaption id=\"caption-attachment-85546\" class=\"wp-caption-text\">Oscar Garc\u00eda, organizador y actor del Santo Viacrucis.<\/figcaption><\/figure>\n<figure id=\"attachment_85545\" aria-describedby=\"caption-attachment-85545\" style=\"width: 577px\" class=\"wp-caption alignnone\"><img data-recalc-dims=\"1\" loading=\"lazy\" decoding=\"async\" class=\"size-full wp-image-85545\" src=\"https:\/\/i0.wp.com\/www.eltrabajo.cl\/portal\/wp-content\/uploads\/2018\/04\/Viacrucis_Miguel-Garcia.jpg?resize=577%2C600\" alt=\"Miguel Garc\u00eda, veterano actor que lleva 30 a\u00f1os flagelando al Nazareno.\" width=\"577\" height=\"600\" \/><figcaption id=\"caption-attachment-85545\" class=\"wp-caption-text\">Miguel Garc\u00eda, veterano actor que lleva 30 a\u00f1os flagelando al Nazareno.<\/figcaption><\/figure>\n<figure id=\"attachment_85544\" aria-describedby=\"caption-attachment-85544\" style=\"width: 578px\" class=\"wp-caption alignnone\"><img data-recalc-dims=\"1\" loading=\"lazy\" decoding=\"async\" class=\"size-full wp-image-85544\" src=\"https:\/\/i0.wp.com\/www.eltrabajo.cl\/portal\/wp-content\/uploads\/2018\/04\/Viacrucis_Martin-Gonzalez.jpg?resize=578%2C600\" alt=\"Mart\u00edn Gonz\u00e1lez, interpret\u00f3 a Jes\u00fas, el Cristo.\" width=\"578\" height=\"600\" \/><figcaption id=\"caption-attachment-85544\" class=\"wp-caption-text\">Mart\u00edn Gonz\u00e1lez, interpret\u00f3 a Jes\u00fas, el Cristo.<\/figcaption><\/figure>\n<figure id=\"attachment_85543\" aria-describedby=\"caption-attachment-85543\" style=\"width: 577px\" class=\"wp-caption alignnone\"><img data-recalc-dims=\"1\" loading=\"lazy\" decoding=\"async\" class=\"size-full wp-image-85543\" src=\"https:\/\/i0.wp.com\/www.eltrabajo.cl\/portal\/wp-content\/uploads\/2018\/04\/Viacrucis_Carolina-Tapia.jpg?resize=577%2C600\" alt=\"Carolina Tapia, interpret\u00f3 a Mar\u00eda, la madre de Jes\u00fas.\" width=\"577\" height=\"600\" \/><figcaption id=\"caption-attachment-85543\" class=\"wp-caption-text\">Carolina Tapia, interpret\u00f3 a Mar\u00eda, la madre de Jes\u00fas.<\/figcaption><\/figure>\n","protected":false},"excerpt":{"rendered":"<p>Tradici\u00f3n religiosa cumpli\u00f3 30 a\u00f1os de realizarse en ese cerro: PUTAENDO.- Febril, intenso, argumentalmente equilibrado entre los b\u00e1sicos recursos de los que disponen y su pasi\u00f3n por honrar su fe a trav\u00e9s&#8230;<\/p>\n","protected":false},"author":1,"featured_media":87127,"comment_status":"open","ping_status":"open","sticky":false,"template":"","format":"standard","meta":{"advanced_seo_description":"","jetpack_seo_html_title":"","jetpack_seo_noindex":false,"_jetpack_memberships_contains_paid_content":false,"footnotes":""},"categories":[15],"tags":[],"class_list":["post-85558","post","type-post","status-publish","format-standard","has-post-thumbnail","hentry","category-comunidad"],"jetpack_featured_media_url":"https:\/\/i0.wp.com\/eltrabajo.cl\/portal\/wp-content\/uploads\/2018\/04\/Viacrucis1.jpg?fit=580%2C399&ssl=1","jetpack_sharing_enabled":true,"jetpack_likes_enabled":true,"jetpack-related-posts":[],"_links":{"self":[{"href":"https:\/\/eltrabajo.cl\/portal\/wp-json\/wp\/v2\/posts\/85558","targetHints":{"allow":["GET"]}}],"collection":[{"href":"https:\/\/eltrabajo.cl\/portal\/wp-json\/wp\/v2\/posts"}],"about":[{"href":"https:\/\/eltrabajo.cl\/portal\/wp-json\/wp\/v2\/types\/post"}],"author":[{"embeddable":true,"href":"https:\/\/eltrabajo.cl\/portal\/wp-json\/wp\/v2\/users\/1"}],"replies":[{"embeddable":true,"href":"https:\/\/eltrabajo.cl\/portal\/wp-json\/wp\/v2\/comments?post=85558"}],"version-history":[{"count":0,"href":"https:\/\/eltrabajo.cl\/portal\/wp-json\/wp\/v2\/posts\/85558\/revisions"}],"wp:featuredmedia":[{"embeddable":true,"href":"https:\/\/eltrabajo.cl\/portal\/wp-json\/wp\/v2\/media\/87127"}],"wp:attachment":[{"href":"https:\/\/eltrabajo.cl\/portal\/wp-json\/wp\/v2\/media?parent=85558"}],"wp:term":[{"taxonomy":"category","embeddable":true,"href":"https:\/\/eltrabajo.cl\/portal\/wp-json\/wp\/v2\/categories?post=85558"},{"taxonomy":"post_tag","embeddable":true,"href":"https:\/\/eltrabajo.cl\/portal\/wp-json\/wp\/v2\/tags?post=85558"}],"curies":[{"name":"wp","href":"https:\/\/api.w.org\/{rel}","templated":true}]}}