{"id":85586,"date":"2018-04-04T05:00:30","date_gmt":"2018-04-04T09:00:30","guid":{"rendered":"http:\/\/www.eltrabajo.cl\/2017\/?p=85586"},"modified":"2018-04-04T05:00:30","modified_gmt":"2018-04-04T09:00:30","slug":"ministro-vivienda-compromete-solucion-habitacional-a-comite-valle-verde","status":"publish","type":"post","link":"https:\/\/eltrabajo.cl\/portal\/ministro-vivienda-compromete-solucion-habitacional-a-comite-valle-verde\/","title":{"rendered":"Ministro Vivienda compromete soluci\u00f3n habitacional a Comit\u00e9 Valle Verde"},"content":{"rendered":"<figure id=\"attachment_85587\" aria-describedby=\"caption-attachment-85587\" style=\"width: 580px\" class=\"wp-caption alignnone\"><img data-recalc-dims=\"1\" loading=\"lazy\" decoding=\"async\" class=\"size-full wp-image-85587\" src=\"https:\/\/i0.wp.com\/www.eltrabajo.cl\/portal\/wp-content\/uploads\/2018\/04\/camila-flores-minvu.jpg?resize=580%2C400\" alt=\"La reuni\u00f3n con el ministro de Vivienda, Cristi\u00e1n Monckeberg, fue gestionada por la diputada Camila Flores, participando el Core Iv\u00e1n Reyes, el alcalde Claudio Zurita y los concejales Danilo Arancibia y Jos\u00e9 Grbic.\" width=\"580\" height=\"400\" srcset=\"https:\/\/i0.wp.com\/eltrabajo.cl\/portal\/wp-content\/uploads\/2018\/04\/camila-flores-minvu.jpg?w=580&amp;ssl=1 580w, https:\/\/i0.wp.com\/eltrabajo.cl\/portal\/wp-content\/uploads\/2018\/04\/camila-flores-minvu.jpg?resize=200%2C138&amp;ssl=1 200w, https:\/\/i0.wp.com\/eltrabajo.cl\/portal\/wp-content\/uploads\/2018\/04\/camila-flores-minvu.jpg?resize=300%2C207&amp;ssl=1 300w, https:\/\/i0.wp.com\/eltrabajo.cl\/portal\/wp-content\/uploads\/2018\/04\/camila-flores-minvu.jpg?resize=218%2C150&amp;ssl=1 218w, https:\/\/i0.wp.com\/eltrabajo.cl\/portal\/wp-content\/uploads\/2018\/04\/camila-flores-minvu.jpg?resize=400%2C276&amp;ssl=1 400w\" sizes=\"auto, (max-width: 580px) 100vw, 580px\" \/><figcaption id=\"caption-attachment-85587\" class=\"wp-caption-text\">La reuni\u00f3n con el ministro de Vivienda, Cristi\u00e1n Monckeberg, fue gestionada por la diputada Camila Flores, participando el Core Iv\u00e1n Reyes, el alcalde Claudio Zurita y los concejales Danilo Arancibia y Jos\u00e9 Grbic.<\/figcaption><\/figure>\n<ul>\n<li><span style=\"color: #ff0000;\"><strong>Diputada Camila Flores gestion\u00f3 reuni\u00f3n con el secretario de Estado, quien buscar\u00e1 resolver problema que afecta a cerca de 70 familias de la comuna de Santa Mar\u00eda.<\/strong><\/span><\/li>\n<\/ul>\n<p>Con el fin de buscar una pronta soluci\u00f3n a los problemas que han aquejado al Comit\u00e9 Habitacional \u2018Valle Verde\u2019 de Santa Mar\u00eda, la diputada Camila Flores, junto al consejero regional Iv\u00e1n Reyes, el alcalde Claudio Zurita y los concejales de esta comuna Danilo Arancibia y Jos\u00e9 Grbic, se reunieron con el ministro de Vivienda, Cristi\u00e1n Monckeberg. En la instancia, el secretario de Estado expres\u00f3 que avanzar\u00e1n en esta materia, mientras que la parlamentaria agradeci\u00f3 el compromiso de la autoridad ministerial frente a un problema que afecta a cerca de 70 familias.<br \/>\nAl respecto, el ministro Cristi\u00e1n Monckeberg sostuvo que \u00abjunto a la diputada Camila Flores, el alcalde Claudio Zurita y los concejales de Santa Mar\u00eda nos han planteado buscar una soluci\u00f3n habitacional definitiva a este comit\u00e9. Desde el Minvu vamos a hacer todos los esfuerzos, hemos pedido una serie de acciones a las autoridades locales para que este proyecto se ingrese nuevamente, con claridad en sus montos y cifras, eso se har\u00e1 r\u00e1pido para luego evaluarlo y avanzar hacia una propuesta que solucione algo muy requerido y necesario para familias que han esperado esto por mucho tiempo\u00bb.<br \/>\nPor su parte, la diputada Camila Flores, quien gestion\u00f3 esta reuni\u00f3n, manifest\u00f3 que \u00abestoy muy agradecida del ministro porque sostuvimos una reuni\u00f3n por el Comit\u00e9 Habitacional Valle Verde, agrupaci\u00f3n que ha vivido una historia muy dif\u00edcil, tras ser estafados en varias oportunidades y, por lo tanto, han perdido la confianza. Pero ahora vamos a avanzar en una soluci\u00f3n objetiva para estos vecinos de Santa Mar\u00eda, sin generar falsas expectativas\u00bb.<br \/>\nEn tanto, el alcalde de Santa Mar\u00eda, Claudio Zurita, afirm\u00f3 que \u00aben primer lugar, quiero dar las gracias a la diputada Camila Flores por esta gesti\u00f3n, en muy poco tiempo hemos logrado reunirnos con el ministro de Vivienda. Y ahora nos vamos muy contentos y con buenas noticias para el Comit\u00e9 Valle Verde, porque ahora vemos una respuesta definitiva para solucionar su problema\u00bb.<br \/>\nTras participar de esta instancia, el consejero regional Iv\u00e1n Reyes tambi\u00e9n recalc\u00f3 que \u00abhoy hemos tenido una muy buena recepci\u00f3n con el ministro. Los integrantes del Comit\u00e9 Valle Verde han sufrido en dos oportunidades, tras ser estafados en una primera ocasi\u00f3n por sus propios dirigentes y luego por una empresa. Hoy tenemos la esperanza de que, a trav\u00e9s de un trabajo en conjunto, ellos puedan cumplir el sue\u00f1o de la casa propia\u00bb.<br \/>\nCabe mencionar que el Comit\u00e9 Habitacional Valle Verde fue constituido el d\u00eda 21 de agosto de 2003 y se encuentra conformado por 68 socios, quienes no cuentan con vivienda propia, por lo que han solicitado una soluci\u00f3n habitacional a la brevedad por las diferentes y desafortunadas circunstancias que han rodeado este comit\u00e9 habitacional, lo que se ha traducido en diversos conflictos personales, sociales y econ\u00f3micos, debido a que gran porcentaje reside en condiciones de allegados o arriendos de inmuebles.<\/p>\n","protected":false},"excerpt":{"rendered":"<p>Diputada Camila Flores gestion\u00f3 reuni\u00f3n con el secretario de Estado, quien buscar\u00e1 resolver problema que afecta a cerca de 70 familias de la comuna de Santa Mar\u00eda. Con el fin de buscar&#8230;<\/p>\n","protected":false},"author":1,"featured_media":85587,"comment_status":"open","ping_status":"open","sticky":false,"template":"","format":"standard","meta":{"advanced_seo_description":"","jetpack_seo_html_title":"","jetpack_seo_noindex":false,"_jetpack_memberships_contains_paid_content":false,"footnotes":""},"categories":[1],"tags":[],"class_list":["post-85586","post","type-post","status-publish","format-standard","has-post-thumbnail","hentry","category-cronica"],"jetpack_featured_media_url":"https:\/\/i0.wp.com\/eltrabajo.cl\/portal\/wp-content\/uploads\/2018\/04\/camila-flores-minvu.jpg?fit=580%2C400&ssl=1","jetpack_sharing_enabled":true,"jetpack_likes_enabled":true,"jetpack-related-posts":[],"_links":{"self":[{"href":"https:\/\/eltrabajo.cl\/portal\/wp-json\/wp\/v2\/posts\/85586","targetHints":{"allow":["GET"]}}],"collection":[{"href":"https:\/\/eltrabajo.cl\/portal\/wp-json\/wp\/v2\/posts"}],"about":[{"href":"https:\/\/eltrabajo.cl\/portal\/wp-json\/wp\/v2\/types\/post"}],"author":[{"embeddable":true,"href":"https:\/\/eltrabajo.cl\/portal\/wp-json\/wp\/v2\/users\/1"}],"replies":[{"embeddable":true,"href":"https:\/\/eltrabajo.cl\/portal\/wp-json\/wp\/v2\/comments?post=85586"}],"version-history":[{"count":0,"href":"https:\/\/eltrabajo.cl\/portal\/wp-json\/wp\/v2\/posts\/85586\/revisions"}],"wp:featuredmedia":[{"embeddable":true,"href":"https:\/\/eltrabajo.cl\/portal\/wp-json\/wp\/v2\/media\/85587"}],"wp:attachment":[{"href":"https:\/\/eltrabajo.cl\/portal\/wp-json\/wp\/v2\/media?parent=85586"}],"wp:term":[{"taxonomy":"category","embeddable":true,"href":"https:\/\/eltrabajo.cl\/portal\/wp-json\/wp\/v2\/categories?post=85586"},{"taxonomy":"post_tag","embeddable":true,"href":"https:\/\/eltrabajo.cl\/portal\/wp-json\/wp\/v2\/tags?post=85586"}],"curies":[{"name":"wp","href":"https:\/\/api.w.org\/{rel}","templated":true}]}}