{"id":85589,"date":"2018-04-04T05:01:32","date_gmt":"2018-04-04T09:01:32","guid":{"rendered":"http:\/\/www.eltrabajo.cl\/2017\/?p=85589"},"modified":"2018-04-04T05:01:32","modified_gmt":"2018-04-04T09:01:32","slug":"fiscalizacion-vehicular-culmino-con-detencion-de-sujeto-por-marihuana","status":"publish","type":"post","link":"https:\/\/eltrabajo.cl\/portal\/fiscalizacion-vehicular-culmino-con-detencion-de-sujeto-por-marihuana\/","title":{"rendered":"Fiscalizaci\u00f3n vehicular culmin\u00f3 con detenci\u00f3n de sujeto por marihuana"},"content":{"rendered":"<figure id=\"attachment_85590\" aria-describedby=\"caption-attachment-85590\" style=\"width: 580px\" class=\"wp-caption alignnone\"><img data-recalc-dims=\"1\" loading=\"lazy\" decoding=\"async\" class=\"size-full wp-image-85590\" src=\"https:\/\/i0.wp.com\/www.eltrabajo.cl\/portal\/wp-content\/uploads\/2018\/04\/detenido-carabineros.jpg?resize=580%2C398\" alt=\"El sujeto de 28 a\u00f1os de edad fue detenido por Carabineros en calle Dardignac esquina Las Heras en San Felipe. (Foto Referencial).\" width=\"580\" height=\"398\" srcset=\"https:\/\/i0.wp.com\/eltrabajo.cl\/portal\/wp-content\/uploads\/2018\/04\/detenido-carabineros.jpg?w=580&amp;ssl=1 580w, https:\/\/i0.wp.com\/eltrabajo.cl\/portal\/wp-content\/uploads\/2018\/04\/detenido-carabineros.jpg?resize=200%2C137&amp;ssl=1 200w, https:\/\/i0.wp.com\/eltrabajo.cl\/portal\/wp-content\/uploads\/2018\/04\/detenido-carabineros.jpg?resize=300%2C206&amp;ssl=1 300w, https:\/\/i0.wp.com\/eltrabajo.cl\/portal\/wp-content\/uploads\/2018\/04\/detenido-carabineros.jpg?resize=219%2C150&amp;ssl=1 219w, https:\/\/i0.wp.com\/eltrabajo.cl\/portal\/wp-content\/uploads\/2018\/04\/detenido-carabineros.jpg?resize=400%2C274&amp;ssl=1 400w\" sizes=\"auto, (max-width: 580px) 100vw, 580px\" \/><figcaption id=\"caption-attachment-85590\" class=\"wp-caption-text\">El sujeto de 28 a\u00f1os de edad fue detenido por Carabineros en calle Dardignac esquina Las Heras en San Felipe. (Foto Referencial).<\/figcaption><\/figure>\n<ul>\n<li><strong><span style=\"color: #ff0000;\">En Dardignac esquina Las Heras de San Felipe:\u00a0<\/span>Carabineros intercept\u00f3 una camioneta marca Toyota, cuyos ocupantes escaparon para eludir el control policial, siendo detenido uno de ellos, descubri\u00e9ndose el porte de marihuana y dinero en efectivo.<\/strong><\/li>\n<\/ul>\n<p>Tras un patrullaje preventivo efectuado por Carabineros de San Felipe, un sujeto de 28 a\u00f1os de edad fue detenido por mantener en su poder una bolsa con marihuana y $350.000 en efectivo, en medio de una fiscalizaci\u00f3n vehicular efectuada en calle Dardignac esquina Las Heras de esta ciudad.<br \/>\nEl procedimiento de Carabineros se habr\u00eda originado alrededor de las 13:00 horas de ayer martes, luego de requerir la detenci\u00f3n del conductor de una camioneta marca Toyota modelo Hylux de color rojo, quien circulaba junto a otro sujeto por dicha arteria.<br \/>\nLa polic\u00eda uniformada precis\u00f3 que los dos individuos descendieron r\u00e1pidamente del m\u00f3vil para escapar en distintas direcciones, uno de ellos hacia los pasajes de la Villa 250 A\u00f1os de San Felipe, mientras el segundo sujeto fue reducido por Carabineros.<br \/>\nLos uniformados al momento de efectuar una revisi\u00f3n a sus vestimentas, encontraron una bolsa en donde manten\u00eda una cantidad no menor de marihuana m\u00e1s la suma de $350.000, siendo detenido por infracci\u00f3n a la Ley de Drogas, y trasladado hasta las dependencias de la Segunda Comisar\u00eda de San Felipe.<br \/>\nPosteriormente la droga incautada fue remitida hasta la secci\u00f3n de OS7 de Carabineros para la pr\u00e1ctica de las pruebas de campo y pesaje de la droga para la investigaci\u00f3n del caso.<br \/>\nNo obstante por instrucci\u00f3n del Fiscal de turno, el imputado de iniciales R.A.E.B. de 28 a\u00f1os de edad, quien posee antecedentes delictuales, fue dejado en libertad, quedando a la espera de ser citado por parte del Ministerio P\u00fablico.<br \/>\nAsimismo Carabineros inform\u00f3 que el veh\u00edculo en el que se desplazaban los sujetos no mantiene encargo por robo.<br \/>\n<strong>Pablo Salinas Sald\u00edas<\/strong><\/p>\n","protected":false},"excerpt":{"rendered":"<p>En Dardignac esquina Las Heras de San Felipe:\u00a0Carabineros intercept\u00f3 una camioneta marca Toyota, cuyos ocupantes escaparon para eludir el control policial, siendo detenido uno de ellos, descubri\u00e9ndose el porte de marihuana y&#8230;<\/p>\n","protected":false},"author":1,"featured_media":85590,"comment_status":"open","ping_status":"open","sticky":false,"template":"","format":"standard","meta":{"advanced_seo_description":"","jetpack_seo_html_title":"","jetpack_seo_noindex":false,"_jetpack_memberships_contains_paid_content":false,"footnotes":""},"categories":[21],"tags":[],"class_list":["post-85589","post","type-post","status-publish","format-standard","has-post-thumbnail","hentry","category-policial"],"jetpack_featured_media_url":"https:\/\/i0.wp.com\/eltrabajo.cl\/portal\/wp-content\/uploads\/2018\/04\/detenido-carabineros.jpg?fit=580%2C398&ssl=1","jetpack_sharing_enabled":true,"jetpack_likes_enabled":true,"jetpack-related-posts":[],"_links":{"self":[{"href":"https:\/\/eltrabajo.cl\/portal\/wp-json\/wp\/v2\/posts\/85589","targetHints":{"allow":["GET"]}}],"collection":[{"href":"https:\/\/eltrabajo.cl\/portal\/wp-json\/wp\/v2\/posts"}],"about":[{"href":"https:\/\/eltrabajo.cl\/portal\/wp-json\/wp\/v2\/types\/post"}],"author":[{"embeddable":true,"href":"https:\/\/eltrabajo.cl\/portal\/wp-json\/wp\/v2\/users\/1"}],"replies":[{"embeddable":true,"href":"https:\/\/eltrabajo.cl\/portal\/wp-json\/wp\/v2\/comments?post=85589"}],"version-history":[{"count":0,"href":"https:\/\/eltrabajo.cl\/portal\/wp-json\/wp\/v2\/posts\/85589\/revisions"}],"wp:featuredmedia":[{"embeddable":true,"href":"https:\/\/eltrabajo.cl\/portal\/wp-json\/wp\/v2\/media\/85590"}],"wp:attachment":[{"href":"https:\/\/eltrabajo.cl\/portal\/wp-json\/wp\/v2\/media?parent=85589"}],"wp:term":[{"taxonomy":"category","embeddable":true,"href":"https:\/\/eltrabajo.cl\/portal\/wp-json\/wp\/v2\/categories?post=85589"},{"taxonomy":"post_tag","embeddable":true,"href":"https:\/\/eltrabajo.cl\/portal\/wp-json\/wp\/v2\/tags?post=85589"}],"curies":[{"name":"wp","href":"https:\/\/api.w.org\/{rel}","templated":true}]}}