{"id":85592,"date":"2018-04-04T05:02:11","date_gmt":"2018-04-04T09:02:11","guid":{"rendered":"http:\/\/www.eltrabajo.cl\/2017\/?p=85592"},"modified":"2018-04-04T05:02:11","modified_gmt":"2018-04-04T09:02:11","slug":"intendente-promete-terminar-a-la-brevedad-nuevo-cesfam-de-panquehue","status":"publish","type":"post","link":"https:\/\/eltrabajo.cl\/portal\/intendente-promete-terminar-a-la-brevedad-nuevo-cesfam-de-panquehue\/","title":{"rendered":"Intendente promete terminar a la brevedad nuevo Cesfam de Panquehue"},"content":{"rendered":"<figure id=\"attachment_85593\" aria-describedby=\"caption-attachment-85593\" style=\"width: 580px\" class=\"wp-caption alignnone\"><img data-recalc-dims=\"1\" loading=\"lazy\" decoding=\"async\" class=\"size-full wp-image-85593\" src=\"https:\/\/i0.wp.com\/www.eltrabajo.cl\/portal\/wp-content\/uploads\/2018\/04\/cesfam-panquehue-1.jpg?resize=580%2C400\" alt=\"El Intendente Regional ingresando al Cesfam acompa\u00f1ado del gobernador Claudio Rodr\u00edguez; la directora de Salud Dra. Wilma Olave y el administrador municipal, Lautaro Silva.\" width=\"580\" height=\"400\" srcset=\"https:\/\/i0.wp.com\/eltrabajo.cl\/portal\/wp-content\/uploads\/2018\/04\/cesfam-panquehue-1.jpg?w=580&amp;ssl=1 580w, https:\/\/i0.wp.com\/eltrabajo.cl\/portal\/wp-content\/uploads\/2018\/04\/cesfam-panquehue-1.jpg?resize=200%2C138&amp;ssl=1 200w, https:\/\/i0.wp.com\/eltrabajo.cl\/portal\/wp-content\/uploads\/2018\/04\/cesfam-panquehue-1.jpg?resize=300%2C207&amp;ssl=1 300w, https:\/\/i0.wp.com\/eltrabajo.cl\/portal\/wp-content\/uploads\/2018\/04\/cesfam-panquehue-1.jpg?resize=218%2C150&amp;ssl=1 218w, https:\/\/i0.wp.com\/eltrabajo.cl\/portal\/wp-content\/uploads\/2018\/04\/cesfam-panquehue-1.jpg?resize=400%2C276&amp;ssl=1 400w\" sizes=\"auto, (max-width: 580px) 100vw, 580px\" \/><figcaption id=\"caption-attachment-85593\" class=\"wp-caption-text\">El Intendente Regional ingresando al Cesfam acompa\u00f1ado del gobernador Claudio Rodr\u00edguez; la directora de Salud Dra. Wilma Olave y el administrador municipal, Lautaro Silva.<\/figcaption><\/figure>\n<ul>\n<li><span style=\"color: #ff0000;\"><strong>En su primera visita al valle del Aconcagua, la autoridad regional acompa\u00f1ado del Gobernador y el Seremi de Salud, se comprometi\u00f3 a realizar las gestiones para concluir el 2 por ciento que falta de la obra.<\/strong><\/span><\/li>\n<\/ul>\n<p><strong>PANQUEHUE.-<\/strong> \u00abTerminar las obras restantes de la construcci\u00f3n del nuevo Cesfam de Panquehue en el menor tiempo posible\u00bb, fue el compromiso asumido por el intendente regional Jorge Mart\u00ednez.<br \/>\nLa autoridad regional en su primera visita al valle de Aconcagua, realiz\u00f3 una inspecci\u00f3n a las obras inconclusas del Cesfam, acompa\u00f1ado del gobernador provincial de San Felipe, Claudio Rodr\u00edguez; el secretario regional ministerial de Salud, el senador Francisco Chahu\u00e1n y la directora del Servicio de Salud Dra. Wilma Olave.<br \/>\nEn el lugar fue recibido por el administrador municipal, Lautaro Silva, junto al Director del Cesfam Panquehue, Dr. Te\u00f3filo Reyes, quienes le manifestaron su preocupaci\u00f3n por la demora que ha existido en terminar las obras, luego que a mediados del a\u00f1o pasado, se decretara la quiebra de la empresa constructora Pollonesa.<br \/>\nEsta situaci\u00f3n ha generado extrema preocupaci\u00f3n al alcalde Luis Pradenas, quien por largos a\u00f1os gestion\u00f3 la ejecuci\u00f3n del proyecto que permitir\u00e1, entre otras cosas, cambiar la calidad de atenci\u00f3n primaria familiar, reemplazando una estructura que a la fecha se encuentra totalmente colapsada.<br \/>\nTras una breve reuni\u00f3n en las instalaciones en construcci\u00f3n, el intendente Mart\u00ednez, junto con manifestar que lamenta este tipo de situaciones, dijo que se har\u00e1n las gestiones que est\u00e9n a su alcance para contar con los recursos econ\u00f3micos que faltan para completar con el 2% restante de la obra.<br \/>\n\u00abLo importante de todo esto es que no hemos venido a sacarnos una foto ni a visitar, para nosotros la regi\u00f3n comienza ac\u00e1 y por lo mismo quienes creemos en la descentralizaci\u00f3n, debemos dar soluciones concretas. Por lo tanto en el caso de este Cesfam, es un tema que nos pidi\u00f3 especialmente el gobernador Rodr\u00edguez, porque este Cesfam est\u00e1 parado desde hace seis meses, porque la empresa constructora quedando un 2 por ciento de la obra la abandon\u00f3, por lo que nos encargaremos de averiguar y llegar al fondo de esta situaci\u00f3n.<br \/>\n\u00abPor 200 millones de pesos que faltan para terminar esta magn\u00edfica obra, necesaria para la salud del territorio, esto no ha podido funcionar por un tiempo prolongado, por lo mismo nos hemos comprometido junto al Seremi de Salud y de las dem\u00e1s autoridades del Gobierno Regional, a destrabar el tema que tiene varias complejidades administrativas, porque hay garant\u00edas, una serie de temas jur\u00eddico-administrativo que son complejos, y debemos destrabar para que a la brevedad este dinero sea asignado y as\u00ed este Cesfam est\u00e9 funcionando y cumpliendo su rol en la comunidad que es lo que nos interesa\u00bb.<br \/>\nPara el gobernador Claudio Rodr\u00edguez est\u00e1 el compromiso de generar las acciones que sean necesarias para poder concretar las obras faltantes. Agreg\u00f3 la autoridad que se trata de un tema muy sensible para la comunidad de Panquehue y que en su momento le fue solicitado gestionar por el propio alcalde Luis Pradenas.<br \/>\n\u00abEst\u00e1 el compromiso de cada una de las autoridades que hemos realizado la visita, a que este Cesfam sea terminado lo m\u00e1s pronto posible, si bien se han acordado algunas fechas, espero todo se resuelva a la brevedad\u00bb.<br \/>\nPara el senador Francisco Chahu\u00e1n, est\u00e1 el compromiso de ayudar a sacar adelante esta gran obra inconclusa, como asimismo poder acondicionar al proyecto un \u00e1rea de urgencia que permita resolver algunas patolog\u00edas m\u00e1s complejas.<br \/>\nPara el alcalde Luis Pradenas, terminar la construcci\u00f3n de esta obra y su pronta puesta en marcha, es una de sus principales prioridades de este a\u00f1o, pues la comunidad de Panquehue ha sido paciente y ha esperado lo suficiente para poder contar con una estructura que sea acorde a los requerimientos que hoy demanda la atenci\u00f3n primaria de salud.<br \/>\nEl nuevo Cesfam de Panquehue consiste en un edificio de 1.414 m2; con 7 box multiprop\u00f3sito, 1 box ginecol\u00f3gico, 2 box dentales, salas Ira y Era, Farmacia y Alimentaci\u00f3n PNAC, bodegas, sala multiuso, \u00e1reas administrativas, casino y otros recintos cl\u00ednicos.<\/p>\n<figure id=\"attachment_85594\" aria-describedby=\"caption-attachment-85594\" style=\"width: 580px\" class=\"wp-caption alignnone\"><img data-recalc-dims=\"1\" loading=\"lazy\" decoding=\"async\" class=\"size-full wp-image-85594\" src=\"https:\/\/i0.wp.com\/www.eltrabajo.cl\/portal\/wp-content\/uploads\/2018\/04\/cesfam-panquehue-2.jpg?resize=580%2C399\" alt=\"Las diversas autoridades encabezadas por el intendente Jorge Mart\u00ednez, en visita al Cesfam, donde el Intendente se comprometi\u00f3 a terminar las obras restantes del nuevo Cesfam de Panquehue en el menor tiempo posible.\" width=\"580\" height=\"399\" srcset=\"https:\/\/i0.wp.com\/eltrabajo.cl\/portal\/wp-content\/uploads\/2018\/04\/cesfam-panquehue-2.jpg?w=580&amp;ssl=1 580w, https:\/\/i0.wp.com\/eltrabajo.cl\/portal\/wp-content\/uploads\/2018\/04\/cesfam-panquehue-2.jpg?resize=200%2C138&amp;ssl=1 200w, https:\/\/i0.wp.com\/eltrabajo.cl\/portal\/wp-content\/uploads\/2018\/04\/cesfam-panquehue-2.jpg?resize=300%2C206&amp;ssl=1 300w, https:\/\/i0.wp.com\/eltrabajo.cl\/portal\/wp-content\/uploads\/2018\/04\/cesfam-panquehue-2.jpg?resize=218%2C150&amp;ssl=1 218w, https:\/\/i0.wp.com\/eltrabajo.cl\/portal\/wp-content\/uploads\/2018\/04\/cesfam-panquehue-2.jpg?resize=400%2C275&amp;ssl=1 400w\" sizes=\"auto, (max-width: 580px) 100vw, 580px\" \/><figcaption id=\"caption-attachment-85594\" class=\"wp-caption-text\">Las diversas autoridades encabezadas por el intendente Jorge Mart\u00ednez, en visita al Cesfam, donde el Intendente se comprometi\u00f3 a terminar las obras restantes del nuevo Cesfam de Panquehue en el menor tiempo posible.<\/figcaption><\/figure>\n","protected":false},"excerpt":{"rendered":"<p>En su primera visita al valle del Aconcagua, la autoridad regional acompa\u00f1ado del Gobernador y el Seremi de Salud, se comprometi\u00f3 a realizar las gestiones para concluir el 2 por ciento que&#8230;<\/p>\n","protected":false},"author":1,"featured_media":85594,"comment_status":"open","ping_status":"open","sticky":false,"template":"","format":"standard","meta":{"advanced_seo_description":"","jetpack_seo_html_title":"","jetpack_seo_noindex":false,"_jetpack_memberships_contains_paid_content":false,"footnotes":""},"categories":[1],"tags":[],"class_list":["post-85592","post","type-post","status-publish","format-standard","has-post-thumbnail","hentry","category-cronica"],"jetpack_featured_media_url":"https:\/\/i0.wp.com\/eltrabajo.cl\/portal\/wp-content\/uploads\/2018\/04\/cesfam-panquehue-2.jpg?fit=580%2C399&ssl=1","jetpack_sharing_enabled":true,"jetpack_likes_enabled":true,"jetpack-related-posts":[],"_links":{"self":[{"href":"https:\/\/eltrabajo.cl\/portal\/wp-json\/wp\/v2\/posts\/85592","targetHints":{"allow":["GET"]}}],"collection":[{"href":"https:\/\/eltrabajo.cl\/portal\/wp-json\/wp\/v2\/posts"}],"about":[{"href":"https:\/\/eltrabajo.cl\/portal\/wp-json\/wp\/v2\/types\/post"}],"author":[{"embeddable":true,"href":"https:\/\/eltrabajo.cl\/portal\/wp-json\/wp\/v2\/users\/1"}],"replies":[{"embeddable":true,"href":"https:\/\/eltrabajo.cl\/portal\/wp-json\/wp\/v2\/comments?post=85592"}],"version-history":[{"count":0,"href":"https:\/\/eltrabajo.cl\/portal\/wp-json\/wp\/v2\/posts\/85592\/revisions"}],"wp:featuredmedia":[{"embeddable":true,"href":"https:\/\/eltrabajo.cl\/portal\/wp-json\/wp\/v2\/media\/85594"}],"wp:attachment":[{"href":"https:\/\/eltrabajo.cl\/portal\/wp-json\/wp\/v2\/media?parent=85592"}],"wp:term":[{"taxonomy":"category","embeddable":true,"href":"https:\/\/eltrabajo.cl\/portal\/wp-json\/wp\/v2\/categories?post=85592"},{"taxonomy":"post_tag","embeddable":true,"href":"https:\/\/eltrabajo.cl\/portal\/wp-json\/wp\/v2\/tags?post=85592"}],"curies":[{"name":"wp","href":"https:\/\/api.w.org\/{rel}","templated":true}]}}