{"id":85596,"date":"2018-04-04T05:03:22","date_gmt":"2018-04-04T09:03:22","guid":{"rendered":"http:\/\/www.eltrabajo.cl\/2017\/?p=85596"},"modified":"2018-04-04T05:03:22","modified_gmt":"2018-04-04T09:03:22","slug":"llegan-29-medicos-a-reforzar-la-atencion-en-salud-en-la-provincia","status":"publish","type":"post","link":"https:\/\/eltrabajo.cl\/portal\/llegan-29-medicos-a-reforzar-la-atencion-en-salud-en-la-provincia\/","title":{"rendered":"Llegan 29 m\u00e9dicos a reforzar la atenci\u00f3n en salud en la Provincia"},"content":{"rendered":"<figure id=\"attachment_85597\" aria-describedby=\"caption-attachment-85597\" style=\"width: 580px\" class=\"wp-caption alignnone\"><img data-recalc-dims=\"1\" loading=\"lazy\" decoding=\"async\" class=\"size-full wp-image-85597\" src=\"https:\/\/i0.wp.com\/www.eltrabajo.cl\/portal\/wp-content\/uploads\/2018\/04\/recepcion-medicos-1.jpg?resize=580%2C400\" alt=\"Veintinueve m\u00e9dicos estar\u00e1n en los diferentes Cesfam y hospitales de las provincias de San Felipe y Los Andes, en especialidades como cirug\u00eda general, pediatr\u00eda, ginecolog\u00eda oncol\u00f3gica, infectolog\u00eda pedi\u00e1trica, entre otras, quienes recibieron la bienvenida de parte del gobernador Claudio Rodr\u00edguez. \" width=\"580\" height=\"400\" srcset=\"https:\/\/i0.wp.com\/eltrabajo.cl\/portal\/wp-content\/uploads\/2018\/04\/recepcion-medicos-1.jpg?w=580&amp;ssl=1 580w, https:\/\/i0.wp.com\/eltrabajo.cl\/portal\/wp-content\/uploads\/2018\/04\/recepcion-medicos-1.jpg?resize=200%2C138&amp;ssl=1 200w, https:\/\/i0.wp.com\/eltrabajo.cl\/portal\/wp-content\/uploads\/2018\/04\/recepcion-medicos-1.jpg?resize=300%2C207&amp;ssl=1 300w, https:\/\/i0.wp.com\/eltrabajo.cl\/portal\/wp-content\/uploads\/2018\/04\/recepcion-medicos-1.jpg?resize=218%2C150&amp;ssl=1 218w, https:\/\/i0.wp.com\/eltrabajo.cl\/portal\/wp-content\/uploads\/2018\/04\/recepcion-medicos-1.jpg?resize=400%2C276&amp;ssl=1 400w\" sizes=\"auto, (max-width: 580px) 100vw, 580px\" \/><figcaption id=\"caption-attachment-85597\" class=\"wp-caption-text\">Veintinueve m\u00e9dicos estar\u00e1n en los diferentes Cesfam y hospitales de las provincias de San Felipe y Los Andes, en especialidades como cirug\u00eda general, pediatr\u00eda, ginecolog\u00eda oncol\u00f3gica, infectolog\u00eda pedi\u00e1trica, entre otras, quienes recibieron la bienvenida de parte del gobernador Claudio Rodr\u00edguez.<\/figcaption><\/figure>\n<ul>\n<li><strong><span style=\"color: #ff0000;\">Gobernador les dio la bienvenida:<\/span>\u00a0\u201cOtorgamos la mayor de las importancias que se les da a los profesionales en las distintas especialidades a nombre del gobierno del Presidente Sebasti\u00e1n Pi\u00f1era porque para nosotros es sumamente destacable y valorable que programas e iniciativas de esta naturaleza se mantengan y perduren en el tiempo\u201d, expres\u00f3 el gobernador Claudio Rodr\u00edguez.<\/strong><\/li>\n<\/ul>\n<p>En el Hospital San Camilo de San Felipe la m\u00e1xima autoridad provincial, Claudio Rodr\u00edguez Cataldo, junto al Subdirector de Gesti\u00f3n Asistencial del Servicio de Salud de Aconcagua, doctor Luis Foncea y la directora del establecimiento Susan Porras, recibieron a los 29 m\u00e9dicos que comenzaron a trabajar el pasado 1 de abril en los distintos Cesfam y hospitales de la Provincia de San Felipe para reforzar la Atenci\u00f3n Primaria en Salud.<br \/>\nEn el marco del Plan Nacional de Formaci\u00f3n y Retenci\u00f3n de Especialistas, el Servicio de Salud Aconcagua recibi\u00f3 a los nuevos profesionales que estar\u00e1n en Etapa de Destinaci\u00f3n y Formaci\u00f3n (EDF) y a los m\u00e9dicos que atender\u00e1n en su etapa profesional durante los primeros seis a\u00f1os en su Per\u00edodo Asistencial Obligatorio (PAO).<br \/>\nDurante la ceremonia, realizada en la entrada del Hospital San Camilo, el gobernador Claudio Rodr\u00edguez Cataldo felicit\u00f3 a los nuevos profesionales de la salud por trabajar en la zona y reforzar los Cesfam y hospitales en la atenci\u00f3n m\u00e9dica: \u201cPara nosotros es sumamente importante su presencia, porque ustedes ser\u00e1n un aporte para mejorar la calidad, atenci\u00f3n y calidez que en definitiva es lo que las personas buscan. Otorgamos la mayor de las importancias a esta bienvenida que se les da a los profesionales en las distintas especialidades a nombre del gobierno del Presidente Sebasti\u00e1n Pi\u00f1era, porque ciertamente para nosotros es sumamente destacable y valorable que programas e iniciativas de esta naturaleza se mantengan y perduren en el tiempo, sobre todo en el caso de provincias como la nuestra\u201d.<br \/>\nEn tanto, el Subdirector de Gesti\u00f3n Asistencial del Servicio de Salud de Aconcagua, doctor Luis Foncea, coment\u00f3 que \u201clos m\u00e9dicos que llegan son titulados, 15 de ellos est\u00e1n en su etapa de destinaci\u00f3n y formaci\u00f3n y otros 14 colegas que vienen despu\u00e9s de su especializaci\u00f3n a hacer su destino al menos por seis a\u00f1os; esperamos que se prolongue por m\u00e1s tiempo. Esta llegada va a dotar de m\u00e9dicos en la Atenci\u00f3n Primaria y a los hospitales comunitarios en la provincia\u201d.<br \/>\nAsimismo la directora del Hospital San Camilo, Susan Porras, dijo que \u201ceste es un tremendo avance contar con 8 m\u00e9dicos especialistas y subespecialistas en nuestro establecimiento. Estamos felices junto a la comunidad porque vienen a ocupar los cargos que faltaban, a disminuir las brechas y ser m\u00e1s r\u00e1pidos en la atenci\u00f3n\u201d.<br \/>\nSon 29 m\u00e9dicos que estar\u00e1n en los Centros de Salud Familiar y hospitales en las provincias de San Felipe y Los Andes. Quince profesionales cumplir\u00e1n su EDF en los Cesfam de Catemu, Cordillera Andina, Llay Llay, San Felipe del Real, Santa Mar\u00eda y Hospital San Francisco de Llay Llay. En tanto, 14 profesionales de la salud estar\u00e1n en diversas especialidades donde iniciar\u00e1n el PAO en los Hospital San Camilo de San Felipe, con atenciones en cirug\u00eda general, medicina interna, otorrinolaringolog\u00eda, pediatr\u00eda, ginecolog\u00eda oncol\u00f3gica e infectolog\u00eda pedi\u00e1trica. Mientras que en el Hospital San Juan de Dios de Los Andes atender\u00e1n medicina interna, obstetricia y ginecolog\u00eda, y traumatolog\u00eda y ortopedia; y en el Cesfam San Felipe Real se atender\u00e1 medicina familiar.<\/p>\n","protected":false},"excerpt":{"rendered":"<p>Gobernador les dio la bienvenida:\u00a0\u201cOtorgamos la mayor de las importancias que se les da a los profesionales en las distintas especialidades a nombre del gobierno del Presidente Sebasti\u00e1n Pi\u00f1era porque para nosotros&#8230;<\/p>\n","protected":false},"author":1,"featured_media":85597,"comment_status":"open","ping_status":"open","sticky":false,"template":"","format":"standard","meta":{"advanced_seo_description":"","jetpack_seo_html_title":"","jetpack_seo_noindex":false,"_jetpack_memberships_contains_paid_content":false,"footnotes":""},"categories":[1],"tags":[],"class_list":["post-85596","post","type-post","status-publish","format-standard","has-post-thumbnail","hentry","category-cronica"],"jetpack_featured_media_url":"https:\/\/i0.wp.com\/eltrabajo.cl\/portal\/wp-content\/uploads\/2018\/04\/recepcion-medicos-1.jpg?fit=580%2C400&ssl=1","jetpack_sharing_enabled":true,"jetpack_likes_enabled":true,"jetpack-related-posts":[],"_links":{"self":[{"href":"https:\/\/eltrabajo.cl\/portal\/wp-json\/wp\/v2\/posts\/85596","targetHints":{"allow":["GET"]}}],"collection":[{"href":"https:\/\/eltrabajo.cl\/portal\/wp-json\/wp\/v2\/posts"}],"about":[{"href":"https:\/\/eltrabajo.cl\/portal\/wp-json\/wp\/v2\/types\/post"}],"author":[{"embeddable":true,"href":"https:\/\/eltrabajo.cl\/portal\/wp-json\/wp\/v2\/users\/1"}],"replies":[{"embeddable":true,"href":"https:\/\/eltrabajo.cl\/portal\/wp-json\/wp\/v2\/comments?post=85596"}],"version-history":[{"count":0,"href":"https:\/\/eltrabajo.cl\/portal\/wp-json\/wp\/v2\/posts\/85596\/revisions"}],"wp:featuredmedia":[{"embeddable":true,"href":"https:\/\/eltrabajo.cl\/portal\/wp-json\/wp\/v2\/media\/85597"}],"wp:attachment":[{"href":"https:\/\/eltrabajo.cl\/portal\/wp-json\/wp\/v2\/media?parent=85596"}],"wp:term":[{"taxonomy":"category","embeddable":true,"href":"https:\/\/eltrabajo.cl\/portal\/wp-json\/wp\/v2\/categories?post=85596"},{"taxonomy":"post_tag","embeddable":true,"href":"https:\/\/eltrabajo.cl\/portal\/wp-json\/wp\/v2\/tags?post=85596"}],"curies":[{"name":"wp","href":"https:\/\/api.w.org\/{rel}","templated":true}]}}