{"id":85599,"date":"2018-04-04T05:04:07","date_gmt":"2018-04-04T09:04:07","guid":{"rendered":"http:\/\/www.eltrabajo.cl\/2017\/?p=85599"},"modified":"2018-04-04T05:04:07","modified_gmt":"2018-04-04T09:04:07","slug":"lagarto-murdock-cierre-calles-licores-y-artesanos-en-fiesta-vendimia-2018","status":"publish","type":"post","link":"https:\/\/eltrabajo.cl\/portal\/lagarto-murdock-cierre-calles-licores-y-artesanos-en-fiesta-vendimia-2018\/","title":{"rendered":"Lagarto Murdock, cierre calles, licores y artesanos en Fiesta Vendimia 2018"},"content":{"rendered":"<figure id=\"attachment_85602\" aria-describedby=\"caption-attachment-85602\" style=\"width: 580px\" class=\"wp-caption alignnone\"><img data-recalc-dims=\"1\" loading=\"lazy\" decoding=\"async\" class=\"size-full wp-image-85602\" src=\"https:\/\/i0.wp.com\/www.eltrabajo.cl\/portal\/wp-content\/uploads\/2018\/04\/Vendimia2.jpg?resize=580%2C399\" alt=\"SIEMPRE CHICHO.- El mejor productor de chicha criolla del pa\u00eds, don Jos\u00e9 Toro, estar\u00e1 tambi\u00e9n presentando sus productos durante la fiesta.\" width=\"580\" height=\"399\" srcset=\"https:\/\/i0.wp.com\/eltrabajo.cl\/portal\/wp-content\/uploads\/2018\/04\/Vendimia2.jpg?w=580&amp;ssl=1 580w, https:\/\/i0.wp.com\/eltrabajo.cl\/portal\/wp-content\/uploads\/2018\/04\/Vendimia2.jpg?resize=200%2C138&amp;ssl=1 200w, https:\/\/i0.wp.com\/eltrabajo.cl\/portal\/wp-content\/uploads\/2018\/04\/Vendimia2.jpg?resize=300%2C206&amp;ssl=1 300w, https:\/\/i0.wp.com\/eltrabajo.cl\/portal\/wp-content\/uploads\/2018\/04\/Vendimia2.jpg?resize=218%2C150&amp;ssl=1 218w, https:\/\/i0.wp.com\/eltrabajo.cl\/portal\/wp-content\/uploads\/2018\/04\/Vendimia2.jpg?resize=400%2C275&amp;ssl=1 400w\" sizes=\"auto, (max-width: 580px) 100vw, 580px\" \/><figcaption id=\"caption-attachment-85602\" class=\"wp-caption-text\">SIEMPRE CHICHO.- El mejor productor de chicha criolla del pa\u00eds, don Jos\u00e9 Toro, estar\u00e1 tambi\u00e9n presentando sus productos durante la fiesta.<\/figcaption><\/figure>\n<p>Todo est\u00e1 ya casi listo para que inicie la esperada Fiesta de la Vendimia 2018, actividad que desarrolla la municipalidad de San Felipe desde hace cinco a\u00f1os y que en cada nueva versi\u00f3n convoca a m\u00e1s gente y mejores artistas del pa\u00eds e internacionales.<br \/>\nLa informaci\u00f3n fue ofrecida a Diario El Trabajo por Ricardo Ruiz, encargado de Cultura de la Municipalidad de San Felipe: \u00abSobre la Fiesta de la Vendimia 2018 puedo informar que \u00e9sta se desarrollar\u00e1 como desde hace ya cinco a\u00f1os frente a la parroquia San Antonio de Padua, es en El Almendral donde habita \u2018El Alma del Sanfelipe\u00f1o\u2019, esta es la segunda actividad m\u00e1s importante en nuestra comuna, despu\u00e9s del Festival Palmenia Pizarro. En la Vendimia regularmente congregamos a m\u00e1s de 20.000 personas en dos d\u00edas, lo que nos permite sentirnos m\u00e1s que orgullosos por esta gesti\u00f3n. Recordemos que en este sector de la comuna se fabrica la mejor chicha del pa\u00eds, el charqui y tambi\u00e9n el tesoro patrimonial de San Felipe lo tenemos en ese sector, por eso quiero invitar a todos los aconcag\u00fcinos, para que se vengan para El Almendral, para que lo pasemos en familia en esta ya tradicional fiesta\u00bb, dijo Ruiz a nuestro medio.<\/p>\n<p><span style=\"color: #ff0000;\"><strong>LAGARTO MURDOCK Y M\u00c1S SORPRESAS<\/strong><\/span><br \/>\nSobre el repertorio y programa agendado para este fin de semana, Ricardo agreg\u00f3 que \u00abeste a\u00f1o tendremos una feria artesanal con cerca de 100 stands, aqu\u00ed estamos hablando de verdaderas artesan\u00edas de primer nivel; viene gente desde Argentina con sus licores; viene tambi\u00e9n una chica argentina que hace incre\u00edbles salsas de tomate casera; estar\u00e1n presentes tambi\u00e9n las vi\u00f1as de la regi\u00f3n, las que estar\u00e1n ofreciendo sus licores y cervezas, vinos y chichas. La actividad comienza este s\u00e1bado a eso de las 11 de la ma\u00f1ana, esperamos que ya a esa hora los stands est\u00e9n abiertos, al mediod\u00eda vamos a inaugurar la actividad oficialmente, en ese momento se presentar\u00e1n varios artistas y tambi\u00e9n y potente esquinazo y los alumnos de la Escuela Art\u00edstica El Tambo entre otras sorpresas, ese mismo d\u00eda a las 18:00 horas tendremos el show art\u00edstico, estar\u00e1 una comparsa en la que las madres bailan con sus beb\u00e9s en brazos, estar\u00e1 tambi\u00e9n la Banda Ficks, una banda sanfelipe\u00f1a inclusiva, y la Banda PAPA (Por Aqu\u00ed Pasan Aviones) con su cumbia sicod\u00e9lica, en la parte humor\u00edstica tendremos al Lagarto Murdock, la jornada del s\u00e1bado la cerrar\u00e1 la Cubana Can\u00bb, puntualiz\u00f3 el funcionario.<\/p>\n<p><span style=\"color: #ff0000;\"><strong>PARA EL DOMINGO<\/strong><\/span><br \/>\nRuiz explic\u00f3 tambi\u00e9n parte de la programaci\u00f3n del d\u00eda domingo, \u00abel domingo al mediod\u00eda se realizar\u00e1 la Misa de Cuasimodo, este a\u00f1o no habr\u00e1 Misa a la Chilena, esta actividad es cantada y muy linda, ese mismo d\u00eda en la tarde estaremos eligiendo a la Reina de la Fiesta de la Vendimia 2018, tendremos al grupo folcl\u00f3rico \u2018Zapateando nuestra cueca en otra fonda\u2019, en donde se presentar\u00e1n los mejores folcloristas del valle; Los Guairas andinos y cerrar\u00e1 la Banda Conmoci\u00f3n, este a\u00f1o estaremos terminando cerca de las 22:00 horas, m\u00e1s temprano que en otros a\u00f1os\u00bb, dijo Ruiz.<\/p>\n<p><span style=\"color: #ff0000;\"><strong>CALLES CERRADAS<\/strong><\/span><br \/>\nSobre las medidas que el Municipio adoptar\u00e1 para que no existan tacos vehiculares, Ricardo Ruiz respondi\u00f3 tambi\u00e9n a nuestras preguntas.<br \/>\n<strong>&#8211; \u00bfC\u00f3mo afectar\u00e1 esta fiesta a los conductores residentes y visitantes?<\/strong><br \/>\n&#8211; Sabemos que generamos bastantes problemas a los vecinos con esta actividad con el tema del tr\u00e1nsito en varias arterias de nuestra comuna, particularmente en el sector de El Almendral, pero tambi\u00e9n creemos firmemente que el espacio p\u00fablico es para el uso de la ciudadan\u00eda y no s\u00f3lo para los veh\u00edculos, por tanto el llamado a los conductores es a tener las precauciones y que se programen teniendo en consideraci\u00f3n que habr\u00e1n interrupciones de tr\u00e1nsito el d\u00eda viernes 6 de abril desde las 15:00 horas en Calle Almendral frente a la iglesia, esto para poder realizar el montaje del escenario que se usar\u00e1 para esta importante actividad, es decir que el tramo entre el cerro y la esquina de la Calle Belisario Montenegro estar\u00e1 cerrado, mientras que Calle El Convento no estar\u00e1 cerrada. Los conductores que vengan de Santa Mar\u00eda por la ruta de la orilla del cerro se encontrar\u00e1n que no hay paso, por lo que deber\u00e1n ingresar a San Felipe por La Troya, lo mejor ser\u00e1 transitar por Tocornal.<br \/>\n<strong>&#8211; \u00bfY para los d\u00edas de la fiesta?<\/strong><br \/>\n&#8211; Para el s\u00e1bado y domingo estar\u00e1 interrumpido el tr\u00e1nsito en Calle Almendral, este cierre estar\u00e1 en la rotonda del Liceo Mixto, solamente podr\u00e1n ingresar los residentes y veh\u00edculos relacionados con la actividad, mientras que Calle Belisario Montenegro estar\u00e1 cerrada hasta la Escuela Almendral, y tambi\u00e9n cerrada la calle por el cerro.<br \/>\n<strong>Roberto Gonz\u00e1lez Short<\/strong><\/p>\n<figure id=\"attachment_85600\" aria-describedby=\"caption-attachment-85600\" style=\"width: 580px\" class=\"wp-caption alignnone\"><img data-recalc-dims=\"1\" loading=\"lazy\" decoding=\"async\" class=\"size-full wp-image-85600\" src=\"https:\/\/i0.wp.com\/www.eltrabajo.cl\/portal\/wp-content\/uploads\/2018\/04\/Vendimia_Ricardo-Ruiz.jpg?resize=580%2C399\" alt=\"Ricardo Ruiz, encargado de Cultura de la Municipalidad de San Felipe.\" width=\"580\" height=\"399\" srcset=\"https:\/\/i0.wp.com\/eltrabajo.cl\/portal\/wp-content\/uploads\/2018\/04\/Vendimia_Ricardo-Ruiz.jpg?w=580&amp;ssl=1 580w, https:\/\/i0.wp.com\/eltrabajo.cl\/portal\/wp-content\/uploads\/2018\/04\/Vendimia_Ricardo-Ruiz.jpg?resize=200%2C138&amp;ssl=1 200w, https:\/\/i0.wp.com\/eltrabajo.cl\/portal\/wp-content\/uploads\/2018\/04\/Vendimia_Ricardo-Ruiz.jpg?resize=300%2C206&amp;ssl=1 300w, https:\/\/i0.wp.com\/eltrabajo.cl\/portal\/wp-content\/uploads\/2018\/04\/Vendimia_Ricardo-Ruiz.jpg?resize=218%2C150&amp;ssl=1 218w, https:\/\/i0.wp.com\/eltrabajo.cl\/portal\/wp-content\/uploads\/2018\/04\/Vendimia_Ricardo-Ruiz.jpg?resize=400%2C275&amp;ssl=1 400w\" sizes=\"auto, (max-width: 580px) 100vw, 580px\" \/><figcaption id=\"caption-attachment-85600\" class=\"wp-caption-text\">Ricardo Ruiz, encargado de Cultura de la Municipalidad de San Felipe.<\/figcaption><\/figure>\n<figure id=\"attachment_85601\" aria-describedby=\"caption-attachment-85601\" style=\"width: 580px\" class=\"wp-caption alignnone\"><img data-recalc-dims=\"1\" loading=\"lazy\" decoding=\"async\" class=\"size-full wp-image-85601\" src=\"https:\/\/i0.wp.com\/www.eltrabajo.cl\/portal\/wp-content\/uploads\/2018\/04\/Vendimia1.jpg?resize=580%2C399\" alt=\"IMPERDIBLE.- Folcloristas, bandas musicales, humor, artesanos y stands de productos estar\u00e1n listos para este fin de semana en la Fiesta de la Vendimia 2018.\" width=\"580\" height=\"399\" srcset=\"https:\/\/i0.wp.com\/eltrabajo.cl\/portal\/wp-content\/uploads\/2018\/04\/Vendimia1.jpg?w=580&amp;ssl=1 580w, https:\/\/i0.wp.com\/eltrabajo.cl\/portal\/wp-content\/uploads\/2018\/04\/Vendimia1.jpg?resize=200%2C138&amp;ssl=1 200w, https:\/\/i0.wp.com\/eltrabajo.cl\/portal\/wp-content\/uploads\/2018\/04\/Vendimia1.jpg?resize=300%2C206&amp;ssl=1 300w, https:\/\/i0.wp.com\/eltrabajo.cl\/portal\/wp-content\/uploads\/2018\/04\/Vendimia1.jpg?resize=218%2C150&amp;ssl=1 218w, https:\/\/i0.wp.com\/eltrabajo.cl\/portal\/wp-content\/uploads\/2018\/04\/Vendimia1.jpg?resize=400%2C275&amp;ssl=1 400w\" sizes=\"auto, (max-width: 580px) 100vw, 580px\" \/><figcaption id=\"caption-attachment-85601\" class=\"wp-caption-text\">IMPERDIBLE.- Folcloristas, bandas musicales, humor, artesanos y stands de productos estar\u00e1n listos para este fin de semana en la Fiesta de la Vendimia 2018.<\/figcaption><\/figure>\n","protected":false},"excerpt":{"rendered":"<p>Todo est\u00e1 ya casi listo para que inicie la esperada Fiesta de la Vendimia 2018, actividad que desarrolla la municipalidad de San Felipe desde hace cinco a\u00f1os y que en cada nueva&#8230;<\/p>\n","protected":false},"author":1,"featured_media":85601,"comment_status":"open","ping_status":"open","sticky":false,"template":"","format":"standard","meta":{"advanced_seo_description":"","jetpack_seo_html_title":"","jetpack_seo_noindex":false,"_jetpack_memberships_contains_paid_content":false,"footnotes":""},"categories":[1],"tags":[],"class_list":["post-85599","post","type-post","status-publish","format-standard","has-post-thumbnail","hentry","category-cronica"],"jetpack_featured_media_url":"https:\/\/i0.wp.com\/eltrabajo.cl\/portal\/wp-content\/uploads\/2018\/04\/Vendimia1.jpg?fit=580%2C399&ssl=1","jetpack_sharing_enabled":true,"jetpack_likes_enabled":true,"jetpack-related-posts":[],"_links":{"self":[{"href":"https:\/\/eltrabajo.cl\/portal\/wp-json\/wp\/v2\/posts\/85599","targetHints":{"allow":["GET"]}}],"collection":[{"href":"https:\/\/eltrabajo.cl\/portal\/wp-json\/wp\/v2\/posts"}],"about":[{"href":"https:\/\/eltrabajo.cl\/portal\/wp-json\/wp\/v2\/types\/post"}],"author":[{"embeddable":true,"href":"https:\/\/eltrabajo.cl\/portal\/wp-json\/wp\/v2\/users\/1"}],"replies":[{"embeddable":true,"href":"https:\/\/eltrabajo.cl\/portal\/wp-json\/wp\/v2\/comments?post=85599"}],"version-history":[{"count":0,"href":"https:\/\/eltrabajo.cl\/portal\/wp-json\/wp\/v2\/posts\/85599\/revisions"}],"wp:featuredmedia":[{"embeddable":true,"href":"https:\/\/eltrabajo.cl\/portal\/wp-json\/wp\/v2\/media\/85601"}],"wp:attachment":[{"href":"https:\/\/eltrabajo.cl\/portal\/wp-json\/wp\/v2\/media?parent=85599"}],"wp:term":[{"taxonomy":"category","embeddable":true,"href":"https:\/\/eltrabajo.cl\/portal\/wp-json\/wp\/v2\/categories?post=85599"},{"taxonomy":"post_tag","embeddable":true,"href":"https:\/\/eltrabajo.cl\/portal\/wp-json\/wp\/v2\/tags?post=85599"}],"curies":[{"name":"wp","href":"https:\/\/api.w.org\/{rel}","templated":true}]}}