{"id":85604,"date":"2018-04-04T05:05:45","date_gmt":"2018-04-04T09:05:45","guid":{"rendered":"http:\/\/www.eltrabajo.cl\/2017\/?p=85604"},"modified":"2018-04-04T05:05:45","modified_gmt":"2018-04-04T09:05:45","slug":"denuncian-que-estan-dejando-botados-a-los-vecinos-de-villa-el-senorial","status":"publish","type":"post","link":"https:\/\/eltrabajo.cl\/portal\/denuncian-que-estan-dejando-botados-a-los-vecinos-de-villa-el-senorial\/","title":{"rendered":"Denuncian que est\u00e1n dejando \u2018botados\u2019 a los vecinos de Villa El Se\u00f1orial"},"content":{"rendered":"<figure id=\"attachment_85605\" aria-describedby=\"caption-attachment-85605\" style=\"width: 580px\" class=\"wp-caption alignnone\"><img data-recalc-dims=\"1\" loading=\"lazy\" decoding=\"async\" class=\"size-full wp-image-85605\" src=\"https:\/\/i0.wp.com\/www.eltrabajo.cl\/portal\/wp-content\/uploads\/2018\/04\/Erika-Alvarez.jpg?resize=580%2C399\" alt=\"Erika Alvarez, Presidenta de la Junta de Vecinos El Se\u00f1orial de San Felipe.\" width=\"580\" height=\"399\" srcset=\"https:\/\/i0.wp.com\/eltrabajo.cl\/portal\/wp-content\/uploads\/2018\/04\/Erika-Alvarez.jpg?w=580&amp;ssl=1 580w, https:\/\/i0.wp.com\/eltrabajo.cl\/portal\/wp-content\/uploads\/2018\/04\/Erika-Alvarez.jpg?resize=200%2C138&amp;ssl=1 200w, https:\/\/i0.wp.com\/eltrabajo.cl\/portal\/wp-content\/uploads\/2018\/04\/Erika-Alvarez.jpg?resize=300%2C206&amp;ssl=1 300w, https:\/\/i0.wp.com\/eltrabajo.cl\/portal\/wp-content\/uploads\/2018\/04\/Erika-Alvarez.jpg?resize=218%2C150&amp;ssl=1 218w, https:\/\/i0.wp.com\/eltrabajo.cl\/portal\/wp-content\/uploads\/2018\/04\/Erika-Alvarez.jpg?resize=400%2C275&amp;ssl=1 400w\" sizes=\"auto, (max-width: 580px) 100vw, 580px\" \/><figcaption id=\"caption-attachment-85605\" class=\"wp-caption-text\">Erika Alvarez, Presidenta de la Junta de Vecinos El Se\u00f1orial de San Felipe.<\/figcaption><\/figure>\n<ul>\n<li><span style=\"color: #ff0000;\"><strong>Disminuye frecuencia de locomoci\u00f3n colectiva:<\/strong><\/span><\/li>\n<\/ul>\n<p>La Presidenta de la Junta de Vecinos de Villa El Se\u00f1orial, Erika \u00c1lvarez, denunci\u00f3 la molestia y preocupaci\u00f3n que la han hecho patente sus vecinos por la disminuci\u00f3n de las frecuencias de la locomoci\u00f3n colectiva por el sector, siendo el motivo principal de este problema los trabajos que se est\u00e1n realizando en calle Julio Montero.<br \/>\n\u201cLos vecinos me han hecho saber su preocupaci\u00f3n ya que debido a los trabajos en Julio Montero, la locomoci\u00f3n colectiva ha disminuido, se ven muy pocos colectivos, no est\u00e1n yendo a Villa El Se\u00f1or\u00edal, habiendo all\u00e1 una garita, ellos tienen que cubrir y prestar el servicio como corresponde, no los tienen que dejar abandonados, porque aparte los vecinos ya se siente entre comillas perjudicados por las obras, ahora m\u00e1s encima tengan este otro problema que se adhiere, no est\u00e1n teniendo locomoci\u00f3n en la ma\u00f1ana, est\u00e1n quedando botados, las personas est\u00e1n llegando atrasadas a sus trabajos, los pap\u00e1s que deben llevar sus hijos al colegio tambi\u00e9n est\u00e1n viviendo la misma situaci\u00f3n\u201d, indic\u00f3 la dirigente.<br \/>\nAsegur\u00f3 que van a conversar con Buses Puma para que decidan un recorrido y no sean los choferes quienes lo hagan y vayan por donde ellos estimen conveniente: \u201cLos vecinos se sienten mal porque dicen esperar la micro y no pas\u00f3 por el lugar, entonces ese es el tema que estamos resolviendo por el momento. Yo he ido a hablar con don Manuel Carvallo y van a mandar una carta ac\u00e1 al Departamento de Tr\u00e1nsito, lo mismo va a hacer don Justo Ayala, para que tengan que definir el recorrido y los vecinos solucionen este problema; hay alternativas de recorrido que no se est\u00e1n tomando\u201d, manifiesta \u00c1lvarez.<br \/>\nLa dirigente lament\u00f3 que no se hayan tomado antes las medidas de mitigaci\u00f3n con respecto a la locomoci\u00f3n, debiera haberse hablado con el transporte y plantearle este problema, comentarles los trabajos que se iban a hacer y cu\u00e1les ser\u00edan los resguardos.<br \/>\nEn el fondo explicarles las calles alternativas: \u201cPor ejemplo Julio Montero no est\u00e1 cerrada completamente, igual hay una v\u00eda, est\u00e1 tambi\u00e9n Elena Arag\u00f3n, Manuel Caballero, Ernesto Montenegro, en definitiva los vecinos andan s\u00faper perdidos con el tema, ese es el reclamos que tenemos en Villa El Se\u00f1orial\u201d, indic\u00f3 la presidenta \u00c9rica \u00c1lvarez.<br \/>\n<strong>&#8211; \u00bfSer\u00e1 un problema de voluntad tambi\u00e9n?<\/strong><br \/>\n&#8211; S\u00ed, de todas maneras, yo el otro d\u00eda me sub\u00ed a un colectivo y el chofer me dijo que no estaban yendo al Se\u00f1orial por los trabajos, pero le dije que hay otras alternativas, ellos como prestadores de servicio pueden irse por cualquier calle, no tienen definido una calle espec\u00edfica, ellos pueden andar por toda la comuna, pero seguramente est\u00e1n yendo al Se\u00f1orial a marcar su tarjeta y se est\u00e1n yendo para otro lado, pero no est\u00e1n volviendo, es un trabajo que les corresponde hacer y es feo que dejen botados a los vecinos.<br \/>\nAl finalizar no quiso dar un n\u00famero de afectados, pero s\u00ed reconoci\u00f3 que son muchos vecinos, especialmente en las horas peak, en las ma\u00f1anas y a las cuatro de la tarde por ejemplo.<\/p>\n","protected":false},"excerpt":{"rendered":"<p>Disminuye frecuencia de locomoci\u00f3n colectiva: La Presidenta de la Junta de Vecinos de Villa El Se\u00f1orial, Erika \u00c1lvarez, denunci\u00f3 la molestia y preocupaci\u00f3n que la han hecho patente sus vecinos por la&#8230;<\/p>\n","protected":false},"author":1,"featured_media":85605,"comment_status":"open","ping_status":"open","sticky":false,"template":"","format":"standard","meta":{"advanced_seo_description":"","jetpack_seo_html_title":"","jetpack_seo_noindex":false,"_jetpack_memberships_contains_paid_content":false,"footnotes":""},"categories":[15],"tags":[],"class_list":["post-85604","post","type-post","status-publish","format-standard","has-post-thumbnail","hentry","category-comunidad"],"jetpack_featured_media_url":"https:\/\/i0.wp.com\/eltrabajo.cl\/portal\/wp-content\/uploads\/2018\/04\/Erika-Alvarez.jpg?fit=580%2C399&ssl=1","jetpack_sharing_enabled":true,"jetpack_likes_enabled":true,"jetpack-related-posts":[],"_links":{"self":[{"href":"https:\/\/eltrabajo.cl\/portal\/wp-json\/wp\/v2\/posts\/85604","targetHints":{"allow":["GET"]}}],"collection":[{"href":"https:\/\/eltrabajo.cl\/portal\/wp-json\/wp\/v2\/posts"}],"about":[{"href":"https:\/\/eltrabajo.cl\/portal\/wp-json\/wp\/v2\/types\/post"}],"author":[{"embeddable":true,"href":"https:\/\/eltrabajo.cl\/portal\/wp-json\/wp\/v2\/users\/1"}],"replies":[{"embeddable":true,"href":"https:\/\/eltrabajo.cl\/portal\/wp-json\/wp\/v2\/comments?post=85604"}],"version-history":[{"count":0,"href":"https:\/\/eltrabajo.cl\/portal\/wp-json\/wp\/v2\/posts\/85604\/revisions"}],"wp:featuredmedia":[{"embeddable":true,"href":"https:\/\/eltrabajo.cl\/portal\/wp-json\/wp\/v2\/media\/85605"}],"wp:attachment":[{"href":"https:\/\/eltrabajo.cl\/portal\/wp-json\/wp\/v2\/media?parent=85604"}],"wp:term":[{"taxonomy":"category","embeddable":true,"href":"https:\/\/eltrabajo.cl\/portal\/wp-json\/wp\/v2\/categories?post=85604"},{"taxonomy":"post_tag","embeddable":true,"href":"https:\/\/eltrabajo.cl\/portal\/wp-json\/wp\/v2\/tags?post=85604"}],"curies":[{"name":"wp","href":"https:\/\/api.w.org\/{rel}","templated":true}]}}