{"id":85608,"date":"2018-04-04T05:06:44","date_gmt":"2018-04-04T09:06:44","guid":{"rendered":"http:\/\/www.eltrabajo.cl\/2017\/?p=85608"},"modified":"2018-04-04T05:06:44","modified_gmt":"2018-04-04T09:06:44","slug":"recapturan-a-cuarto-y-ultimo-profugo-de-la-carcel-de-san-felipe","status":"publish","type":"post","link":"https:\/\/eltrabajo.cl\/portal\/recapturan-a-cuarto-y-ultimo-profugo-de-la-carcel-de-san-felipe\/","title":{"rendered":"Recapturan a cuarto y \u00faltimo pr\u00f3fugo de la c\u00e1rcel de San Felipe"},"content":{"rendered":"<figure id=\"attachment_85609\" aria-describedby=\"caption-attachment-85609\" style=\"width: 580px\" class=\"wp-caption alignnone\"><img data-recalc-dims=\"1\" loading=\"lazy\" decoding=\"async\" class=\"size-full wp-image-85609\" src=\"https:\/\/i0.wp.com\/www.eltrabajo.cl\/portal\/wp-content\/uploads\/2018\/04\/Nicolas-Iturrieta.jpg?resize=580%2C397\" alt=\"Nicol\u00e1s Iturreta Leiva, cuarto y \u00faltimo integrante de los reos pr\u00f3fugos desde la c\u00e1rcel de San Felipe.\" width=\"580\" height=\"397\" srcset=\"https:\/\/i0.wp.com\/eltrabajo.cl\/portal\/wp-content\/uploads\/2018\/04\/Nicolas-Iturrieta.jpg?w=580&amp;ssl=1 580w, https:\/\/i0.wp.com\/eltrabajo.cl\/portal\/wp-content\/uploads\/2018\/04\/Nicolas-Iturrieta.jpg?resize=200%2C137&amp;ssl=1 200w, https:\/\/i0.wp.com\/eltrabajo.cl\/portal\/wp-content\/uploads\/2018\/04\/Nicolas-Iturrieta.jpg?resize=300%2C205&amp;ssl=1 300w, https:\/\/i0.wp.com\/eltrabajo.cl\/portal\/wp-content\/uploads\/2018\/04\/Nicolas-Iturrieta.jpg?resize=219%2C150&amp;ssl=1 219w, https:\/\/i0.wp.com\/eltrabajo.cl\/portal\/wp-content\/uploads\/2018\/04\/Nicolas-Iturrieta.jpg?resize=400%2C274&amp;ssl=1 400w\" sizes=\"auto, (max-width: 580px) 100vw, 580px\" \/><figcaption id=\"caption-attachment-85609\" class=\"wp-caption-text\">Nicol\u00e1s Iturreta Leiva, cuarto y \u00faltimo integrante de los reos pr\u00f3fugos desde la c\u00e1rcel de San Felipe.<\/figcaption><\/figure>\n<ul>\n<li><strong><span style=\"color: #ff0000;\">Nicol\u00e1s Iturrieta Leiva, alias \u2018El Tetera\u2019:<\/span>\u00a0Gendarmer\u00eda confirm\u00f3 la recaptura del interno que permaneci\u00f3 pr\u00f3fugo cerca de seis meses, siendo detenido en la ciudad de Coquimbo para ser derivado a una unidad penal de la instituci\u00f3n.<\/strong><\/li>\n<\/ul>\n<p>Gendarmer\u00eda confirm\u00f3 la recaptura efectuada este fin de semana del interno Nicol\u00e1s Hern\u00e1n Iturrieta Leiva, alias \u2018El Tetera\u2019, cuarto y \u00faltimo reo pr\u00f3fugo que escaparon de la c\u00e1rcel de San Felipe el pasado 12 de octubre del 2017.<br \/>\nTras casi seis meses de la fuga, Iturrieta Leiva fue detenido por la polic\u00eda en la ciudad de Coquimbo, quedando a disposici\u00f3n de Gendarmer\u00eda para ser reubicado en una unidad penal como imputado del delito de robo con intimidaci\u00f3n con arma de fuego a un chofer del cami\u00f3n de la empresa Adelco, ocurrido en la poblaci\u00f3n San Felipe, quien acompa\u00f1ado por otros cuatro sujetos se habr\u00edan apoderado del m\u00f3vil con mercader\u00edas y dinero en efectivo, enfrent\u00e1ndose uno de ellos a balazos con Carabineros en septiembre del a\u00f1o pasado.<br \/>\nComo se recordar\u00e1, la fuga de los internos desde la c\u00e1rcel de San Felipe se habr\u00eda concretado aparentemente con la ayuda de un funcionario de esta instituci\u00f3n que est\u00e1 siendo investigado.<br \/>\nEn aquella ocasi\u00f3n Mat\u00edas Carvajal Cort\u00e9s, condenado a ocho a\u00f1os de c\u00e1rcel por homicidio en Catemu, fue el primer recapturado por Carabineros tras huir de la c\u00e1rcel sanfelipe\u00f1a.<br \/>\nDurante las semanas siguientes fueron tambi\u00e9n recapturados Sebasti\u00e1n Andr\u00e9s Hugue\u00f1o Cataldo, al\u00edas \u2018El Cangrejo\u2019, acusado de robo en lugar habitado y porte de arma punzante, y Maykol Tapia Vera, \u00e9ste \u00faltimo, a quien se le imputan cargos por robo en lugar habitado, fue capturado en la ciudad de Valpara\u00edso por funcionarios policiales de la Tenencia de Rodelillos.<br \/>\nFinalmente con la detenci\u00f3n de Iturrieta se dan por concluidas las recapturas de los internos que huyeron desde el Centro de Cumplimiento Penitenciario de San Felipe.<br \/>\n<strong>Pablo Salinas Sald\u00edas<\/strong><\/p>\n","protected":false},"excerpt":{"rendered":"<p>Nicol\u00e1s Iturrieta Leiva, alias \u2018El Tetera\u2019:\u00a0Gendarmer\u00eda confirm\u00f3 la recaptura del interno que permaneci\u00f3 pr\u00f3fugo cerca de seis meses, siendo detenido en la ciudad de Coquimbo para ser derivado a una unidad penal&#8230;<\/p>\n","protected":false},"author":1,"featured_media":85609,"comment_status":"open","ping_status":"open","sticky":false,"template":"","format":"standard","meta":{"advanced_seo_description":"","jetpack_seo_html_title":"","jetpack_seo_noindex":false,"_jetpack_memberships_contains_paid_content":false,"footnotes":""},"categories":[21],"tags":[],"class_list":["post-85608","post","type-post","status-publish","format-standard","has-post-thumbnail","hentry","category-policial"],"jetpack_featured_media_url":"https:\/\/i0.wp.com\/eltrabajo.cl\/portal\/wp-content\/uploads\/2018\/04\/Nicolas-Iturrieta.jpg?fit=580%2C397&ssl=1","jetpack_sharing_enabled":true,"jetpack_likes_enabled":true,"jetpack-related-posts":[],"_links":{"self":[{"href":"https:\/\/eltrabajo.cl\/portal\/wp-json\/wp\/v2\/posts\/85608","targetHints":{"allow":["GET"]}}],"collection":[{"href":"https:\/\/eltrabajo.cl\/portal\/wp-json\/wp\/v2\/posts"}],"about":[{"href":"https:\/\/eltrabajo.cl\/portal\/wp-json\/wp\/v2\/types\/post"}],"author":[{"embeddable":true,"href":"https:\/\/eltrabajo.cl\/portal\/wp-json\/wp\/v2\/users\/1"}],"replies":[{"embeddable":true,"href":"https:\/\/eltrabajo.cl\/portal\/wp-json\/wp\/v2\/comments?post=85608"}],"version-history":[{"count":0,"href":"https:\/\/eltrabajo.cl\/portal\/wp-json\/wp\/v2\/posts\/85608\/revisions"}],"wp:featuredmedia":[{"embeddable":true,"href":"https:\/\/eltrabajo.cl\/portal\/wp-json\/wp\/v2\/media\/85609"}],"wp:attachment":[{"href":"https:\/\/eltrabajo.cl\/portal\/wp-json\/wp\/v2\/media?parent=85608"}],"wp:term":[{"taxonomy":"category","embeddable":true,"href":"https:\/\/eltrabajo.cl\/portal\/wp-json\/wp\/v2\/categories?post=85608"},{"taxonomy":"post_tag","embeddable":true,"href":"https:\/\/eltrabajo.cl\/portal\/wp-json\/wp\/v2\/tags?post=85608"}],"curies":[{"name":"wp","href":"https:\/\/api.w.org\/{rel}","templated":true}]}}