{"id":85611,"date":"2018-04-05T05:00:57","date_gmt":"2018-04-05T09:00:57","guid":{"rendered":"http:\/\/www.eltrabajo.cl\/2017\/?p=85611"},"modified":"2018-04-05T05:00:57","modified_gmt":"2018-04-05T09:00:57","slug":"abogada-de-putaendo-maria-violeta-silva-cajas-es-nueva-seremi-del-trabajo","status":"publish","type":"post","link":"https:\/\/eltrabajo.cl\/portal\/abogada-de-putaendo-maria-violeta-silva-cajas-es-nueva-seremi-del-trabajo\/","title":{"rendered":"Abogada de Putaendo Mar\u00eda Violeta Silva Cajas es nueva Seremi del Trabajo"},"content":{"rendered":"<figure id=\"attachment_85612\" aria-describedby=\"caption-attachment-85612\" style=\"width: 580px\" class=\"wp-caption alignnone\"><img data-recalc-dims=\"1\" loading=\"lazy\" decoding=\"async\" class=\"size-full wp-image-85612\" src=\"https:\/\/i0.wp.com\/www.eltrabajo.cl\/portal\/wp-content\/uploads\/2018\/04\/MARIA-VIOLETA-SILVA-CAJAS.jpg?resize=580%2C399\" alt=\"Mar\u00eda Violeta Silva Cajas, abogada ampliamente conocida en la zona, es la nueva Seremi del Trabajo.\" width=\"580\" height=\"399\" srcset=\"https:\/\/i0.wp.com\/eltrabajo.cl\/portal\/wp-content\/uploads\/2018\/04\/MARIA-VIOLETA-SILVA-CAJAS.jpg?w=580&amp;ssl=1 580w, https:\/\/i0.wp.com\/eltrabajo.cl\/portal\/wp-content\/uploads\/2018\/04\/MARIA-VIOLETA-SILVA-CAJAS.jpg?resize=200%2C138&amp;ssl=1 200w, https:\/\/i0.wp.com\/eltrabajo.cl\/portal\/wp-content\/uploads\/2018\/04\/MARIA-VIOLETA-SILVA-CAJAS.jpg?resize=300%2C206&amp;ssl=1 300w, https:\/\/i0.wp.com\/eltrabajo.cl\/portal\/wp-content\/uploads\/2018\/04\/MARIA-VIOLETA-SILVA-CAJAS.jpg?resize=218%2C150&amp;ssl=1 218w, https:\/\/i0.wp.com\/eltrabajo.cl\/portal\/wp-content\/uploads\/2018\/04\/MARIA-VIOLETA-SILVA-CAJAS.jpg?resize=400%2C275&amp;ssl=1 400w\" sizes=\"auto, (max-width: 580px) 100vw, 580px\" \/><figcaption id=\"caption-attachment-85612\" class=\"wp-caption-text\">Mar\u00eda Violeta Silva Cajas, abogada ampliamente conocida en la zona, es la nueva Seremi del Trabajo.<\/figcaption><\/figure>\n<p>La abogada de la Pontificia Universidad Cat\u00f3lica de Valpara\u00edso y oriunda de Putaendo, Mar\u00eda Violeta Silva Cajas, fue designada por el presidente Sebasti\u00e1n Pi\u00f1era Eche\u00f1ique como la nueva Seremi del Trabajo en la Quinta Regi\u00f3n.<br \/>\nEn conversaci\u00f3n con Radio Aconcagua, la profesional dijo que fue muy bonito y algo loco como se enter\u00f3 de su nombramiento: \u201cA las siete de la tarde (martes) me llama el Intendente y me comenta que me est\u00e1 llamando de parte del Presidente de la Rep\u00fablica para que me incorpore a su equipo, obviamente que uno no le puede decir que no al presidente ni al intendente y le dije ok, coordinamos una visita protocolar para ma\u00f1ana (mi\u00e9rcoles) y no s\u00e9 quien lo dio a conocer por la prensa que me comenzaron a llegar los llamados, saludos de todos mis amigos de la zona, yo estoy residiendo en Vi\u00f1a, as\u00ed es que fue muy emocionante. Primero habl\u00e9 con mi familia, mis padres son de Putaendo, ellos estaban muy emocionados, mis hermanos, mi familia en general; tambi\u00e9n habl\u00e9 con el Gobernador, quien me felicit\u00f3 y me puse a su disposici\u00f3n; tambi\u00e9n convers\u00e9 con el Diputado Longton, as\u00ed es que ha sido una tarde noche bien ocupada, anoche termin\u00e9 como a las dos de la ma\u00f1ana cosa que yo no esperaba\u201d. indic\u00f3.<br \/>\nMar\u00eda Violeta Silva Cajas es abogada, fue asesora parlamentaria del Diputado Claudio Rodr\u00edguez Cataldo. Durante estos a\u00f1os ha estado ejerciendo libremente la profesi\u00f3n, especializ\u00e1ndose en el \u00e1rea del trabajo, algo que a la Seremi le satisface, y posee un Mag\u00edster en derecho administrativo.<br \/>\nComenta que espera poner toda su experiencia y sus capacidades al servicio de la gente y por ende al servicio del Presidente Sebasti\u00e1n Pi\u00f1era.<br \/>\nSobre peticiones, se\u00f1ala que la principal es la realizada por el propio presidente de la rep\u00fablica, como es tener harto trabajo en terreno: \u201cEs el compromiso que tengo con el Presidente Pi\u00f1era con el Ministro del Trabajo, quien nos ha pedido much\u00edsimo trabajo en terreno, much\u00edsimo contacto con la gente, as\u00ed es que yo espero plasmarlo y reunirme tan pronto asuma con la comunidad organizada, con los sindicatos, con los trabajadores, las empresas, los organismos de previsi\u00f3n social que son los que est\u00e1n ac\u00e1 en la Seremi\u201d.<br \/>\nAl finalizar la conversaci\u00f3n, aprovech\u00f3 para mandar un gran saludo a todo el Valle de Aconcagua, a todos sus familiares, amigos, a quienes les han llamado y enviado mensajes.<br \/>\n\u201cEsperamos asumir el desaf\u00edo con mucho entusiasmo, tener la energ\u00eda para hacerlo y poder cumplir con el compromiso que nos ha pedido el Presidente Pi\u00f1era\u201d, concluy\u00f3.<br \/>\nLa nueva Seremi del Trabajo es hija de los profesores de Putaendo Sergio Silva y Violeta Cajas.<\/p>\n","protected":false},"excerpt":{"rendered":"<p>La abogada de la Pontificia Universidad Cat\u00f3lica de Valpara\u00edso y oriunda de Putaendo, Mar\u00eda Violeta Silva Cajas, fue designada por el presidente Sebasti\u00e1n Pi\u00f1era Eche\u00f1ique como la nueva Seremi del Trabajo en&#8230;<\/p>\n","protected":false},"author":1,"featured_media":85612,"comment_status":"open","ping_status":"open","sticky":false,"template":"","format":"standard","meta":{"advanced_seo_description":"","jetpack_seo_html_title":"","jetpack_seo_noindex":false,"_jetpack_memberships_contains_paid_content":false,"footnotes":""},"categories":[1],"tags":[],"class_list":["post-85611","post","type-post","status-publish","format-standard","has-post-thumbnail","hentry","category-cronica"],"jetpack_featured_media_url":"https:\/\/i0.wp.com\/eltrabajo.cl\/portal\/wp-content\/uploads\/2018\/04\/MARIA-VIOLETA-SILVA-CAJAS.jpg?fit=580%2C399&ssl=1","jetpack_sharing_enabled":true,"jetpack_likes_enabled":true,"jetpack-related-posts":[],"_links":{"self":[{"href":"https:\/\/eltrabajo.cl\/portal\/wp-json\/wp\/v2\/posts\/85611","targetHints":{"allow":["GET"]}}],"collection":[{"href":"https:\/\/eltrabajo.cl\/portal\/wp-json\/wp\/v2\/posts"}],"about":[{"href":"https:\/\/eltrabajo.cl\/portal\/wp-json\/wp\/v2\/types\/post"}],"author":[{"embeddable":true,"href":"https:\/\/eltrabajo.cl\/portal\/wp-json\/wp\/v2\/users\/1"}],"replies":[{"embeddable":true,"href":"https:\/\/eltrabajo.cl\/portal\/wp-json\/wp\/v2\/comments?post=85611"}],"version-history":[{"count":0,"href":"https:\/\/eltrabajo.cl\/portal\/wp-json\/wp\/v2\/posts\/85611\/revisions"}],"wp:featuredmedia":[{"embeddable":true,"href":"https:\/\/eltrabajo.cl\/portal\/wp-json\/wp\/v2\/media\/85612"}],"wp:attachment":[{"href":"https:\/\/eltrabajo.cl\/portal\/wp-json\/wp\/v2\/media?parent=85611"}],"wp:term":[{"taxonomy":"category","embeddable":true,"href":"https:\/\/eltrabajo.cl\/portal\/wp-json\/wp\/v2\/categories?post=85611"},{"taxonomy":"post_tag","embeddable":true,"href":"https:\/\/eltrabajo.cl\/portal\/wp-json\/wp\/v2\/tags?post=85611"}],"curies":[{"name":"wp","href":"https:\/\/api.w.org\/{rel}","templated":true}]}}