{"id":85614,"date":"2018-04-05T05:01:00","date_gmt":"2018-04-05T09:01:00","guid":{"rendered":"http:\/\/www.eltrabajo.cl\/2017\/?p=85614"},"modified":"2018-04-05T05:01:00","modified_gmt":"2018-04-05T09:01:00","slug":"mas-de-7-500-sanfelipenos-han-recibido-vacuna-contra-la-influenza","status":"publish","type":"post","link":"https:\/\/eltrabajo.cl\/portal\/mas-de-7-500-sanfelipenos-han-recibido-vacuna-contra-la-influenza\/","title":{"rendered":"M\u00e1s de 7.500 sanfelipe\u00f1os han recibido vacuna contra la influenza"},"content":{"rendered":"<figure id=\"attachment_85615\" aria-describedby=\"caption-attachment-85615\" style=\"width: 580px\" class=\"wp-caption alignnone\"><img data-recalc-dims=\"1\" loading=\"lazy\" decoding=\"async\" class=\"size-full wp-image-85615\" src=\"https:\/\/i0.wp.com\/www.eltrabajo.cl\/portal\/wp-content\/uploads\/2018\/04\/Campa%C3%B1a-2-vacunaci%C3%B3n-influenza.jpg?resize=580%2C400\" alt=\"El alcalde Patricio Freire aprovech\u00f3 de vacunarse en el Cesfam Segismudo Iturra, llamando a la poblaci\u00f3n a concurrir a inocularse y as\u00ed pasar un invierno tranquilo.\" width=\"580\" height=\"400\" srcset=\"https:\/\/i0.wp.com\/eltrabajo.cl\/portal\/wp-content\/uploads\/2018\/04\/Campa%C3%B1a-2-vacunaci%C3%B3n-influenza.jpg?w=580&amp;ssl=1 580w, https:\/\/i0.wp.com\/eltrabajo.cl\/portal\/wp-content\/uploads\/2018\/04\/Campa%C3%B1a-2-vacunaci%C3%B3n-influenza.jpg?resize=200%2C138&amp;ssl=1 200w, https:\/\/i0.wp.com\/eltrabajo.cl\/portal\/wp-content\/uploads\/2018\/04\/Campa%C3%B1a-2-vacunaci%C3%B3n-influenza.jpg?resize=300%2C207&amp;ssl=1 300w, https:\/\/i0.wp.com\/eltrabajo.cl\/portal\/wp-content\/uploads\/2018\/04\/Campa%C3%B1a-2-vacunaci%C3%B3n-influenza.jpg?resize=218%2C150&amp;ssl=1 218w, https:\/\/i0.wp.com\/eltrabajo.cl\/portal\/wp-content\/uploads\/2018\/04\/Campa%C3%B1a-2-vacunaci%C3%B3n-influenza.jpg?resize=400%2C276&amp;ssl=1 400w\" sizes=\"auto, (max-width: 580px) 100vw, 580px\" \/><figcaption id=\"caption-attachment-85615\" class=\"wp-caption-text\">El alcalde Patricio Freire aprovech\u00f3 de vacunarse en el Cesfam Segismudo Iturra, llamando a la poblaci\u00f3n a concurrir a inocularse y as\u00ed pasar un invierno tranquilo.<\/figcaption><\/figure>\n<ul>\n<li><strong><span style=\"color: #ff0000;\">Alcalde hizo llamado a ponerse la vacuna para as\u00ed pasar un invierno tranquilo.<\/span> La campa\u00f1a de este a\u00f1o busca administrar 14.000 dosis en la comuna.<\/strong><\/li>\n<\/ul>\n<p>En pleno desarrollo se encuentra la campa\u00f1a de vacunaci\u00f3n contra la influenza implementada por el Ministerio de Salud y en San Felipe, hasta la fecha, el balance es positivo. As\u00ed lo se\u00f1al\u00f3 Laura V\u00e1squez, enfermera encargada del programa nacional de inmunizaci\u00f3n en el Cesfam Segismundo Iturra: \u00abEn este momento, en tres semanas que llevamos, ya tenemos pr\u00e1cticamente el 54% de la poblaci\u00f3n objetivo vacunada. Ha sido bien arduo, pero estamos contentos\u00bb.<br \/>\nAdem\u00e1s, la profesional inform\u00f3 que los grupos de riesgos a los cuales est\u00e1 dirigida la primera parte de la campa\u00f1a, son los ni\u00f1os\/as de 6 meses a 5 a\u00f1os 11 meses, adultos mayores, mujeres embarazadas sobre las 13 semanas y los enfermos cr\u00f3nicos (hipertensos, diab\u00e9ticos, asm\u00e1ticos): \u00abLas primeras semanas de abril son especialmente para ellos, as\u00ed que los llamamos a que acudan al Cesfam. El resto de las personas que quieran vacunarse van a tener que esperar un poquito porque primero tenemos que vacunar a las personas del grupo de riesgo\u00bb, expres\u00f3 V\u00e1squez.<br \/>\nRespecto a las contraindicaciones, la enfermera indic\u00f3: \u00abIdealmente cualquier persona debe vacunarse porque hay una epidemia en ciernes, pero s\u00ed existen algunas contraindicaciones para personas que est\u00e9n, por ejemplo, cursando un cuadro agudo con fiebre sobre los 38 grados, tambi\u00e9n personas con un tratamiento prolongado con corticoides, algunos pacientes con c\u00e1ncer, entre otros\u00bb.<br \/>\nPor su parte, el alcalde Patricio Freire, quien se vacun\u00f3 en el Cesfam Segismundo Iturra, hizo un llamado a la comunidad sanfelipe\u00f1a a inocularse: \u00abEsta inyecci\u00f3n no duele nada, yo todos los a\u00f1os me vacuno y no tengo ning\u00fan problema y aqu\u00ed (Cesfam Segismundo Iturra) la encargada tiene unas manos de \u00e1ngel, as\u00ed que yo solamente los invito a que vengan al Cesfam a vacunarse y as\u00ed pasan un invierno tranquilo\u00bb.<br \/>\nFinalmente, una de las usuarias que se vacun\u00f3 en el Cesfam ubicado en el sector de Las Acacias, se refiri\u00f3 a su experiencia, se\u00f1alando: \u00abNo, no duele nada y ayuda a la salud. Un a\u00f1o no me vacun\u00e9 porque las vecinas me dijeron que me iba a dar una tos muy fuerte, pero estuve muy mal, me quer\u00edan trasladar al hospital porque me dio neumon\u00eda\u2026 eso me pas\u00f3 cuando no me vacun\u00e9. As\u00ed que les digo a mis vecinas que vengan a vacunarse, toma s\u00f3lo un minuto\u00bb, concluy\u00f3.<\/p>\n<figure id=\"attachment_85616\" aria-describedby=\"caption-attachment-85616\" style=\"width: 580px\" class=\"wp-caption alignnone\"><img data-recalc-dims=\"1\" loading=\"lazy\" decoding=\"async\" class=\"size-full wp-image-85616\" src=\"https:\/\/i0.wp.com\/www.eltrabajo.cl\/portal\/wp-content\/uploads\/2018\/04\/Campa%C3%B1a-3-vacunaci%C3%B3n-influenza.jpg?resize=580%2C399\" alt=\"Hasta el momento la campa\u00f1a lleva un 54% de la poblaci\u00f3n objetivo vacunada, donde figuran en la primera etapa los ni\u00f1os\/as de 6 meses a 5 a\u00f1os 11 meses, adultos mayores, mujeres embarazadas sobre las 13 semanas y los enfermos cr\u00f3nicos (hipertensos, diab\u00e9ticos, asm\u00e1ticos).\" width=\"580\" height=\"399\" srcset=\"https:\/\/i0.wp.com\/eltrabajo.cl\/portal\/wp-content\/uploads\/2018\/04\/Campa%C3%B1a-3-vacunaci%C3%B3n-influenza.jpg?w=580&amp;ssl=1 580w, https:\/\/i0.wp.com\/eltrabajo.cl\/portal\/wp-content\/uploads\/2018\/04\/Campa%C3%B1a-3-vacunaci%C3%B3n-influenza.jpg?resize=200%2C138&amp;ssl=1 200w, https:\/\/i0.wp.com\/eltrabajo.cl\/portal\/wp-content\/uploads\/2018\/04\/Campa%C3%B1a-3-vacunaci%C3%B3n-influenza.jpg?resize=300%2C206&amp;ssl=1 300w, https:\/\/i0.wp.com\/eltrabajo.cl\/portal\/wp-content\/uploads\/2018\/04\/Campa%C3%B1a-3-vacunaci%C3%B3n-influenza.jpg?resize=218%2C150&amp;ssl=1 218w, https:\/\/i0.wp.com\/eltrabajo.cl\/portal\/wp-content\/uploads\/2018\/04\/Campa%C3%B1a-3-vacunaci%C3%B3n-influenza.jpg?resize=400%2C275&amp;ssl=1 400w\" sizes=\"auto, (max-width: 580px) 100vw, 580px\" \/><figcaption id=\"caption-attachment-85616\" class=\"wp-caption-text\">Hasta el momento la campa\u00f1a lleva un 54% de la poblaci\u00f3n objetivo vacunada, donde figuran en la primera etapa los ni\u00f1os\/as de 6 meses a 5 a\u00f1os 11 meses, adultos mayores, mujeres embarazadas sobre las 13 semanas y los enfermos cr\u00f3nicos (hipertensos, diab\u00e9ticos, asm\u00e1ticos).<\/figcaption><\/figure>\n","protected":false},"excerpt":{"rendered":"<p>Alcalde hizo llamado a ponerse la vacuna para as\u00ed pasar un invierno tranquilo. La campa\u00f1a de este a\u00f1o busca administrar 14.000 dosis en la comuna. En pleno desarrollo se encuentra la campa\u00f1a&#8230;<\/p>\n","protected":false},"author":1,"featured_media":85616,"comment_status":"open","ping_status":"open","sticky":false,"template":"","format":"standard","meta":{"advanced_seo_description":"","jetpack_seo_html_title":"","jetpack_seo_noindex":false,"_jetpack_memberships_contains_paid_content":false,"footnotes":""},"categories":[1],"tags":[],"class_list":["post-85614","post","type-post","status-publish","format-standard","has-post-thumbnail","hentry","category-cronica"],"jetpack_featured_media_url":"https:\/\/i0.wp.com\/eltrabajo.cl\/portal\/wp-content\/uploads\/2018\/04\/Campa%C3%B1a-3-vacunaci%C3%B3n-influenza.jpg?fit=580%2C399&ssl=1","jetpack_sharing_enabled":true,"jetpack_likes_enabled":true,"jetpack-related-posts":[],"_links":{"self":[{"href":"https:\/\/eltrabajo.cl\/portal\/wp-json\/wp\/v2\/posts\/85614","targetHints":{"allow":["GET"]}}],"collection":[{"href":"https:\/\/eltrabajo.cl\/portal\/wp-json\/wp\/v2\/posts"}],"about":[{"href":"https:\/\/eltrabajo.cl\/portal\/wp-json\/wp\/v2\/types\/post"}],"author":[{"embeddable":true,"href":"https:\/\/eltrabajo.cl\/portal\/wp-json\/wp\/v2\/users\/1"}],"replies":[{"embeddable":true,"href":"https:\/\/eltrabajo.cl\/portal\/wp-json\/wp\/v2\/comments?post=85614"}],"version-history":[{"count":0,"href":"https:\/\/eltrabajo.cl\/portal\/wp-json\/wp\/v2\/posts\/85614\/revisions"}],"wp:featuredmedia":[{"embeddable":true,"href":"https:\/\/eltrabajo.cl\/portal\/wp-json\/wp\/v2\/media\/85616"}],"wp:attachment":[{"href":"https:\/\/eltrabajo.cl\/portal\/wp-json\/wp\/v2\/media?parent=85614"}],"wp:term":[{"taxonomy":"category","embeddable":true,"href":"https:\/\/eltrabajo.cl\/portal\/wp-json\/wp\/v2\/categories?post=85614"},{"taxonomy":"post_tag","embeddable":true,"href":"https:\/\/eltrabajo.cl\/portal\/wp-json\/wp\/v2\/tags?post=85614"}],"curies":[{"name":"wp","href":"https:\/\/api.w.org\/{rel}","templated":true}]}}