{"id":85622,"date":"2018-04-05T05:02:11","date_gmt":"2018-04-05T09:02:11","guid":{"rendered":"http:\/\/www.eltrabajo.cl\/2017\/?p=85622"},"modified":"2018-04-05T05:02:11","modified_gmt":"2018-04-05T09:02:11","slug":"nueva-sede-de-la-upla-en-catemu-da-inicio-a-su-ano-academico","status":"publish","type":"post","link":"https:\/\/eltrabajo.cl\/portal\/nueva-sede-de-la-upla-en-catemu-da-inicio-a-su-ano-academico\/","title":{"rendered":"Nueva sede de la Upla en Catemu da inicio a su a\u00f1o acad\u00e9mico"},"content":{"rendered":"<figure id=\"attachment_85623\" aria-describedby=\"caption-attachment-85623\" style=\"width: 580px\" class=\"wp-caption alignnone\"><img data-recalc-dims=\"1\" loading=\"lazy\" decoding=\"async\" class=\"size-full wp-image-85623\" src=\"https:\/\/i0.wp.com\/www.eltrabajo.cl\/portal\/wp-content\/uploads\/2018\/04\/upla-catemu.jpg?resize=580%2C399\" alt=\"En ceremonia que cont\u00f3 con la nueva Seremi de Educaci\u00f3n, Patricia Colarte, autoridades de la UPLA y municipales se dio inicio oficial al a\u00f1o acad\u00e9mico de la UPLA en Catemu.\" width=\"580\" height=\"399\" srcset=\"https:\/\/i0.wp.com\/eltrabajo.cl\/portal\/wp-content\/uploads\/2018\/04\/upla-catemu.jpg?w=580&amp;ssl=1 580w, https:\/\/i0.wp.com\/eltrabajo.cl\/portal\/wp-content\/uploads\/2018\/04\/upla-catemu.jpg?resize=200%2C138&amp;ssl=1 200w, https:\/\/i0.wp.com\/eltrabajo.cl\/portal\/wp-content\/uploads\/2018\/04\/upla-catemu.jpg?resize=300%2C206&amp;ssl=1 300w, https:\/\/i0.wp.com\/eltrabajo.cl\/portal\/wp-content\/uploads\/2018\/04\/upla-catemu.jpg?resize=218%2C150&amp;ssl=1 218w, https:\/\/i0.wp.com\/eltrabajo.cl\/portal\/wp-content\/uploads\/2018\/04\/upla-catemu.jpg?resize=400%2C275&amp;ssl=1 400w\" sizes=\"auto, (max-width: 580px) 100vw, 580px\" \/><figcaption id=\"caption-attachment-85623\" class=\"wp-caption-text\">En ceremonia que cont\u00f3 con la nueva Seremi de Educaci\u00f3n, Patricia Colarte, autoridades de la UPLA y municipales se dio inicio oficial al a\u00f1o acad\u00e9mico de la UPLA en Catemu.<\/figcaption><\/figure>\n<p><strong>CATEMU.-<\/strong> Con la presencia de la reci\u00e9n asumida Seremi de Educaci\u00f3n, Patricia Colarte, autoridades de la Universidad de Playa Ancha y de Catemu, se dio inicio oficial al a\u00f1o acad\u00e9mico del proyecto \u2018Universidad en tu comuna\u2019; proyecto pionero en el pa\u00eds y que actualmente cuenta con 42 alumnos matriculados.<br \/>\nDe la ceremonia participaron el alcalde de Catemu, Boris Luksic; el rector de la Universidad de Playa Ancha, Patricio Sanhueza; F\u00e9lix Ar\u00e9valo, Jefe Daem de Catemu; el Director General del Instituto Tecnol\u00f3gico San Felipe, Jorge Gonz\u00e1lez; los concejales Richard Concha y Claudia Villar; directores de establecimientos educacionales comunales y alumnos de las carreras impartidas, junto a sus apoderados.<br \/>\nPatricia Colarte destac\u00f3 el proyecto y lo calific\u00f3 como un hito importante a nivel nacional, ya que lleva la universidad a comunas que no son capitales de provincia. De la misma forma destac\u00f3 el compromiso y visi\u00f3n del Alcalde; del Jefe DAEM y del equipo de la universidad de Playa Ancha por llevar a cabo y sacar adelante un proyecto que apunta a abrir el abanico de opciones para quienes quieren continuar sus estudios superiores.<br \/>\nEl alcalde Boris Luksic\u00a0 agradeci\u00f3 el compromiso de los directivos de la casa de estudios superiores y la confianza puesta en el municipio para desarrollar este proyecto en Catemu: \u00abEsto demuestra que nuestra gesti\u00f3n como gobierno comunal, es reconocida como responsable y eficiente, tanto en el \u00e1rea de educaci\u00f3n como tambi\u00e9n en salud y obras. Prueba de esto es que siempre buscan nuestra comuna\u00a0 para desarrollar proyectos pioneros a nivel nacional, como lo fue en su momento la Red Wireless y la construcci\u00f3n del Polideportivo\u00bb.<br \/>\nEl edil a\u00f1adi\u00f3 que \u00abgracias a este proyecto, nuestros alumnos van a poder estudiar en la UPLA en nuestra comuna, en horario vespertino y de manera gratuita y no s\u00f3lo los alumnos que egresen de nuestro liceo, sino que tambi\u00e9n de liceos y establecimientos de otras comunas, lo que convertir\u00e1 a Catemu en un polo de desarrollo en materia educacional\u00bb.<br \/>\nPatricio Sanhueza se\u00f1al\u00f3 que \u00abla UPLA, y el Instituto Tecnol\u00f3gico, tienen un compromiso con el territorio y en ese sentido obviamente con las distintas comunas de nuestra regi\u00f3n como Catemu, que est\u00e1 ubicada muy cerca del campus San Felipe\u00bb.<br \/>\nLa autoridad acad\u00e9mica a\u00f1adi\u00f3 que \u00abesta iniciativa se inserta en la pol\u00edtica de descentralizar algunas de nuestras actividades, para contribuir al territorio en una alianza con la municipalidad y el Liceo Polivalente, que tiene una gran inversi\u00f3n en infraestructura y tecnolog\u00eda, lo que permitir\u00e1 a muchos j\u00f3venes continuar estudios t\u00e9cnicos de nivel superior, a trav\u00e9s de carreras que sean coincidentes con las especialidades que actualmente tienen\u00bb.<br \/>\nLas clases de UPLA en Catemu comenzaron a impartirse el 12 de marzo, y entre las carreras disponibles se encuentran construcciones met\u00e1licas y laboratorista qu\u00edmico.<\/p>\n","protected":false},"excerpt":{"rendered":"<p>CATEMU.- Con la presencia de la reci\u00e9n asumida Seremi de Educaci\u00f3n, Patricia Colarte, autoridades de la Universidad de Playa Ancha y de Catemu, se dio inicio oficial al a\u00f1o acad\u00e9mico del proyecto&#8230;<\/p>\n","protected":false},"author":1,"featured_media":85623,"comment_status":"open","ping_status":"open","sticky":false,"template":"","format":"standard","meta":{"advanced_seo_description":"","jetpack_seo_html_title":"","jetpack_seo_noindex":false,"_jetpack_memberships_contains_paid_content":false,"footnotes":""},"categories":[1],"tags":[],"class_list":["post-85622","post","type-post","status-publish","format-standard","has-post-thumbnail","hentry","category-cronica"],"jetpack_featured_media_url":"https:\/\/i0.wp.com\/eltrabajo.cl\/portal\/wp-content\/uploads\/2018\/04\/upla-catemu.jpg?fit=580%2C399&ssl=1","jetpack_sharing_enabled":true,"jetpack_likes_enabled":true,"jetpack-related-posts":[],"_links":{"self":[{"href":"https:\/\/eltrabajo.cl\/portal\/wp-json\/wp\/v2\/posts\/85622","targetHints":{"allow":["GET"]}}],"collection":[{"href":"https:\/\/eltrabajo.cl\/portal\/wp-json\/wp\/v2\/posts"}],"about":[{"href":"https:\/\/eltrabajo.cl\/portal\/wp-json\/wp\/v2\/types\/post"}],"author":[{"embeddable":true,"href":"https:\/\/eltrabajo.cl\/portal\/wp-json\/wp\/v2\/users\/1"}],"replies":[{"embeddable":true,"href":"https:\/\/eltrabajo.cl\/portal\/wp-json\/wp\/v2\/comments?post=85622"}],"version-history":[{"count":0,"href":"https:\/\/eltrabajo.cl\/portal\/wp-json\/wp\/v2\/posts\/85622\/revisions"}],"wp:featuredmedia":[{"embeddable":true,"href":"https:\/\/eltrabajo.cl\/portal\/wp-json\/wp\/v2\/media\/85623"}],"wp:attachment":[{"href":"https:\/\/eltrabajo.cl\/portal\/wp-json\/wp\/v2\/media?parent=85622"}],"wp:term":[{"taxonomy":"category","embeddable":true,"href":"https:\/\/eltrabajo.cl\/portal\/wp-json\/wp\/v2\/categories?post=85622"},{"taxonomy":"post_tag","embeddable":true,"href":"https:\/\/eltrabajo.cl\/portal\/wp-json\/wp\/v2\/tags?post=85622"}],"curies":[{"name":"wp","href":"https:\/\/api.w.org\/{rel}","templated":true}]}}