{"id":85628,"date":"2018-04-05T05:04:20","date_gmt":"2018-04-05T09:04:20","guid":{"rendered":"http:\/\/www.eltrabajo.cl\/2017\/?p=85628"},"modified":"2018-04-05T05:04:20","modified_gmt":"2018-04-05T09:04:20","slug":"natali-rosas-recibio-una-bicicleta-de-ruta-profesional","status":"publish","type":"post","link":"https:\/\/eltrabajo.cl\/portal\/natali-rosas-recibio-una-bicicleta-de-ruta-profesional\/","title":{"rendered":"Natali Rosas recibi\u00f3 una bicicleta de ruta profesional"},"content":{"rendered":"<figure id=\"attachment_85629\" aria-describedby=\"caption-attachment-85629\" style=\"width: 580px\" class=\"wp-caption alignnone\"><img data-recalc-dims=\"1\" loading=\"lazy\" decoding=\"async\" class=\"size-full wp-image-85629\" src=\"https:\/\/i0.wp.com\/www.eltrabajo.cl\/portal\/wp-content\/uploads\/2018\/04\/natali-y-bicicleta.jpg?resize=580%2C397\" alt=\"El alcalde de Santa Mar\u00eda entreg\u00f3 el valioso implemento deportivo a Natali Rosas.\" width=\"580\" height=\"397\" srcset=\"https:\/\/i0.wp.com\/eltrabajo.cl\/portal\/wp-content\/uploads\/2018\/04\/natali-y-bicicleta.jpg?w=580&amp;ssl=1 580w, https:\/\/i0.wp.com\/eltrabajo.cl\/portal\/wp-content\/uploads\/2018\/04\/natali-y-bicicleta.jpg?resize=200%2C137&amp;ssl=1 200w, https:\/\/i0.wp.com\/eltrabajo.cl\/portal\/wp-content\/uploads\/2018\/04\/natali-y-bicicleta.jpg?resize=300%2C205&amp;ssl=1 300w, https:\/\/i0.wp.com\/eltrabajo.cl\/portal\/wp-content\/uploads\/2018\/04\/natali-y-bicicleta.jpg?resize=219%2C150&amp;ssl=1 219w, https:\/\/i0.wp.com\/eltrabajo.cl\/portal\/wp-content\/uploads\/2018\/04\/natali-y-bicicleta.jpg?resize=400%2C274&amp;ssl=1 400w\" sizes=\"auto, (max-width: 580px) 100vw, 580px\" \/><figcaption id=\"caption-attachment-85629\" class=\"wp-caption-text\">El alcalde de Santa Mar\u00eda entreg\u00f3 el valioso implemento deportivo a Natali Rosas.<\/figcaption><\/figure>\n<ul>\n<li><span style=\"color: #ff0000;\"><strong>La deportista da un importante paso en su desarrollo al hacerse de un implemento vital para sus entrenamientos y competencias.<\/strong><\/span><\/li>\n<\/ul>\n<p>Cuando el mes de marzo comenzaba a despedirse (mi\u00e9rcoles 28), la atleta aconcag\u00fcina Natali Rosas recibi\u00f3 de parte del alcalde del alcalde de Santa Mar\u00eda, Claudio Zurita, una valiosa bicicleta de ruta que le permitir\u00e1 mejorar en esa disciplina ya que ahora puede entrenar mejor en lo que se refiere a distancias de fondo (largas), adem\u00e1s que de paso no da\u00f1ar\u00e1 su bicicleta de monta\u00f1a.<br \/>\nA\u00fan feliz por el tremendo respaldo municipal, Natali coment\u00f3 a nuestro medio: \u201cGracias al aporte de la empresa privada y el apoyo del municipio hoy cuento con un implemento fundamental que requiere un deportista de alto nivel, porque puedo seguir mejorando. La verdad estoy muy contenta por el respaldo y la gesti\u00f3n del alcalde Zurita que siempre ha confiado en m\u00ed y con su apoyo potencia mi carrera deportiva. Ahora yo espero retribuir todo esto d\u00e1ndole triunfos a mi comuna\u201d, afirm\u00f3 la uno de Chile en el Deporte Aventura, que en el final tambi\u00e9n tuvo palabras de agradecimiento para nuestro medio: \u201cSiempre destaco la cobertura que me brinda Diario El Trabajo, ya que gracias a ello la gente sabe de mis logros\u201d, remat\u00f3 Natali.<\/p>\n","protected":false},"excerpt":{"rendered":"<p>La deportista da un importante paso en su desarrollo al hacerse de un implemento vital para sus entrenamientos y competencias. Cuando el mes de marzo comenzaba a despedirse (mi\u00e9rcoles 28), la atleta&#8230;<\/p>\n","protected":false},"author":1,"featured_media":85629,"comment_status":"open","ping_status":"open","sticky":false,"template":"","format":"standard","meta":{"advanced_seo_description":"","jetpack_seo_html_title":"","jetpack_seo_noindex":false,"_jetpack_memberships_contains_paid_content":false,"footnotes":""},"categories":[19],"tags":[],"class_list":["post-85628","post","type-post","status-publish","format-standard","has-post-thumbnail","hentry","category-deportes"],"jetpack_featured_media_url":"https:\/\/i0.wp.com\/eltrabajo.cl\/portal\/wp-content\/uploads\/2018\/04\/natali-y-bicicleta.jpg?fit=580%2C397&ssl=1","jetpack_sharing_enabled":true,"jetpack_likes_enabled":true,"jetpack-related-posts":[],"_links":{"self":[{"href":"https:\/\/eltrabajo.cl\/portal\/wp-json\/wp\/v2\/posts\/85628","targetHints":{"allow":["GET"]}}],"collection":[{"href":"https:\/\/eltrabajo.cl\/portal\/wp-json\/wp\/v2\/posts"}],"about":[{"href":"https:\/\/eltrabajo.cl\/portal\/wp-json\/wp\/v2\/types\/post"}],"author":[{"embeddable":true,"href":"https:\/\/eltrabajo.cl\/portal\/wp-json\/wp\/v2\/users\/1"}],"replies":[{"embeddable":true,"href":"https:\/\/eltrabajo.cl\/portal\/wp-json\/wp\/v2\/comments?post=85628"}],"version-history":[{"count":0,"href":"https:\/\/eltrabajo.cl\/portal\/wp-json\/wp\/v2\/posts\/85628\/revisions"}],"wp:featuredmedia":[{"embeddable":true,"href":"https:\/\/eltrabajo.cl\/portal\/wp-json\/wp\/v2\/media\/85629"}],"wp:attachment":[{"href":"https:\/\/eltrabajo.cl\/portal\/wp-json\/wp\/v2\/media?parent=85628"}],"wp:term":[{"taxonomy":"category","embeddable":true,"href":"https:\/\/eltrabajo.cl\/portal\/wp-json\/wp\/v2\/categories?post=85628"},{"taxonomy":"post_tag","embeddable":true,"href":"https:\/\/eltrabajo.cl\/portal\/wp-json\/wp\/v2\/tags?post=85628"}],"curies":[{"name":"wp","href":"https:\/\/api.w.org\/{rel}","templated":true}]}}