{"id":85634,"date":"2018-04-06T05:00:28","date_gmt":"2018-04-06T09:00:28","guid":{"rendered":"http:\/\/www.eltrabajo.cl\/2017\/?p=85634"},"modified":"2018-04-06T05:00:28","modified_gmt":"2018-04-06T09:00:28","slug":"vendiendo-hamburguesas-compro-una-guitarra-para-formar-su-propia-banda","status":"publish","type":"post","link":"https:\/\/eltrabajo.cl\/portal\/vendiendo-hamburguesas-compro-una-guitarra-para-formar-su-propia-banda\/","title":{"rendered":"Vendiendo hamburguesas compr\u00f3 una guitarra para formar su propia banda"},"content":{"rendered":"<figure id=\"attachment_85637\" aria-describedby=\"caption-attachment-85637\" style=\"width: 580px\" class=\"wp-caption alignnone\"><img data-recalc-dims=\"1\" loading=\"lazy\" decoding=\"async\" class=\"size-full wp-image-85637\" src=\"https:\/\/i0.wp.com\/www.eltrabajo.cl\/portal\/wp-content\/uploads\/2018\/04\/PieGrande2.jpg?resize=580%2C399\" alt=\"CONCIERTO EN EL RECREO.- Los ni\u00f1os disfrutaron ayer en su colegio de un corto concierto musical ofrecido por estos j\u00f3venes estudiantes.\" width=\"580\" height=\"399\" srcset=\"https:\/\/i0.wp.com\/eltrabajo.cl\/portal\/wp-content\/uploads\/2018\/04\/PieGrande2.jpg?w=580&amp;ssl=1 580w, https:\/\/i0.wp.com\/eltrabajo.cl\/portal\/wp-content\/uploads\/2018\/04\/PieGrande2.jpg?resize=200%2C138&amp;ssl=1 200w, https:\/\/i0.wp.com\/eltrabajo.cl\/portal\/wp-content\/uploads\/2018\/04\/PieGrande2.jpg?resize=300%2C206&amp;ssl=1 300w, https:\/\/i0.wp.com\/eltrabajo.cl\/portal\/wp-content\/uploads\/2018\/04\/PieGrande2.jpg?resize=218%2C150&amp;ssl=1 218w, https:\/\/i0.wp.com\/eltrabajo.cl\/portal\/wp-content\/uploads\/2018\/04\/PieGrande2.jpg?resize=400%2C275&amp;ssl=1 400w\" sizes=\"auto, (max-width: 580px) 100vw, 580px\" \/><figcaption id=\"caption-attachment-85637\" class=\"wp-caption-text\">CONCIERTO EN EL RECREO.- Los ni\u00f1os disfrutaron ayer en su colegio de un corto concierto musical ofrecido por estos j\u00f3venes estudiantes.<\/figcaption><\/figure>\n<ul>\n<li><span style=\"color: #ff0000;\"><strong>Big Foot tiene apenas tres meses y ya suena con temas originales:<\/strong><\/span><\/li>\n<\/ul>\n<p>Para nuestros lectores no es extra\u00f1o leer regularmente noticias acerca de las bandas musicales que alegran las fiestas en todo el Valle de Aconcagua, es por eso que hoy queremos presentar formalmente a Big Foot (Pie Grande), la nueva propuesta musical m\u00e1s joven de nuestra comuna. Se trata de cuatro adolescentes con mucho talento y entusiasmo, quienes a\u00fan cursan su educaci\u00f3n media en distintos colegios de Aconcagua, por el momento ellos est\u00e1n aprovechando los recreos para complacer a sus fans m\u00e1s fieles: Sus compa\u00f1eros de estudios.<\/p>\n<p><span style=\"color: #ff0000;\"><strong>VENDIENDO\u00a0HAMBURGUESAS<\/strong><\/span><br \/>\nDiario El Trabajo habl\u00f3 ayer con el director de la banda, Inan Riveros Herrera, de 16 a\u00f1os de edad, y quien adem\u00e1s de ser vocalista y guitarrista de la banda, tambi\u00e9n escribe las letras de los temas que interpretan.<br \/>\n\u00abLa idea de crear esta banda la ten\u00edamos desde que est\u00e1bamos en 1\u00ba medio, no ten\u00edamos los recursos para hacerlo y nos faltaba tambi\u00e9n un m\u00fasico. En mi caso me puse a vender hamburguesas en el colegio, mis amigos me compraban muchas, as\u00ed fui ahorrando para poder comprarme mis propios instrumentos, en el caso de otros integrantes de la banda, y gracias tambi\u00e9n a sus buenas calificaciones, sus pap\u00e1s les compraron instrumentos, as\u00ed que hace tres meses decidimos conformar esta banda, la que ya est\u00e1 sonando fuerte en la comuna. En lo personal, nos gustar\u00eda hacernos conocidos como banda en el valle, y en cuanto a m\u00ed, no tengo polola, as\u00ed que aqu\u00ed estoy\u00bb, coment\u00f3 a nuestro medio el joven Riveros.<\/p>\n<p><span style=\"color: #ff0000;\"><strong>TEMAS ORIGINALES<\/strong><\/span><br \/>\nEsta agrupaci\u00f3n musical est\u00e1 compuesta tambi\u00e9n por Jos\u00e9 Herrera (17) en el bajo; Max Rojas (16) en la bater\u00eda, y Benjam\u00edn \u2018Pollo\u2019 Rojas en la guitarra, adem\u00e1s del propio Inan.<br \/>\n\u00abYa son varios los temas originales que estamos tocando y promocionando, tenemos \u2018Big Foot\u2019, \u2018Not Satisfaction\u2019; \u2018Soledad; \u2018Sin pantalones\u2019; \u2018Adamo roto y \u2018Probablemente termine mal\u2019. Los ensayos los hacemos en nuestras casas, tambi\u00e9n en Studio Riff, de San Felipe, y en Academia Salinas. Esperamos muy pronto ya estar grabando nuestros principales temas de manera profesional, por lo que esperamos despegar y volar alto con esta banda\u00bb, agreg\u00f3 Inan a Diario El Trabajo.<br \/>\nAs\u00ed que ya lo saben las grandes bandas aconcag\u00fcinas, hay nuevos chicos en el barrio haciendo de las suyas y andan como leones rugientes, sedientos de crecer y barrer el piso con el aburrimiento, pues ellos aseguran que dar\u00e1n mucho de qu\u00e9 hablar a partir de este lanzamiento.<br \/>\n<strong>Roberto Gonz\u00e1lez Short<\/strong><\/p>\n<figure id=\"attachment_85635\" aria-describedby=\"caption-attachment-85635\" style=\"width: 580px\" class=\"wp-caption alignnone\"><img data-recalc-dims=\"1\" loading=\"lazy\" decoding=\"async\" class=\"size-full wp-image-85635\" src=\"https:\/\/i0.wp.com\/www.eltrabajo.cl\/portal\/wp-content\/uploads\/2018\/04\/PieGrande_Inan-Riveros.jpg?resize=580%2C580\" alt=\"Director de la banda, Inan Riveros Herrera.\" width=\"580\" height=\"580\" srcset=\"https:\/\/i0.wp.com\/eltrabajo.cl\/portal\/wp-content\/uploads\/2018\/04\/PieGrande_Inan-Riveros.jpg?w=580&amp;ssl=1 580w, https:\/\/i0.wp.com\/eltrabajo.cl\/portal\/wp-content\/uploads\/2018\/04\/PieGrande_Inan-Riveros.jpg?resize=150%2C150&amp;ssl=1 150w, https:\/\/i0.wp.com\/eltrabajo.cl\/portal\/wp-content\/uploads\/2018\/04\/PieGrande_Inan-Riveros.jpg?resize=300%2C300&amp;ssl=1 300w, https:\/\/i0.wp.com\/eltrabajo.cl\/portal\/wp-content\/uploads\/2018\/04\/PieGrande_Inan-Riveros.jpg?resize=400%2C400&amp;ssl=1 400w\" sizes=\"auto, (max-width: 580px) 100vw, 580px\" \/><figcaption id=\"caption-attachment-85635\" class=\"wp-caption-text\">Director de la banda, Inan Riveros Herrera.<\/figcaption><\/figure>\n<figure id=\"attachment_85636\" aria-describedby=\"caption-attachment-85636\" style=\"width: 580px\" class=\"wp-caption alignnone\"><img data-recalc-dims=\"1\" loading=\"lazy\" decoding=\"async\" class=\"size-full wp-image-85636\" src=\"https:\/\/i0.wp.com\/www.eltrabajo.cl\/portal\/wp-content\/uploads\/2018\/04\/PieGrande1.jpg?resize=580%2C400\" alt=\"BANDA BIG FOOT.- Ellos son: Jos\u00e9 Herrera (17) en el bajo; Max Rojas (16) en la bater\u00eda, y Benjam\u00edn \u2018Pollo\u2019 Rojas en la guitarra, adem\u00e1s del propio Inan.\" width=\"580\" height=\"400\" srcset=\"https:\/\/i0.wp.com\/eltrabajo.cl\/portal\/wp-content\/uploads\/2018\/04\/PieGrande1.jpg?w=580&amp;ssl=1 580w, https:\/\/i0.wp.com\/eltrabajo.cl\/portal\/wp-content\/uploads\/2018\/04\/PieGrande1.jpg?resize=200%2C138&amp;ssl=1 200w, https:\/\/i0.wp.com\/eltrabajo.cl\/portal\/wp-content\/uploads\/2018\/04\/PieGrande1.jpg?resize=300%2C207&amp;ssl=1 300w, https:\/\/i0.wp.com\/eltrabajo.cl\/portal\/wp-content\/uploads\/2018\/04\/PieGrande1.jpg?resize=218%2C150&amp;ssl=1 218w, https:\/\/i0.wp.com\/eltrabajo.cl\/portal\/wp-content\/uploads\/2018\/04\/PieGrande1.jpg?resize=400%2C276&amp;ssl=1 400w\" sizes=\"auto, (max-width: 580px) 100vw, 580px\" \/><figcaption id=\"caption-attachment-85636\" class=\"wp-caption-text\">BANDA BIG FOOT.- Ellos son: Jos\u00e9 Herrera (17) en el bajo; Max Rojas (16) en la bater\u00eda, y Benjam\u00edn \u2018Pollo\u2019 Rojas en la guitarra, adem\u00e1s del propio Inan.<\/figcaption><\/figure>\n<figure id=\"attachment_85638\" aria-describedby=\"caption-attachment-85638\" style=\"width: 580px\" class=\"wp-caption alignnone\"><img data-recalc-dims=\"1\" loading=\"lazy\" decoding=\"async\" class=\"size-full wp-image-85638\" src=\"https:\/\/i0.wp.com\/www.eltrabajo.cl\/portal\/wp-content\/uploads\/2018\/04\/PieGrande3.jpg?resize=580%2C399\" alt=\"SONANDO FUERTE.- Cada uno de estos m\u00fasicos tiene su talento, y ya con instrumentos, s\u00f3lo resta trabajar por sus sue\u00f1os.\" width=\"580\" height=\"399\" srcset=\"https:\/\/i0.wp.com\/eltrabajo.cl\/portal\/wp-content\/uploads\/2018\/04\/PieGrande3.jpg?w=580&amp;ssl=1 580w, https:\/\/i0.wp.com\/eltrabajo.cl\/portal\/wp-content\/uploads\/2018\/04\/PieGrande3.jpg?resize=200%2C138&amp;ssl=1 200w, https:\/\/i0.wp.com\/eltrabajo.cl\/portal\/wp-content\/uploads\/2018\/04\/PieGrande3.jpg?resize=300%2C206&amp;ssl=1 300w, https:\/\/i0.wp.com\/eltrabajo.cl\/portal\/wp-content\/uploads\/2018\/04\/PieGrande3.jpg?resize=218%2C150&amp;ssl=1 218w, https:\/\/i0.wp.com\/eltrabajo.cl\/portal\/wp-content\/uploads\/2018\/04\/PieGrande3.jpg?resize=400%2C275&amp;ssl=1 400w\" sizes=\"auto, (max-width: 580px) 100vw, 580px\" \/><figcaption id=\"caption-attachment-85638\" class=\"wp-caption-text\">SONANDO FUERTE.- Cada uno de estos m\u00fasicos tiene su talento, y ya con instrumentos, s\u00f3lo resta trabajar por sus sue\u00f1os.<\/figcaption><\/figure>\n","protected":false},"excerpt":{"rendered":"<p>Big Foot tiene apenas tres meses y ya suena con temas originales: Para nuestros lectores no es extra\u00f1o leer regularmente noticias acerca de las bandas musicales que alegran las fiestas en todo&#8230;<\/p>\n","protected":false},"author":1,"featured_media":85636,"comment_status":"open","ping_status":"open","sticky":false,"template":"","format":"standard","meta":{"advanced_seo_description":"","jetpack_seo_html_title":"","jetpack_seo_noindex":false,"_jetpack_memberships_contains_paid_content":false,"footnotes":""},"categories":[15],"tags":[],"class_list":["post-85634","post","type-post","status-publish","format-standard","has-post-thumbnail","hentry","category-comunidad"],"jetpack_featured_media_url":"https:\/\/i0.wp.com\/eltrabajo.cl\/portal\/wp-content\/uploads\/2018\/04\/PieGrande1.jpg?fit=580%2C400&ssl=1","jetpack_sharing_enabled":true,"jetpack_likes_enabled":true,"jetpack-related-posts":[],"_links":{"self":[{"href":"https:\/\/eltrabajo.cl\/portal\/wp-json\/wp\/v2\/posts\/85634","targetHints":{"allow":["GET"]}}],"collection":[{"href":"https:\/\/eltrabajo.cl\/portal\/wp-json\/wp\/v2\/posts"}],"about":[{"href":"https:\/\/eltrabajo.cl\/portal\/wp-json\/wp\/v2\/types\/post"}],"author":[{"embeddable":true,"href":"https:\/\/eltrabajo.cl\/portal\/wp-json\/wp\/v2\/users\/1"}],"replies":[{"embeddable":true,"href":"https:\/\/eltrabajo.cl\/portal\/wp-json\/wp\/v2\/comments?post=85634"}],"version-history":[{"count":0,"href":"https:\/\/eltrabajo.cl\/portal\/wp-json\/wp\/v2\/posts\/85634\/revisions"}],"wp:featuredmedia":[{"embeddable":true,"href":"https:\/\/eltrabajo.cl\/portal\/wp-json\/wp\/v2\/media\/85636"}],"wp:attachment":[{"href":"https:\/\/eltrabajo.cl\/portal\/wp-json\/wp\/v2\/media?parent=85634"}],"wp:term":[{"taxonomy":"category","embeddable":true,"href":"https:\/\/eltrabajo.cl\/portal\/wp-json\/wp\/v2\/categories?post=85634"},{"taxonomy":"post_tag","embeddable":true,"href":"https:\/\/eltrabajo.cl\/portal\/wp-json\/wp\/v2\/tags?post=85634"}],"curies":[{"name":"wp","href":"https:\/\/api.w.org\/{rel}","templated":true}]}}