{"id":85651,"date":"2018-04-06T05:04:10","date_gmt":"2018-04-06T09:04:10","guid":{"rendered":"http:\/\/www.eltrabajo.cl\/2017\/?p=85651"},"modified":"2018-04-06T05:04:10","modified_gmt":"2018-04-06T09:04:10","slug":"municipio-y-krespita-rodriguez-apoyan-a-joven-boxeador-arturo-vergara","status":"publish","type":"post","link":"https:\/\/eltrabajo.cl\/portal\/municipio-y-krespita-rodriguez-apoyan-a-joven-boxeador-arturo-vergara\/","title":{"rendered":"Municipio y \u2018Krespita\u2019 Rodr\u00edguez apoyan a joven boxeador Arturo Vergara"},"content":{"rendered":"<figure id=\"attachment_85653\" aria-describedby=\"caption-attachment-85653\" style=\"width: 580px\" class=\"wp-caption alignnone\"><img data-recalc-dims=\"1\" loading=\"lazy\" decoding=\"async\" class=\"size-full wp-image-85653\" src=\"https:\/\/i0.wp.com\/www.eltrabajo.cl\/portal\/wp-content\/uploads\/2018\/04\/Arturo-Vergara-krespita.jpg?resize=580%2C399\" alt=\"Carolina \u2018Krespita\u2019 Rodr\u00edguez, junto al alcalde Manuel Rivera y el propio Arturo Vergara, para quien la \u2018Krespita\u2019 solo tuvo palabras de elogios a sus aptitudes, talento y esp\u00edritu.\" width=\"580\" height=\"399\" srcset=\"https:\/\/i0.wp.com\/eltrabajo.cl\/portal\/wp-content\/uploads\/2018\/04\/Arturo-Vergara-krespita.jpg?w=580&amp;ssl=1 580w, https:\/\/i0.wp.com\/eltrabajo.cl\/portal\/wp-content\/uploads\/2018\/04\/Arturo-Vergara-krespita.jpg?resize=200%2C138&amp;ssl=1 200w, https:\/\/i0.wp.com\/eltrabajo.cl\/portal\/wp-content\/uploads\/2018\/04\/Arturo-Vergara-krespita.jpg?resize=300%2C206&amp;ssl=1 300w, https:\/\/i0.wp.com\/eltrabajo.cl\/portal\/wp-content\/uploads\/2018\/04\/Arturo-Vergara-krespita.jpg?resize=218%2C150&amp;ssl=1 218w, https:\/\/i0.wp.com\/eltrabajo.cl\/portal\/wp-content\/uploads\/2018\/04\/Arturo-Vergara-krespita.jpg?resize=400%2C275&amp;ssl=1 400w\" sizes=\"auto, (max-width: 580px) 100vw, 580px\" \/><figcaption id=\"caption-attachment-85653\" class=\"wp-caption-text\">Carolina \u2018Krespita\u2019 Rodr\u00edguez, junto al alcalde Manuel Rivera y el propio Arturo Vergara, para quien la \u2018Krespita\u2019 solo tuvo palabras de elogios a sus aptitudes, talento y esp\u00edritu.<\/figcaption><\/figure>\n<ul>\n<li><span style=\"color: #ff0000;\"><strong>Actualmente el deportista andino se las arregla para vivir en Santiago y poder asistir a los entrenamientos.<\/strong><\/span><\/li>\n<\/ul>\n<p><strong>LOS ANDES.-<\/strong> Una destacada visita tuvo la ciudad, cuando Carolina \u2018Krespita\u2019 Rodr\u00edguez lleg\u00f3 hasta la Municipalidad de Los Andes a reunirse con el alcalde Manuel Rivera, y juntos estudiar opciones para apoyar la carrera deportiva del boxeador andino Arturo Vergara. La alianza se traduce en un respaldo econ\u00f3mico por parte de la Corporaci\u00f3n Municipal de Deportes a este joven que a diario lucha por llegar a lo m\u00e1s alto en la disciplina que por a\u00f1os ha practicado.<br \/>\nLa campeona mundial de boxeo se reuni\u00f3 junto a su equipo con el alcalde, solicitando apoyo para un talento andino que con mucho esfuerzo se la juega a diario para entrenar y seguir creciendo. El edil agradeci\u00f3 la visita de Rodr\u00edguez, se\u00f1alando que es un verdadero honor que \u201cesta alta exponente del deporte nacional nos visite de la mano de una solicitud que ella misma hace para cobijar bajo su alero a un andino que est\u00e1 en estas mismas lides\u201d, se\u00f1al\u00f3.<br \/>\nManuel Rivera se\u00f1al\u00f3 que se ha establecido una alianza que permitir\u00e1 entregar una ayuda econ\u00f3mica a Arturo a trav\u00e9s de la Corporaci\u00f3n Municipal de Deportes; \u201cadem\u00e1s hemos explorado en otro sentido poder brindarle la compa\u00f1\u00eda para que otras instituciones privadas, empresas de la ciudad lo puedan apadrinar, lo puedan auspiciar en esta carrera que sabemos que es sacrificada sobre todo cuando el tema de los recursos para los deportistas es escaso\u201d, agreg\u00f3.<br \/>\nEn tanto Carolina \u2018Krespita\u2019 Rodr\u00edguez, s\u00f3lo tuvo elogios para Arturo Vergara, por el empe\u00f1o y dedicaci\u00f3n que ve en \u00e9l: \u201cTodos te dicen que quieren ser deportistas y campeones del mundo, pero en el camino vas viendo qui\u00e9n realmente tiene las verdaderas ganas, \u00e9l ha demostrado con creces que s\u00ed quiere: es disciplinado, va a los entrenamientos se la juega, a veces incluso no ha tenido ni para comer, le cuesta incluso tomar la micro, y est\u00e1 ah\u00ed, encima tiene logros, tiene condiciones, le pone much\u00edsimo empe\u00f1o y la idea es que no se quede en el intento\u201d.<br \/>\nArturo Vergara comenz\u00f3 a dedicarse a los 18 a\u00f1os, entrenando en varias disciplinas, entre ellas el boxeo y el kickboxing. Con el pasar de los a\u00f1os descubri\u00f3 que lo que m\u00e1s le gustaba era el boxeo: \u201cLuego pude llegar a Santiago, estuve viviendo y entrenando all\u00e1 y pude conocer a Carolina, ella me dio la mano y me est\u00e1 ayudando en todo lo que es la parte t\u00e9cnica y ayud\u00e1ndome a formar mi carrera como deportista\u201d, relata, se\u00f1alando que el costo de vivir en la capital es elevado, montos que cuesta solventar entre el trabajo y los entrenamientos: \u201cPor suerte tengo el apoyo de mi mam\u00e1, tambi\u00e9n estudi\u00e9, soy preparador f\u00edsico, hago clases para contar con recursos econ\u00f3micos. Necesitamos gente que crea en nosotros y se motive\u201d, sentenci\u00f3 el deportista.<\/p>\n<figure id=\"attachment_85652\" aria-describedby=\"caption-attachment-85652\" style=\"width: 580px\" class=\"wp-caption alignnone\"><img data-recalc-dims=\"1\" loading=\"lazy\" decoding=\"async\" class=\"size-full wp-image-85652\" src=\"https:\/\/i0.wp.com\/www.eltrabajo.cl\/portal\/wp-content\/uploads\/2018\/04\/Arturo-Vergara-4.jpg?resize=580%2C579\" alt=\"Arturo Vergara, joven boxeador andino que promete convertirse en un gran valor aconcag\u00fcino.\" width=\"580\" height=\"579\" srcset=\"https:\/\/i0.wp.com\/eltrabajo.cl\/portal\/wp-content\/uploads\/2018\/04\/Arturo-Vergara-4.jpg?w=580&amp;ssl=1 580w, https:\/\/i0.wp.com\/eltrabajo.cl\/portal\/wp-content\/uploads\/2018\/04\/Arturo-Vergara-4.jpg?resize=150%2C150&amp;ssl=1 150w, https:\/\/i0.wp.com\/eltrabajo.cl\/portal\/wp-content\/uploads\/2018\/04\/Arturo-Vergara-4.jpg?resize=300%2C300&amp;ssl=1 300w, https:\/\/i0.wp.com\/eltrabajo.cl\/portal\/wp-content\/uploads\/2018\/04\/Arturo-Vergara-4.jpg?resize=400%2C399&amp;ssl=1 400w\" sizes=\"auto, (max-width: 580px) 100vw, 580px\" \/><figcaption id=\"caption-attachment-85652\" class=\"wp-caption-text\">Arturo Vergara, joven boxeador andino que promete convertirse en un gran valor aconcag\u00fcino.<\/figcaption><\/figure>\n","protected":false},"excerpt":{"rendered":"<p>Actualmente el deportista andino se las arregla para vivir en Santiago y poder asistir a los entrenamientos. LOS ANDES.- Una destacada visita tuvo la ciudad, cuando Carolina \u2018Krespita\u2019 Rodr\u00edguez lleg\u00f3 hasta la&#8230;<\/p>\n","protected":false},"author":1,"featured_media":85653,"comment_status":"open","ping_status":"open","sticky":false,"template":"","format":"standard","meta":{"advanced_seo_description":"","jetpack_seo_html_title":"","jetpack_seo_noindex":false,"_jetpack_memberships_contains_paid_content":false,"footnotes":""},"categories":[1],"tags":[],"class_list":["post-85651","post","type-post","status-publish","format-standard","has-post-thumbnail","hentry","category-cronica"],"jetpack_featured_media_url":"https:\/\/i0.wp.com\/eltrabajo.cl\/portal\/wp-content\/uploads\/2018\/04\/Arturo-Vergara-krespita.jpg?fit=580%2C399&ssl=1","jetpack_sharing_enabled":true,"jetpack_likes_enabled":true,"jetpack-related-posts":[],"_links":{"self":[{"href":"https:\/\/eltrabajo.cl\/portal\/wp-json\/wp\/v2\/posts\/85651","targetHints":{"allow":["GET"]}}],"collection":[{"href":"https:\/\/eltrabajo.cl\/portal\/wp-json\/wp\/v2\/posts"}],"about":[{"href":"https:\/\/eltrabajo.cl\/portal\/wp-json\/wp\/v2\/types\/post"}],"author":[{"embeddable":true,"href":"https:\/\/eltrabajo.cl\/portal\/wp-json\/wp\/v2\/users\/1"}],"replies":[{"embeddable":true,"href":"https:\/\/eltrabajo.cl\/portal\/wp-json\/wp\/v2\/comments?post=85651"}],"version-history":[{"count":0,"href":"https:\/\/eltrabajo.cl\/portal\/wp-json\/wp\/v2\/posts\/85651\/revisions"}],"wp:featuredmedia":[{"embeddable":true,"href":"https:\/\/eltrabajo.cl\/portal\/wp-json\/wp\/v2\/media\/85653"}],"wp:attachment":[{"href":"https:\/\/eltrabajo.cl\/portal\/wp-json\/wp\/v2\/media?parent=85651"}],"wp:term":[{"taxonomy":"category","embeddable":true,"href":"https:\/\/eltrabajo.cl\/portal\/wp-json\/wp\/v2\/categories?post=85651"},{"taxonomy":"post_tag","embeddable":true,"href":"https:\/\/eltrabajo.cl\/portal\/wp-json\/wp\/v2\/tags?post=85651"}],"curies":[{"name":"wp","href":"https:\/\/api.w.org\/{rel}","templated":true}]}}