{"id":85655,"date":"2018-04-06T05:05:17","date_gmt":"2018-04-06T09:05:17","guid":{"rendered":"http:\/\/www.eltrabajo.cl\/2017\/?p=85655"},"modified":"2018-04-06T05:05:17","modified_gmt":"2018-04-06T09:05:17","slug":"todo-el-mundo-esta-invitado-a-disfrutar-de-la-fiesta-de-la-vendimia-2018","status":"publish","type":"post","link":"https:\/\/eltrabajo.cl\/portal\/todo-el-mundo-esta-invitado-a-disfrutar-de-la-fiesta-de-la-vendimia-2018\/","title":{"rendered":"Todo el mundo est\u00e1 invitado a disfrutar de la Fiesta de la Vendimia 2018"},"content":{"rendered":"<figure id=\"attachment_85656\" aria-describedby=\"caption-attachment-85656\" style=\"width: 580px\" class=\"wp-caption alignnone\"><img data-recalc-dims=\"1\" loading=\"lazy\" decoding=\"async\" class=\"size-full wp-image-85656\" src=\"https:\/\/i0.wp.com\/www.eltrabajo.cl\/portal\/wp-content\/uploads\/2018\/04\/Fiesta-1-de-la-Vendimia-2018.jpg?resize=580%2C400\" alt=\"Fernando Fuentes, coordinador Fomento y Desarrollo Productivo, junto al alcalde Patricio Freire, el locutor Mauricio Henr\u00edquez y el encargado de Cultura, Ricardo Ruiz en el lanzamiento de la Fiesta de la Vendimia 2018.\" width=\"580\" height=\"400\" srcset=\"https:\/\/i0.wp.com\/eltrabajo.cl\/portal\/wp-content\/uploads\/2018\/04\/Fiesta-1-de-la-Vendimia-2018.jpg?w=580&amp;ssl=1 580w, https:\/\/i0.wp.com\/eltrabajo.cl\/portal\/wp-content\/uploads\/2018\/04\/Fiesta-1-de-la-Vendimia-2018.jpg?resize=200%2C138&amp;ssl=1 200w, https:\/\/i0.wp.com\/eltrabajo.cl\/portal\/wp-content\/uploads\/2018\/04\/Fiesta-1-de-la-Vendimia-2018.jpg?resize=300%2C207&amp;ssl=1 300w, https:\/\/i0.wp.com\/eltrabajo.cl\/portal\/wp-content\/uploads\/2018\/04\/Fiesta-1-de-la-Vendimia-2018.jpg?resize=218%2C150&amp;ssl=1 218w, https:\/\/i0.wp.com\/eltrabajo.cl\/portal\/wp-content\/uploads\/2018\/04\/Fiesta-1-de-la-Vendimia-2018.jpg?resize=400%2C276&amp;ssl=1 400w\" sizes=\"auto, (max-width: 580px) 100vw, 580px\" \/><figcaption id=\"caption-attachment-85656\" class=\"wp-caption-text\">Fernando Fuentes, coordinador Fomento y Desarrollo Productivo, junto al alcalde Patricio Freire, el locutor Mauricio Henr\u00edquez y el encargado de Cultura, Ricardo Ruiz en el lanzamiento de la Fiesta de la Vendimia 2018.<\/figcaption><\/figure>\n<ul>\n<li><span style=\"color: #ff0000;\"><strong>La tradicional celebraci\u00f3n sanfelipe\u00f1a contar\u00e1 este a\u00f1o con las presentaciones de grupos locales, como tambi\u00e9n de la Banda Conmoci\u00f3n, Cubanac\u00e1n, Lagarto Murdock, entre otros.<\/strong><\/span><\/li>\n<\/ul>\n<p>Este fin de semana se realizar\u00e1 la quinta versi\u00f3n de la Fiesta de la Vendimia, la cual se llevar\u00e1 a cabo en el sector de Almendral y, como es costumbre, reunir\u00e1 diversas manifestaciones art\u00edsticas y culturales.<br \/>\nSobre el evento se refiri\u00f3 el alcalde Patricio Freire, quien adem\u00e1s invit\u00f3 a toda la comunidad a ser parte de esta gran celebraci\u00f3n: \u00abLa invitaci\u00f3n est\u00e1 abierta, este 7 y 8 vamos a tener la gran fiesta de la Vendimia en la comuna de San Felipe, as\u00ed que solamente invitar a toda la comunidad del Valle de Aconcagua a participar\u00bb; palabras a las que se sum\u00f3 Mauricio Henr\u00edquez, locutor de radio Carnaval y animador de la Fiesta de la Vendimia.<br \/>\nPor su parte, Ricardo Ruiz, coordinador del departamento de Cultura de la Municipalidad de San Felipe, inform\u00f3 que la fiesta se va a inaugurar el s\u00e1bado al mediod\u00eda con la presentaci\u00f3n de Alejandro Ar\u00e9valo y un grupo de m\u00fasica latinoamericana; \u00abva a estar el ballet municipal, los alumnos de la Escuela de Almendral realizando un esquinazo y en la tarde el show va a considerar la participaci\u00f3n de los peque\u00f1os m\u00fasicos de la Escuela Art\u00edstica de El Tambo, diversas bandas locales, Lagarto Murdock y va a cerrar la jornada la Cubanac\u00e1n\u00bb, indic\u00f3 Ruiz.<br \/>\nEn tanto, el domingo a las 12:00 hrs. se va a realizar la Misa de Cuasimodo en la Iglesia San Antonio de Padua de El Almendral, y en la tarde, a eso de las 17:00 hrs., se va a elegir a la reina de la Vendimia 2018; luego se van a presentar dos grupos locales y va a cerrar la jornada la Banda Conmoci\u00f3n.<br \/>\nFinalmente, Fernando Fuentes, coordinador de la oficina de Fomento y Desarrollo Productivo de la Municipalidad de San Felipe, se refiri\u00f3 a la tradicional feria que se instala para la Vendimia, se\u00f1alando: \u00abProducto del trabajo mancomunado con el departamento de Cultura, podemos decir que tenemos m\u00e1s de 300 metros lineales de stand de los cuales se dividen en vi\u00f1ateros, que este a\u00f1o adem\u00e1s contar\u00e1 con invitados internacionales con dos participantes de Mendoza; m\u00e1s de 66 artesanos, con los cuales hemos hecho un trabajo riguroso para que vendan productos de artesan\u00eda y no de fabricaci\u00f3n en masa; tambi\u00e9n hay m\u00e1s de 10 stand de comida y cerveza para las personas que quieran probar otro tipo de producto\u00bb, y agreg\u00f3 que este a\u00f1o se implementar\u00e1 un sector con juegos infantiles con el objetivo de que m\u00e1s familias se sumen a esta gran fiesta.<\/p>\n","protected":false},"excerpt":{"rendered":"<p>La tradicional celebraci\u00f3n sanfelipe\u00f1a contar\u00e1 este a\u00f1o con las presentaciones de grupos locales, como tambi\u00e9n de la Banda Conmoci\u00f3n, Cubanac\u00e1n, Lagarto Murdock, entre otros. Este fin de semana se realizar\u00e1 la quinta&#8230;<\/p>\n","protected":false},"author":1,"featured_media":85656,"comment_status":"open","ping_status":"open","sticky":false,"template":"","format":"standard","meta":{"advanced_seo_description":"","jetpack_seo_html_title":"","jetpack_seo_noindex":false,"_jetpack_memberships_contains_paid_content":false,"footnotes":""},"categories":[1],"tags":[],"class_list":["post-85655","post","type-post","status-publish","format-standard","has-post-thumbnail","hentry","category-cronica"],"jetpack_featured_media_url":"https:\/\/i0.wp.com\/eltrabajo.cl\/portal\/wp-content\/uploads\/2018\/04\/Fiesta-1-de-la-Vendimia-2018.jpg?fit=580%2C400&ssl=1","jetpack_sharing_enabled":true,"jetpack_likes_enabled":true,"jetpack-related-posts":[],"_links":{"self":[{"href":"https:\/\/eltrabajo.cl\/portal\/wp-json\/wp\/v2\/posts\/85655","targetHints":{"allow":["GET"]}}],"collection":[{"href":"https:\/\/eltrabajo.cl\/portal\/wp-json\/wp\/v2\/posts"}],"about":[{"href":"https:\/\/eltrabajo.cl\/portal\/wp-json\/wp\/v2\/types\/post"}],"author":[{"embeddable":true,"href":"https:\/\/eltrabajo.cl\/portal\/wp-json\/wp\/v2\/users\/1"}],"replies":[{"embeddable":true,"href":"https:\/\/eltrabajo.cl\/portal\/wp-json\/wp\/v2\/comments?post=85655"}],"version-history":[{"count":0,"href":"https:\/\/eltrabajo.cl\/portal\/wp-json\/wp\/v2\/posts\/85655\/revisions"}],"wp:featuredmedia":[{"embeddable":true,"href":"https:\/\/eltrabajo.cl\/portal\/wp-json\/wp\/v2\/media\/85656"}],"wp:attachment":[{"href":"https:\/\/eltrabajo.cl\/portal\/wp-json\/wp\/v2\/media?parent=85655"}],"wp:term":[{"taxonomy":"category","embeddable":true,"href":"https:\/\/eltrabajo.cl\/portal\/wp-json\/wp\/v2\/categories?post=85655"},{"taxonomy":"post_tag","embeddable":true,"href":"https:\/\/eltrabajo.cl\/portal\/wp-json\/wp\/v2\/tags?post=85655"}],"curies":[{"name":"wp","href":"https:\/\/api.w.org\/{rel}","templated":true}]}}