{"id":85658,"date":"2018-04-06T05:06:24","date_gmt":"2018-04-06T09:06:24","guid":{"rendered":"http:\/\/www.eltrabajo.cl\/2017\/?p=85658"},"modified":"2018-04-06T05:06:24","modified_gmt":"2018-04-06T09:06:24","slug":"chile-vamos-exige-renuncia-a-directivos-de-servicios-que-fueron-designados-en-el-gobierno-de-michel-bachelet","status":"publish","type":"post","link":"https:\/\/eltrabajo.cl\/portal\/chile-vamos-exige-renuncia-a-directivos-de-servicios-que-fueron-designados-en-el-gobierno-de-michel-bachelet\/","title":{"rendered":"Chile Vamos exige renuncia a directivos de servicios que fueron designados en el Gobierno de Michel Bachelet"},"content":{"rendered":"<figure id=\"attachment_85659\" aria-describedby=\"caption-attachment-85659\" style=\"width: 580px\" class=\"wp-caption alignnone\"><img data-recalc-dims=\"1\" loading=\"lazy\" decoding=\"async\" class=\"size-full wp-image-85659\" src=\"https:\/\/i0.wp.com\/www.eltrabajo.cl\/portal\/wp-content\/uploads\/2018\/04\/chile-vamos.jpg?resize=580%2C400\" alt=\"Los integrantes del Chile Vamos de San Felipe, de izquierda a derecha: Nibaldo Lagos (UDI Putaendo), Eduardo Vergara (UDI San Felipe) y Ren\u00e9 Stenger (RN).\" width=\"580\" height=\"400\" srcset=\"https:\/\/i0.wp.com\/eltrabajo.cl\/portal\/wp-content\/uploads\/2018\/04\/chile-vamos.jpg?w=580&amp;ssl=1 580w, https:\/\/i0.wp.com\/eltrabajo.cl\/portal\/wp-content\/uploads\/2018\/04\/chile-vamos.jpg?resize=200%2C138&amp;ssl=1 200w, https:\/\/i0.wp.com\/eltrabajo.cl\/portal\/wp-content\/uploads\/2018\/04\/chile-vamos.jpg?resize=300%2C207&amp;ssl=1 300w, https:\/\/i0.wp.com\/eltrabajo.cl\/portal\/wp-content\/uploads\/2018\/04\/chile-vamos.jpg?resize=218%2C150&amp;ssl=1 218w, https:\/\/i0.wp.com\/eltrabajo.cl\/portal\/wp-content\/uploads\/2018\/04\/chile-vamos.jpg?resize=400%2C276&amp;ssl=1 400w\" sizes=\"auto, (max-width: 580px) 100vw, 580px\" \/><figcaption id=\"caption-attachment-85659\" class=\"wp-caption-text\">Los integrantes del Chile Vamos de San Felipe, de izquierda a derecha: Nibaldo Lagos (UDI Putaendo), Eduardo Vergara (UDI San Felipe) y Ren\u00e9 Stenger (RN).<\/figcaption><\/figure>\n<p>Preocupaci\u00f3n existe en Chile Vamos porque las personas que est\u00e1n ocupando cargos directivos provenientes de la administraci\u00f3n de la ex Presidenta Michel Bachelet, siguen en su lugar sin dar una se\u00f1al de que quieran renunciar.<br \/>\nAs\u00ed al menos se desprende tras la reuni\u00f3n sostenida ayer con el gobernador de San Felipe Claudio Rodr\u00edguez Cataldo, a quien le entregaron sus saludos. Consultado sobre el motivo de la visita, Eduardo Vergara, activo representante de la UDI, se\u00f1al\u00f3 que concurrieron \u201ca contarle que iniciamos este mesa de trabajo, cu\u00e1les van a ser las pol\u00edticas de trabajo que vamos a tener nosotros, fijamos sesiones todos los meses durante la semana distrital con la idea que siempre podamos tener la presencia de un Diputado o un Senador, y comentarle sobre la gesti\u00f3n que hicimos, sobre esta declaraci\u00f3n p\u00fablica que hicimos como partidos de Chile Vamos, porque \u00e9l es nuestra autoridad y debe estar en conocimiento de ese paso que dimos m\u00e1s que nada fue eso una entrevista muy cordial\u201d dijo Vergara.<br \/>\nAdem\u00e1s aprovecharon de plantear la preocupaci\u00f3n que hay porque las personas que est\u00e1n ocupando cargos directivos no han renunciado y siguen trabajando, pese a los distintos llamados a presentar sus renuncias.<br \/>\nEn Chile Vamos est\u00e1n empe\u00f1ados en que estas personas dejen sus cargos.<br \/>\n<strong>&#8211; \u00bfQu\u00e9 se espera despu\u00e9s de esta reuni\u00f3n, que los directivos presenten su renuncia a los cargos?<\/strong><br \/>\n&#8211; S\u00ed, de todas maneras, nosotros hemos sido muy categ\u00f3ricos, que la Autoridad Sanitaria presente su renuncia, Serviu presente su renuncia, Prodemu presenten su renuncia, Servicio de Salud presenten sus renuncias, o sea estoy siendo muy categ\u00f3rico, yo no tengo nada que ocultar, miedo de nada porque yo estoy haciendo lo que es correcto por el bien del Valle de Aconcagua, por las provincias de San Felipe y Los Andes, porque eso est\u00e1 afectando el desarrollo de las pol\u00edticas que nosotros debemos llevar hacia la comunidad, nada m\u00e1s que eso.<br \/>\nJunto con lo anterior, Vergara insisti\u00f3 en que esperan que estas personas se pronuncien sobre su situaci\u00f3n.<br \/>\nOtro que se ha unido a este llamado ha sido el propio Gobernador Provincial, quien ha pedido que dejen los espacios para poder definitivamente instalar el Gobierno y bajar el programa a la comunidad.<\/p>\n","protected":false},"excerpt":{"rendered":"<p>Preocupaci\u00f3n existe en Chile Vamos porque las personas que est\u00e1n ocupando cargos directivos provenientes de la administraci\u00f3n de la ex Presidenta Michel Bachelet, siguen en su lugar sin dar una se\u00f1al de&#8230;<\/p>\n","protected":false},"author":1,"featured_media":85659,"comment_status":"open","ping_status":"open","sticky":false,"template":"","format":"standard","meta":{"advanced_seo_description":"","jetpack_seo_html_title":"","jetpack_seo_noindex":false,"_jetpack_memberships_contains_paid_content":false,"footnotes":""},"categories":[16],"tags":[],"class_list":["post-85658","post","type-post","status-publish","format-standard","has-post-thumbnail","hentry","category-politica"],"jetpack_featured_media_url":"https:\/\/i0.wp.com\/eltrabajo.cl\/portal\/wp-content\/uploads\/2018\/04\/chile-vamos.jpg?fit=580%2C400&ssl=1","jetpack_sharing_enabled":true,"jetpack_likes_enabled":true,"jetpack-related-posts":[],"_links":{"self":[{"href":"https:\/\/eltrabajo.cl\/portal\/wp-json\/wp\/v2\/posts\/85658","targetHints":{"allow":["GET"]}}],"collection":[{"href":"https:\/\/eltrabajo.cl\/portal\/wp-json\/wp\/v2\/posts"}],"about":[{"href":"https:\/\/eltrabajo.cl\/portal\/wp-json\/wp\/v2\/types\/post"}],"author":[{"embeddable":true,"href":"https:\/\/eltrabajo.cl\/portal\/wp-json\/wp\/v2\/users\/1"}],"replies":[{"embeddable":true,"href":"https:\/\/eltrabajo.cl\/portal\/wp-json\/wp\/v2\/comments?post=85658"}],"version-history":[{"count":0,"href":"https:\/\/eltrabajo.cl\/portal\/wp-json\/wp\/v2\/posts\/85658\/revisions"}],"wp:featuredmedia":[{"embeddable":true,"href":"https:\/\/eltrabajo.cl\/portal\/wp-json\/wp\/v2\/media\/85659"}],"wp:attachment":[{"href":"https:\/\/eltrabajo.cl\/portal\/wp-json\/wp\/v2\/media?parent=85658"}],"wp:term":[{"taxonomy":"category","embeddable":true,"href":"https:\/\/eltrabajo.cl\/portal\/wp-json\/wp\/v2\/categories?post=85658"},{"taxonomy":"post_tag","embeddable":true,"href":"https:\/\/eltrabajo.cl\/portal\/wp-json\/wp\/v2\/tags?post=85658"}],"curies":[{"name":"wp","href":"https:\/\/api.w.org\/{rel}","templated":true}]}}