{"id":85752,"date":"2018-04-12T05:00:10","date_gmt":"2018-04-12T09:00:10","guid":{"rendered":"http:\/\/www.eltrabajo.cl\/2017\/?p=85752"},"modified":"2018-04-12T05:00:10","modified_gmt":"2018-04-12T09:00:10","slug":"el-basquetbol-sanfelipeno-se-juega-los-pasajes-para-los-binacionales","status":"publish","type":"post","link":"https:\/\/eltrabajo.cl\/portal\/el-basquetbol-sanfelipeno-se-juega-los-pasajes-para-los-binacionales\/","title":{"rendered":"El b\u00e1squetbol sanfelipe\u00f1o se juega los pasajes para los Binacionales"},"content":{"rendered":"<figure id=\"attachment_85754\" aria-describedby=\"caption-attachment-85754\" style=\"width: 578px\" class=\"wp-caption alignnone\"><img data-recalc-dims=\"1\" loading=\"lazy\" decoding=\"async\" class=\"size-full wp-image-85754\" src=\"https:\/\/i0.wp.com\/www.eltrabajo.cl\/portal\/wp-content\/uploads\/2018\/04\/varones-san-felipe.jpg?resize=578%2C365\" alt=\"La selecci\u00f3n masculina de San Felipe buscar\u00e1 llevar una vez m\u00e1s al baloncesto de la ciudad a los Juegos Binacionales.\" width=\"578\" height=\"365\" srcset=\"https:\/\/i0.wp.com\/eltrabajo.cl\/portal\/wp-content\/uploads\/2018\/04\/varones-san-felipe.jpg?w=578&amp;ssl=1 578w, https:\/\/i0.wp.com\/eltrabajo.cl\/portal\/wp-content\/uploads\/2018\/04\/varones-san-felipe.jpg?resize=200%2C126&amp;ssl=1 200w, https:\/\/i0.wp.com\/eltrabajo.cl\/portal\/wp-content\/uploads\/2018\/04\/varones-san-felipe.jpg?resize=300%2C189&amp;ssl=1 300w, https:\/\/i0.wp.com\/eltrabajo.cl\/portal\/wp-content\/uploads\/2018\/04\/varones-san-felipe.jpg?resize=238%2C150&amp;ssl=1 238w, https:\/\/i0.wp.com\/eltrabajo.cl\/portal\/wp-content\/uploads\/2018\/04\/varones-san-felipe.jpg?resize=400%2C253&amp;ssl=1 400w\" sizes=\"auto, (max-width: 578px) 100vw, 578px\" \/><figcaption id=\"caption-attachment-85754\" class=\"wp-caption-text\">La selecci\u00f3n masculina de San Felipe buscar\u00e1 llevar una vez m\u00e1s al baloncesto de la ciudad a los Juegos Binacionales.<\/figcaption><\/figure>\n<p>Luego de sortear con \u00e9xito la fase previa de clasificaciones que el martes pasado se disput\u00f3 en la \u2018Tres Veces Heroica Ciudad\u2019, las selecciones femenina y masculina de baloncesto de San Felipe, hoy se la jugar\u00e1n por clasificar a los Juegos Binacionales que este a\u00f1o tendr\u00e1 como sede a la regi\u00f3n del Libertador General Bernardo O\u2019Higgins.<br \/>\nAmbos combinados sanfelipe\u00f1os deber\u00e1n dirimir con sus similares de Valpara\u00edso su clasificaci\u00f3n para poder representar a la regi\u00f3n en la importante cita deportiva internacional. La serie final clasificatoria se disputar\u00e1 en el gimnasio del Liceo Corina Urbina, quedando programados los partidos en los siguientes horarios:<br \/>\n12:00 horas: San Felipe \u2013 Valpara\u00edso (damas)<br \/>\n16:00 horas: San Felipe \u2013 Valpara\u00edso (varones)<br \/>\nPara acceder a las finales de hoy, las selecciones locales debieron imponerse a sus iguales de Marga Marga y Vi\u00f1a del Mar, a las cuales superaron con holgura y largueza, por lo que en el baloncesto sanfelipe\u00f1o hay mucha ilusi\u00f3n que ambos combinados logren clasificar a los Binacionales.<br \/>\nResultados martes 10 de abril<br \/>\nMujeres<br \/>\nSan Felipe 56 \u2013 Vi\u00f1a del Mar 51<br \/>\nSan Felipe 44 \u2013 Marga Marga 28<br \/>\nVarones<br \/>\nSan Felipe 88 \u2013 Vi\u00f1a del Mar 54<br \/>\nSan Felipe 101- Marga Marga 42<\/p>\n<figure id=\"attachment_85753\" aria-describedby=\"caption-attachment-85753\" style=\"width: 578px\" class=\"wp-caption alignnone\"><img data-recalc-dims=\"1\" loading=\"lazy\" decoding=\"async\" class=\"size-full wp-image-85753\" src=\"https:\/\/i0.wp.com\/www.eltrabajo.cl\/portal\/wp-content\/uploads\/2018\/04\/mujeres-san-felipe.jpg?resize=578%2C374\" alt=\"En el combinado femenino sanfelipe\u00f1o existe mucha ilusi\u00f3n por llegar a los Binacionales 2018.\" width=\"578\" height=\"374\" srcset=\"https:\/\/i0.wp.com\/eltrabajo.cl\/portal\/wp-content\/uploads\/2018\/04\/mujeres-san-felipe.jpg?w=578&amp;ssl=1 578w, https:\/\/i0.wp.com\/eltrabajo.cl\/portal\/wp-content\/uploads\/2018\/04\/mujeres-san-felipe.jpg?resize=200%2C129&amp;ssl=1 200w, https:\/\/i0.wp.com\/eltrabajo.cl\/portal\/wp-content\/uploads\/2018\/04\/mujeres-san-felipe.jpg?resize=300%2C194&amp;ssl=1 300w, https:\/\/i0.wp.com\/eltrabajo.cl\/portal\/wp-content\/uploads\/2018\/04\/mujeres-san-felipe.jpg?resize=232%2C150&amp;ssl=1 232w, https:\/\/i0.wp.com\/eltrabajo.cl\/portal\/wp-content\/uploads\/2018\/04\/mujeres-san-felipe.jpg?resize=400%2C259&amp;ssl=1 400w\" sizes=\"auto, (max-width: 578px) 100vw, 578px\" \/><figcaption id=\"caption-attachment-85753\" class=\"wp-caption-text\">En el combinado femenino sanfelipe\u00f1o existe mucha ilusi\u00f3n por llegar a los Binacionales 2018.<\/figcaption><\/figure>\n","protected":false},"excerpt":{"rendered":"<p>Luego de sortear con \u00e9xito la fase previa de clasificaciones que el martes pasado se disput\u00f3 en la \u2018Tres Veces Heroica Ciudad\u2019, las selecciones femenina y masculina de baloncesto de San Felipe,&#8230;<\/p>\n","protected":false},"author":1,"featured_media":85753,"comment_status":"open","ping_status":"open","sticky":false,"template":"","format":"standard","meta":{"advanced_seo_description":"","jetpack_seo_html_title":"","jetpack_seo_noindex":false,"_jetpack_memberships_contains_paid_content":false,"footnotes":""},"categories":[19],"tags":[],"class_list":["post-85752","post","type-post","status-publish","format-standard","has-post-thumbnail","hentry","category-deportes"],"jetpack_featured_media_url":"https:\/\/i0.wp.com\/eltrabajo.cl\/portal\/wp-content\/uploads\/2018\/04\/mujeres-san-felipe.jpg?fit=578%2C374&ssl=1","jetpack_sharing_enabled":true,"jetpack_likes_enabled":true,"jetpack-related-posts":[],"_links":{"self":[{"href":"https:\/\/eltrabajo.cl\/portal\/wp-json\/wp\/v2\/posts\/85752","targetHints":{"allow":["GET"]}}],"collection":[{"href":"https:\/\/eltrabajo.cl\/portal\/wp-json\/wp\/v2\/posts"}],"about":[{"href":"https:\/\/eltrabajo.cl\/portal\/wp-json\/wp\/v2\/types\/post"}],"author":[{"embeddable":true,"href":"https:\/\/eltrabajo.cl\/portal\/wp-json\/wp\/v2\/users\/1"}],"replies":[{"embeddable":true,"href":"https:\/\/eltrabajo.cl\/portal\/wp-json\/wp\/v2\/comments?post=85752"}],"version-history":[{"count":0,"href":"https:\/\/eltrabajo.cl\/portal\/wp-json\/wp\/v2\/posts\/85752\/revisions"}],"wp:featuredmedia":[{"embeddable":true,"href":"https:\/\/eltrabajo.cl\/portal\/wp-json\/wp\/v2\/media\/85753"}],"wp:attachment":[{"href":"https:\/\/eltrabajo.cl\/portal\/wp-json\/wp\/v2\/media?parent=85752"}],"wp:term":[{"taxonomy":"category","embeddable":true,"href":"https:\/\/eltrabajo.cl\/portal\/wp-json\/wp\/v2\/categories?post=85752"},{"taxonomy":"post_tag","embeddable":true,"href":"https:\/\/eltrabajo.cl\/portal\/wp-json\/wp\/v2\/tags?post=85752"}],"curies":[{"name":"wp","href":"https:\/\/api.w.org\/{rel}","templated":true}]}}