{"id":85783,"date":"2018-04-13T05:00:52","date_gmt":"2018-04-13T09:00:52","guid":{"rendered":"http:\/\/www.eltrabajo.cl\/2017\/?p=85783"},"modified":"2018-04-13T05:00:52","modified_gmt":"2018-04-13T09:00:52","slug":"hospital-san-camilo-contara-con-resonador-nuclear-magnetico","status":"publish","type":"post","link":"https:\/\/eltrabajo.cl\/portal\/hospital-san-camilo-contara-con-resonador-nuclear-magnetico\/","title":{"rendered":"Hospital San Camilo contar\u00e1 con Resonador Nuclear Magn\u00e9tico"},"content":{"rendered":"<figure id=\"attachment_85784\" aria-describedby=\"caption-attachment-85784\" style=\"width: 579px\" class=\"wp-caption alignnone\"><img data-recalc-dims=\"1\" loading=\"lazy\" decoding=\"async\" class=\"size-full wp-image-85784\" src=\"https:\/\/i0.wp.com\/www.eltrabajo.cl\/portal\/wp-content\/uploads\/2018\/04\/susan-porras-directora-HSC.jpg?resize=579%2C386\" alt=\"En el Teatro Municipal de San Felipe entreg\u00f3 su cuenta p\u00fablica la Directora del Hospital San Camilo, Susan Porras Fern\u00e1ndez (primera de izquierda a derecha en la primera fila).\" width=\"579\" height=\"386\" srcset=\"https:\/\/i0.wp.com\/eltrabajo.cl\/portal\/wp-content\/uploads\/2018\/04\/susan-porras-directora-HSC.jpg?w=579&amp;ssl=1 579w, https:\/\/i0.wp.com\/eltrabajo.cl\/portal\/wp-content\/uploads\/2018\/04\/susan-porras-directora-HSC.jpg?resize=200%2C133&amp;ssl=1 200w, https:\/\/i0.wp.com\/eltrabajo.cl\/portal\/wp-content\/uploads\/2018\/04\/susan-porras-directora-HSC.jpg?resize=300%2C200&amp;ssl=1 300w, https:\/\/i0.wp.com\/eltrabajo.cl\/portal\/wp-content\/uploads\/2018\/04\/susan-porras-directora-HSC.jpg?resize=225%2C150&amp;ssl=1 225w, https:\/\/i0.wp.com\/eltrabajo.cl\/portal\/wp-content\/uploads\/2018\/04\/susan-porras-directora-HSC.jpg?resize=400%2C267&amp;ssl=1 400w\" sizes=\"auto, (max-width: 579px) 100vw, 579px\" \/><figcaption id=\"caption-attachment-85784\" class=\"wp-caption-text\">En el Teatro Municipal de San Felipe entreg\u00f3 su cuenta p\u00fablica la Directora del Hospital San Camilo, Susan Porras Fern\u00e1ndez (primera de izquierda a derecha en la primera fila).<\/figcaption><\/figure>\n<ul>\n<li><span style=\"color: #ff0000;\"><strong>Directora anunci\u00f3 en su Cuenta P\u00fablica la aprobaci\u00f3n por parte de Hacienda de los recursos necesarios para su compra durante este 2018<\/strong><\/span><\/li>\n<\/ul>\n<p>En el marco de la Cuenta P\u00fablica Participativa realizada en el Teatro Municipal, la Directora del Hospital San Camilo, Susan Porras Fern\u00e1ndez, asegur\u00f3 que el Ministerio de Hacienda ya firm\u00f3 el decreto que autoriza el gasto cercano a los dos mil millones de pesos para la compra mediante licitaci\u00f3n p\u00fablica de una Resonador Nuclear Magn\u00e9tico, el primero disponible en un recinto p\u00fablico del Valle del Aconcagua.<br \/>\nEl importante anuncio lo realiz\u00f3 tras realizar su presentaci\u00f3n que involucra lo realizado durante el a\u00f1o 2017 en el establecimiento, en donde destac\u00f3 que el a\u00f1o anterior el hospital logr\u00f3 aumentar el tipo y la complejidad de las prestaciones que realiza, dando como ejemplo la consolidaci\u00f3n del procedimiento de trombolisis para pacientes con accidentes cerebro vasculares, la realizaci\u00f3n de m\u00e1s de 200 coronariograf\u00edas y angioplast\u00edas por parte del equipo de cardiolog\u00eda, y la implementaci\u00f3n de nuevos y complejos procedimientos en oftalmolog\u00eda, otorrino y cirug\u00eda. Todas estas acciones que beneficiaron a un sinn\u00famero de usuarios del Valle que sin \u00e9stos, deber\u00edan haber concurrido a otros centros de salud de la capital o Valpara\u00edso.<br \/>\nA su vez, destac\u00f3 tambi\u00e9n el avance en la Cirug\u00eda mayor ambulatoria, que permite a los pacientes ser intervenidos en pabell\u00f3n y volver a sus hogares dentro del d\u00eda, sin hospitalizaci\u00f3n en patolog\u00edas tan frecuentes como la colecistectom\u00eda (extracci\u00f3n de ves\u00edcula).<br \/>\n\u00abEstamos muy satisfechos de poder hacer un balance positivo de lo avanzado en materia cl\u00ednica, porque podemos demostrar con hechos y con usuarios satisfechos que hoy el hospital es m\u00e1s complejo y sigue creciendo para dar soluciones a los problemas de salud de nuestra poblaci\u00f3n\u00bb, asegur\u00f3 Susan Porras.<br \/>\nSobre los aspectos a mejorar, Porras dijo que \u00abtenemos un gran desaf\u00edo en seguir mejorando el trato, es decir, hacer m\u00e1s y mejores atenciones, pero sin olvidar la calidad humana y el cari\u00f1o con el que debemos hacer todo. Muchas veces el usuario valora m\u00e1s el c\u00f3mo hacemos las cosas y estamos conscientes que tenemos mucho espacio para crecer en ese aspecto\u00bb, se\u00f1al\u00f3.<br \/>\nFinalmente, la autoridad destac\u00f3 tambi\u00e9n la reducci\u00f3n de listas de espera en intervenciones quir\u00fargicas, as\u00ed como la llegada de nuevos especialistas y la formaci\u00f3n de subespecialistas, para poder entregar atenciones complejas dentro del recinto sin derivar a otros centros de salud alejados del valle.<\/p>\n<p>&nbsp;<\/p>\n","protected":false},"excerpt":{"rendered":"<p>Directora anunci\u00f3 en su Cuenta P\u00fablica la aprobaci\u00f3n por parte de Hacienda de los recursos necesarios para su compra durante este 2018 En el marco de la Cuenta P\u00fablica Participativa realizada en&#8230;<\/p>\n","protected":false},"author":1,"featured_media":85784,"comment_status":"open","ping_status":"open","sticky":false,"template":"","format":"standard","meta":{"advanced_seo_description":"","jetpack_seo_html_title":"","jetpack_seo_noindex":false,"_jetpack_memberships_contains_paid_content":false,"footnotes":""},"categories":[1],"tags":[],"class_list":["post-85783","post","type-post","status-publish","format-standard","has-post-thumbnail","hentry","category-cronica"],"jetpack_featured_media_url":"https:\/\/i0.wp.com\/eltrabajo.cl\/portal\/wp-content\/uploads\/2018\/04\/susan-porras-directora-HSC.jpg?fit=579%2C386&ssl=1","jetpack_sharing_enabled":true,"jetpack_likes_enabled":true,"jetpack-related-posts":[],"_links":{"self":[{"href":"https:\/\/eltrabajo.cl\/portal\/wp-json\/wp\/v2\/posts\/85783","targetHints":{"allow":["GET"]}}],"collection":[{"href":"https:\/\/eltrabajo.cl\/portal\/wp-json\/wp\/v2\/posts"}],"about":[{"href":"https:\/\/eltrabajo.cl\/portal\/wp-json\/wp\/v2\/types\/post"}],"author":[{"embeddable":true,"href":"https:\/\/eltrabajo.cl\/portal\/wp-json\/wp\/v2\/users\/1"}],"replies":[{"embeddable":true,"href":"https:\/\/eltrabajo.cl\/portal\/wp-json\/wp\/v2\/comments?post=85783"}],"version-history":[{"count":0,"href":"https:\/\/eltrabajo.cl\/portal\/wp-json\/wp\/v2\/posts\/85783\/revisions"}],"wp:featuredmedia":[{"embeddable":true,"href":"https:\/\/eltrabajo.cl\/portal\/wp-json\/wp\/v2\/media\/85784"}],"wp:attachment":[{"href":"https:\/\/eltrabajo.cl\/portal\/wp-json\/wp\/v2\/media?parent=85783"}],"wp:term":[{"taxonomy":"category","embeddable":true,"href":"https:\/\/eltrabajo.cl\/portal\/wp-json\/wp\/v2\/categories?post=85783"},{"taxonomy":"post_tag","embeddable":true,"href":"https:\/\/eltrabajo.cl\/portal\/wp-json\/wp\/v2\/tags?post=85783"}],"curies":[{"name":"wp","href":"https:\/\/api.w.org\/{rel}","templated":true}]}}