{"id":85810,"date":"2018-04-16T05:01:00","date_gmt":"2018-04-16T09:01:00","guid":{"rendered":"http:\/\/www.eltrabajo.cl\/2017\/?p=85810"},"modified":"2018-04-16T05:01:00","modified_gmt":"2018-04-16T09:01:00","slug":"trasandino-tiene-un-estreno-triunfal-en-la-tercera-a","status":"publish","type":"post","link":"https:\/\/eltrabajo.cl\/portal\/trasandino-tiene-un-estreno-triunfal-en-la-tercera-a\/","title":{"rendered":"Trasandino tiene un estreno triunfal en la Tercera A"},"content":{"rendered":"<figure id=\"attachment_85811\" aria-describedby=\"caption-attachment-85811\" style=\"width: 580px\" class=\"wp-caption alignnone\"><img data-recalc-dims=\"1\" loading=\"lazy\" decoding=\"async\" class=\"size-full wp-image-85811\" src=\"https:\/\/i0.wp.com\/www.eltrabajo.cl\/portal\/wp-content\/uploads\/2018\/04\/trasandino-en-el-debut.jpg?resize=580%2C413\" alt=\"Debut triunfal.- En su estreno en el torneo de la Tercera A Trasandino se impuso como forastero 2 a 1 a Municipal Santiago.\" width=\"580\" height=\"413\" srcset=\"https:\/\/i0.wp.com\/eltrabajo.cl\/portal\/wp-content\/uploads\/2018\/04\/trasandino-en-el-debut.jpg?w=580&amp;ssl=1 580w, https:\/\/i0.wp.com\/eltrabajo.cl\/portal\/wp-content\/uploads\/2018\/04\/trasandino-en-el-debut.jpg?resize=200%2C142&amp;ssl=1 200w, https:\/\/i0.wp.com\/eltrabajo.cl\/portal\/wp-content\/uploads\/2018\/04\/trasandino-en-el-debut.jpg?resize=300%2C214&amp;ssl=1 300w, https:\/\/i0.wp.com\/eltrabajo.cl\/portal\/wp-content\/uploads\/2018\/04\/trasandino-en-el-debut.jpg?resize=211%2C150&amp;ssl=1 211w, https:\/\/i0.wp.com\/eltrabajo.cl\/portal\/wp-content\/uploads\/2018\/04\/trasandino-en-el-debut.jpg?resize=400%2C285&amp;ssl=1 400w\" sizes=\"auto, (max-width: 580px) 100vw, 580px\" \/><figcaption id=\"caption-attachment-85811\" class=\"wp-caption-text\">Debut triunfal.- En su estreno en el torneo de la Tercera A Trasandino se impuso como forastero 2 a 1 a Municipal Santiago.<\/figcaption><\/figure>\n<p>Teniendo que venir desde atr\u00e1s, luego que su rival en el debut se adelantara en el marcador, Trasandino de Los Andes termin\u00f3 imponi\u00e9ndose por 2 goles a 1 al Municipal Santiago en el partido jugado al mediod\u00eda del s\u00e1bado pasado en el Estadio Municipal de San Ramon.<br \/>\nLa primera etapa fue favorable a los capitalinos, quienes lograron traducir en una m\u00ednima ventaja su transitoria superioridad. Ya en el segundo lapso se vinieron los mejores momentos de los aconcag\u00fcinos: Mauricio Segura (15\u2019) y Sebasti\u00e1n Arias (23\u2019) fueron los artilleros del conjunto adiestrado por Ricardo Gonz\u00e1lez que como forasteros dejaron en claro que tienen las armas para dar la pelea en un torneo extenso y extremadamente duro, que da dos cupos para el ascenso a la Segunda Divisi\u00f3n.<br \/>\nNicol\u00e1s Carrasco en \u00e9l arco; Felipe Lecaros (Mauricio Segura53\u2019)), Fabian Rivera, Reinaldo Ahumada, Eduardo Ahumada; Sim\u00f3n Arias, Marcelo C\u00e1ceres, Martin Orme\u00f1o, David Celed\u00f3n; Eliseo Miranda y Yerco Mu\u00f1oz (Dilan Contreras84\u2019), fueron los once elegidos por Gonz\u00e1lez para el estreno triunfal del \u2018Condor\u2019 en la Tercera A.<\/p>\n","protected":false},"excerpt":{"rendered":"<p>Teniendo que venir desde atr\u00e1s, luego que su rival en el debut se adelantara en el marcador, Trasandino de Los Andes termin\u00f3 imponi\u00e9ndose por 2 goles a 1 al Municipal Santiago en&#8230;<\/p>\n","protected":false},"author":1,"featured_media":85811,"comment_status":"open","ping_status":"open","sticky":false,"template":"","format":"standard","meta":{"advanced_seo_description":"","jetpack_seo_html_title":"","jetpack_seo_noindex":false,"_jetpack_memberships_contains_paid_content":false,"footnotes":""},"categories":[19],"tags":[],"class_list":["post-85810","post","type-post","status-publish","format-standard","has-post-thumbnail","hentry","category-deportes"],"jetpack_featured_media_url":"https:\/\/i0.wp.com\/eltrabajo.cl\/portal\/wp-content\/uploads\/2018\/04\/trasandino-en-el-debut.jpg?fit=580%2C413&ssl=1","jetpack_sharing_enabled":true,"jetpack_likes_enabled":true,"jetpack-related-posts":[],"_links":{"self":[{"href":"https:\/\/eltrabajo.cl\/portal\/wp-json\/wp\/v2\/posts\/85810","targetHints":{"allow":["GET"]}}],"collection":[{"href":"https:\/\/eltrabajo.cl\/portal\/wp-json\/wp\/v2\/posts"}],"about":[{"href":"https:\/\/eltrabajo.cl\/portal\/wp-json\/wp\/v2\/types\/post"}],"author":[{"embeddable":true,"href":"https:\/\/eltrabajo.cl\/portal\/wp-json\/wp\/v2\/users\/1"}],"replies":[{"embeddable":true,"href":"https:\/\/eltrabajo.cl\/portal\/wp-json\/wp\/v2\/comments?post=85810"}],"version-history":[{"count":0,"href":"https:\/\/eltrabajo.cl\/portal\/wp-json\/wp\/v2\/posts\/85810\/revisions"}],"wp:featuredmedia":[{"embeddable":true,"href":"https:\/\/eltrabajo.cl\/portal\/wp-json\/wp\/v2\/media\/85811"}],"wp:attachment":[{"href":"https:\/\/eltrabajo.cl\/portal\/wp-json\/wp\/v2\/media?parent=85810"}],"wp:term":[{"taxonomy":"category","embeddable":true,"href":"https:\/\/eltrabajo.cl\/portal\/wp-json\/wp\/v2\/categories?post=85810"},{"taxonomy":"post_tag","embeddable":true,"href":"https:\/\/eltrabajo.cl\/portal\/wp-json\/wp\/v2\/tags?post=85810"}],"curies":[{"name":"wp","href":"https:\/\/api.w.org\/{rel}","templated":true}]}}