{"id":85813,"date":"2018-04-16T05:02:24","date_gmt":"2018-04-16T09:02:24","guid":{"rendered":"http:\/\/www.eltrabajo.cl\/2017\/?p=85813"},"modified":"2018-04-16T05:02:24","modified_gmt":"2018-04-16T09:02:24","slug":"raul-reinoso-denuncio-graves-amenazas-a-su-integridad-fisica-y-propiedad","status":"publish","type":"post","link":"https:\/\/eltrabajo.cl\/portal\/raul-reinoso-denuncio-graves-amenazas-a-su-integridad-fisica-y-propiedad\/","title":{"rendered":"Ra\u00fal Reinoso denunci\u00f3 graves amenazas a su integridad f\u00edsica y propiedad"},"content":{"rendered":"<figure id=\"attachment_85814\" aria-describedby=\"caption-attachment-85814\" style=\"width: 580px\" class=\"wp-caption alignnone\"><img data-recalc-dims=\"1\" loading=\"lazy\" decoding=\"async\" class=\"size-full wp-image-85814\" src=\"https:\/\/i0.wp.com\/www.eltrabajo.cl\/portal\/wp-content\/uploads\/2018\/04\/raul-reinoso-2.jpg?resize=580%2C399\" alt=\"El experimentado dirigente denunci\u00f3 ante las autoridades graves y cobardes amenazas hacia su integridad f\u00edsica. \" width=\"580\" height=\"399\" srcset=\"https:\/\/i0.wp.com\/eltrabajo.cl\/portal\/wp-content\/uploads\/2018\/04\/raul-reinoso-2.jpg?w=580&amp;ssl=1 580w, https:\/\/i0.wp.com\/eltrabajo.cl\/portal\/wp-content\/uploads\/2018\/04\/raul-reinoso-2.jpg?resize=200%2C138&amp;ssl=1 200w, https:\/\/i0.wp.com\/eltrabajo.cl\/portal\/wp-content\/uploads\/2018\/04\/raul-reinoso-2.jpg?resize=300%2C206&amp;ssl=1 300w, https:\/\/i0.wp.com\/eltrabajo.cl\/portal\/wp-content\/uploads\/2018\/04\/raul-reinoso-2.jpg?resize=218%2C150&amp;ssl=1 218w, https:\/\/i0.wp.com\/eltrabajo.cl\/portal\/wp-content\/uploads\/2018\/04\/raul-reinoso-2.jpg?resize=400%2C275&amp;ssl=1 400w\" sizes=\"auto, (max-width: 580px) 100vw, 580px\" \/><figcaption id=\"caption-attachment-85814\" class=\"wp-caption-text\">El experimentado dirigente denunci\u00f3 ante las autoridades graves y cobardes amenazas hacia su integridad f\u00edsica.<\/figcaption><\/figure>\n<p>Una situaci\u00f3n angustiante que claramente es un fuerte llamado de atenci\u00f3n a los malos momentos por el que deben pasar los encargados del f\u00fatbol amateur, est\u00e1 viviendo el dirigente Ra\u00fal Reinoso, quien recibi\u00f3 amenazas a su integridad f\u00edsica y bienes privados luego que algunos individuos lo responsabilizan por la eliminaci\u00f3n que sufri\u00f3 un club en el Torneo Afava.<br \/>\n\u201cHay personajes nefastos que solo hacen da\u00f1o a una actividad en la cual la gran mayor\u00eda es gente buena; anoche (el jueves) me amenazaron porque seg\u00fan algunos, soy el culpable que de Las Cadenas haya sido expulsado del torneo Cordillera. Yo solo me limit\u00e9 a hacer un informe, nada m\u00e1s ya que la determinaci\u00f3n la tom\u00f3 el directorio de esa competencia\u201d, cont\u00f3 el directivo a El Trabajo Deportivo.<br \/>\nConsultado Reinoso en qu\u00e9 consistir\u00edan las amenazas, este respondi\u00f3 lo siguiente: \u201cQue donde me encontraran me iban a pegar, incluso que me iban a quemar la casa. Esto jam\u00e1s lo he vivido en todos mis a\u00f1os en el f\u00fatbol amateur, por eso lo denunci\u00f3. Hay gente que no tiene nada que hacer en esta actividad, porque manchan y enlodan todo\u201d.<br \/>\nEl actual presidente de la Asociaci\u00f3n de F\u00fatbol Amateur de San Felipe hizo saber que debido a la gravedad de los hechos, realiz\u00f3 la denuncia ante las autoridades pertinentes. \u201cSe buscar\u00e1 identificar a los individuos que a trav\u00e9s de las redes sociales cobardemente se esconden\u201d, afirm\u00f3.<br \/>\nRa\u00fal Reinoso tambi\u00e9n fue enf\u00e1tico en cuanto a que \u201cla gran mayor\u00eda de la gente de Las Cadenas es gente muy buena y respetable, salvo tres o cuatro individuos que los perjudican; el presidente de ese club, el se\u00f1or Reyes es un caballero, por eso es bueno tener claro que esto no va contra esa instituci\u00f3n. Si tengo claro que deb\u00ed denunciar y hacer p\u00fablico esto por si me llega a pasar algo\u201d, finaliz\u00f3 el alto y reconocido dirigente del deporte aconcag\u00fcino.<\/p>\n","protected":false},"excerpt":{"rendered":"<p>Una situaci\u00f3n angustiante que claramente es un fuerte llamado de atenci\u00f3n a los malos momentos por el que deben pasar los encargados del f\u00fatbol amateur, est\u00e1 viviendo el dirigente Ra\u00fal Reinoso, quien&#8230;<\/p>\n","protected":false},"author":1,"featured_media":85814,"comment_status":"open","ping_status":"open","sticky":false,"template":"","format":"standard","meta":{"advanced_seo_description":"","jetpack_seo_html_title":"","jetpack_seo_noindex":false,"_jetpack_memberships_contains_paid_content":false,"footnotes":""},"categories":[19],"tags":[],"class_list":["post-85813","post","type-post","status-publish","format-standard","has-post-thumbnail","hentry","category-deportes"],"jetpack_featured_media_url":"https:\/\/i0.wp.com\/eltrabajo.cl\/portal\/wp-content\/uploads\/2018\/04\/raul-reinoso-2.jpg?fit=580%2C399&ssl=1","jetpack_sharing_enabled":true,"jetpack_likes_enabled":true,"jetpack-related-posts":[],"_links":{"self":[{"href":"https:\/\/eltrabajo.cl\/portal\/wp-json\/wp\/v2\/posts\/85813","targetHints":{"allow":["GET"]}}],"collection":[{"href":"https:\/\/eltrabajo.cl\/portal\/wp-json\/wp\/v2\/posts"}],"about":[{"href":"https:\/\/eltrabajo.cl\/portal\/wp-json\/wp\/v2\/types\/post"}],"author":[{"embeddable":true,"href":"https:\/\/eltrabajo.cl\/portal\/wp-json\/wp\/v2\/users\/1"}],"replies":[{"embeddable":true,"href":"https:\/\/eltrabajo.cl\/portal\/wp-json\/wp\/v2\/comments?post=85813"}],"version-history":[{"count":0,"href":"https:\/\/eltrabajo.cl\/portal\/wp-json\/wp\/v2\/posts\/85813\/revisions"}],"wp:featuredmedia":[{"embeddable":true,"href":"https:\/\/eltrabajo.cl\/portal\/wp-json\/wp\/v2\/media\/85814"}],"wp:attachment":[{"href":"https:\/\/eltrabajo.cl\/portal\/wp-json\/wp\/v2\/media?parent=85813"}],"wp:term":[{"taxonomy":"category","embeddable":true,"href":"https:\/\/eltrabajo.cl\/portal\/wp-json\/wp\/v2\/categories?post=85813"},{"taxonomy":"post_tag","embeddable":true,"href":"https:\/\/eltrabajo.cl\/portal\/wp-json\/wp\/v2\/tags?post=85813"}],"curies":[{"name":"wp","href":"https:\/\/api.w.org\/{rel}","templated":true}]}}