{"id":85825,"date":"2018-04-17T05:00:42","date_gmt":"2018-04-17T09:00:42","guid":{"rendered":"http:\/\/www.eltrabajo.cl\/2017\/?p=85825"},"modified":"2018-04-17T05:00:42","modified_gmt":"2018-04-17T09:00:42","slug":"alumnos-de-primero-basico-de-escuela-buen-pastor-recibieron-calzado-escolar","status":"publish","type":"post","link":"https:\/\/eltrabajo.cl\/portal\/alumnos-de-primero-basico-de-escuela-buen-pastor-recibieron-calzado-escolar\/","title":{"rendered":"Alumnos de primero b\u00e1sico de escuela Buen Pastor recibieron calzado escolar"},"content":{"rendered":"<figure id=\"attachment_85826\" aria-describedby=\"caption-attachment-85826\" style=\"width: 579px\" class=\"wp-caption alignnone\"><img data-recalc-dims=\"1\" loading=\"lazy\" decoding=\"async\" class=\"size-full wp-image-85826\" src=\"https:\/\/i0.wp.com\/www.eltrabajo.cl\/portal\/wp-content\/uploads\/2018\/04\/entrega-calzado-escolar2.jpg?resize=579%2C435\" alt=\"La empresa Falabella entreg\u00f3 calzado escolar a todos los alumnos de los dos primeros b\u00e1sicos de la Escuela Buen Pastor de San Felipe.\" width=\"579\" height=\"435\" srcset=\"https:\/\/i0.wp.com\/eltrabajo.cl\/portal\/wp-content\/uploads\/2018\/04\/entrega-calzado-escolar2.jpg?w=579&amp;ssl=1 579w, https:\/\/i0.wp.com\/eltrabajo.cl\/portal\/wp-content\/uploads\/2018\/04\/entrega-calzado-escolar2.jpg?resize=200%2C150&amp;ssl=1 200w, https:\/\/i0.wp.com\/eltrabajo.cl\/portal\/wp-content\/uploads\/2018\/04\/entrega-calzado-escolar2.jpg?resize=300%2C225&amp;ssl=1 300w, https:\/\/i0.wp.com\/eltrabajo.cl\/portal\/wp-content\/uploads\/2018\/04\/entrega-calzado-escolar2.jpg?resize=400%2C301&amp;ssl=1 400w\" sizes=\"auto, (max-width: 579px) 100vw, 579px\" \/><figcaption id=\"caption-attachment-85826\" class=\"wp-caption-text\">La empresa Falabella entreg\u00f3 calzado escolar a todos los alumnos de los dos primeros b\u00e1sicos de la Escuela Buen Pastor de San Felipe.<\/figcaption><\/figure>\n<ul>\n<li><strong><span style=\"color: #ff0000;\">De parte de empresa Falabella:<\/span>\u00a0El aporte es parte del programa \u2018Haciendo escuela\u2019, que acompa\u00f1a a los alumnos durante todo el a\u00f1o escolar.<\/strong><\/li>\n<\/ul>\n<p>Todos los alumnos de los dos primeros b\u00e1sicos de la Escuela Buen Pastor de San Felipe se vieron beneficiados con la entrega de calzado escolar que realiz\u00f3 la empresa Falabella el viernes pasado, en el marco de su programa \u2018Haciendo Escuela\u2019.<br \/>\nLa empresa apoya a este establecimiento educacional de la comuna de San Felipe en distintos momentos del a\u00f1o escolar, con la entrega de distintos insumos, acompa\u00f1ando a los alumnos durante las actividades del a\u00f1o, haciendo incluso inversi\u00f3n en infraestructura.<br \/>\n\u201cEl a\u00f1o pasado cambiaron todas las puertas de las salas de clases, de los ba\u00f1os, de los camarines de los ni\u00f1os, una inversi\u00f3n grande en infraestructura, y nos acompa\u00f1an con un programa de aprendizaje, que es de la fundaci\u00f3n Barnechea, lo contrata Falabella para que trabajen con nosotros, en lectura y matem\u00e1tica, en el primer ciclo b\u00e1sico y este a\u00f1o se ampli\u00f3 al segundo ciclo b\u00e1sico y a la escuela eso no le significa ning\u00fan gasto\u201d, dijo la directora, Cecilia Cornejo Fuentealba.<br \/>\nSeg\u00fan explica la directora, es pol\u00edtica de la empresa apadrinar una escuela municipal en las comunas donde se instala esta tienda, y en el caso de la Escuela Buen Pastor, ese apoyo ya se mantiene por ocho a\u00f1os.<br \/>\n\u201cTodos los a\u00f1os nosotros tenemos la posibilidad de premiar con importantes recursos a nuestros ni\u00f1os con mejor rendimiento y a los que m\u00e1s se esfuerzan, reconocemos dos ni\u00f1os por curso, hasta el a\u00f1o antes pasado nos regalaban giftcard y el a\u00f1o pasado regalaron Tablet y notebook para los octavos b\u00e1sicos, realmente es una inversi\u00f3n grande y todo en beneficio de los ni\u00f1os\u201d, sostuvo la directora.<br \/>\nDaniel Pe\u00f1a, representante de la empresa, explic\u00f3 que el aporte realizado es parte de su sello de responsabilidad empresarial, en el marco del programa \u2018Haciendo escuela\u2019.<br \/>\n\u201cLos ni\u00f1os estaban muy felices y nosotros nos damos por pagados y es una instancia que nos sirve para seguir reforzando con la comunidad la cercan\u00eda que tenemos como Falabella\u201d.<br \/>\nEl administrador municipal, Patricio Gonz\u00e1lez, en representaci\u00f3n del alcalde Patricio Freire valor\u00f3 el aporte realizado por la empresa Falabella. \u201cAgradecer el sentido de la responsabilidad empresarial que demuestra la empresa en conjunto con este establecimiento, que todos sabemos que es p\u00fablico, donde est\u00e1n ni\u00f1os con mucho esfuerzo de sus padres y eso es un incentivo\u201d, dijo la autoridad.<\/p>\n","protected":false},"excerpt":{"rendered":"<p>De parte de empresa Falabella:\u00a0El aporte es parte del programa \u2018Haciendo escuela\u2019, que acompa\u00f1a a los alumnos durante todo el a\u00f1o escolar. Todos los alumnos de los dos primeros b\u00e1sicos de la&#8230;<\/p>\n","protected":false},"author":1,"featured_media":85826,"comment_status":"open","ping_status":"open","sticky":false,"template":"","format":"standard","meta":{"advanced_seo_description":"","jetpack_seo_html_title":"","jetpack_seo_noindex":false,"_jetpack_memberships_contains_paid_content":false,"footnotes":""},"categories":[1],"tags":[],"class_list":["post-85825","post","type-post","status-publish","format-standard","has-post-thumbnail","hentry","category-cronica"],"jetpack_featured_media_url":"https:\/\/i0.wp.com\/eltrabajo.cl\/portal\/wp-content\/uploads\/2018\/04\/entrega-calzado-escolar2.jpg?fit=579%2C435&ssl=1","jetpack_sharing_enabled":true,"jetpack_likes_enabled":true,"jetpack-related-posts":[],"_links":{"self":[{"href":"https:\/\/eltrabajo.cl\/portal\/wp-json\/wp\/v2\/posts\/85825","targetHints":{"allow":["GET"]}}],"collection":[{"href":"https:\/\/eltrabajo.cl\/portal\/wp-json\/wp\/v2\/posts"}],"about":[{"href":"https:\/\/eltrabajo.cl\/portal\/wp-json\/wp\/v2\/types\/post"}],"author":[{"embeddable":true,"href":"https:\/\/eltrabajo.cl\/portal\/wp-json\/wp\/v2\/users\/1"}],"replies":[{"embeddable":true,"href":"https:\/\/eltrabajo.cl\/portal\/wp-json\/wp\/v2\/comments?post=85825"}],"version-history":[{"count":0,"href":"https:\/\/eltrabajo.cl\/portal\/wp-json\/wp\/v2\/posts\/85825\/revisions"}],"wp:featuredmedia":[{"embeddable":true,"href":"https:\/\/eltrabajo.cl\/portal\/wp-json\/wp\/v2\/media\/85826"}],"wp:attachment":[{"href":"https:\/\/eltrabajo.cl\/portal\/wp-json\/wp\/v2\/media?parent=85825"}],"wp:term":[{"taxonomy":"category","embeddable":true,"href":"https:\/\/eltrabajo.cl\/portal\/wp-json\/wp\/v2\/categories?post=85825"},{"taxonomy":"post_tag","embeddable":true,"href":"https:\/\/eltrabajo.cl\/portal\/wp-json\/wp\/v2\/tags?post=85825"}],"curies":[{"name":"wp","href":"https:\/\/api.w.org\/{rel}","templated":true}]}}