{"id":85847,"date":"2018-04-18T05:00:07","date_gmt":"2018-04-18T09:00:07","guid":{"rendered":"http:\/\/www.eltrabajo.cl\/2017\/?p=85847"},"modified":"2018-04-18T05:00:07","modified_gmt":"2018-04-18T09:00:07","slug":"municipalidad-ofrecera-64-talleres-deportivos-y-de-actividad-fisica-este-2018","status":"publish","type":"post","link":"https:\/\/eltrabajo.cl\/portal\/municipalidad-ofrecera-64-talleres-deportivos-y-de-actividad-fisica-este-2018\/","title":{"rendered":"Municipalidad ofrecer\u00e1 64 talleres deportivos y de actividad f\u00edsica este 2018"},"content":{"rendered":"<figure id=\"attachment_85848\" aria-describedby=\"caption-attachment-85848\" style=\"width: 579px\" class=\"wp-caption alignnone\"><img data-recalc-dims=\"1\" loading=\"lazy\" decoding=\"async\" class=\"size-full wp-image-85848\" src=\"https:\/\/i0.wp.com\/www.eltrabajo.cl\/portal\/wp-content\/uploads\/2018\/04\/Taller-de-slackline.jpg?resize=579%2C377\" alt=\"El Taller de Slackline estar\u00e1 en el Gimnasio Municipal Samuel Tapia, los viernes de 16:00 a 18:00 hrs. y dirigido a mayores de 12 a\u00f1os.\" width=\"579\" height=\"377\" srcset=\"https:\/\/i0.wp.com\/eltrabajo.cl\/portal\/wp-content\/uploads\/2018\/04\/Taller-de-slackline.jpg?w=579&amp;ssl=1 579w, https:\/\/i0.wp.com\/eltrabajo.cl\/portal\/wp-content\/uploads\/2018\/04\/Taller-de-slackline.jpg?resize=200%2C130&amp;ssl=1 200w, https:\/\/i0.wp.com\/eltrabajo.cl\/portal\/wp-content\/uploads\/2018\/04\/Taller-de-slackline.jpg?resize=300%2C195&amp;ssl=1 300w, https:\/\/i0.wp.com\/eltrabajo.cl\/portal\/wp-content\/uploads\/2018\/04\/Taller-de-slackline.jpg?resize=230%2C150&amp;ssl=1 230w, https:\/\/i0.wp.com\/eltrabajo.cl\/portal\/wp-content\/uploads\/2018\/04\/Taller-de-slackline.jpg?resize=400%2C260&amp;ssl=1 400w\" sizes=\"auto, (max-width: 579px) 100vw, 579px\" \/><figcaption id=\"caption-attachment-85848\" class=\"wp-caption-text\">El Taller de Slackline estar\u00e1 en el Gimnasio Municipal Samuel Tapia, los viernes de 16:00 a 18:00 hrs. y dirigido a mayores de 12 a\u00f1os.<\/figcaption><\/figure>\n<ul>\n<li><span style=\"color: #ff0000;\"><strong>Los talleres son totalmente gratuitos y corresponden al compromiso del alcalde Patricio Freire por fomentar la pr\u00e1ctica deportiva y promover h\u00e1bitos de vida saludable en la comuna.<\/strong><\/span><\/li>\n<\/ul>\n<p>F\u00fatbol femenino, tenis, slackline, yoga, zumba, ciclismo y trail running son algunos de los talleres que el departamento de Deportes y Actividad F\u00edsica de la Municipalidad de San Felipe, ofrecer\u00e1 entre el 2 de mayo y fines de noviembre del 2018.<br \/>\nAs\u00ed lo inform\u00f3 Danilo Pe\u00f1a, coordinador del departamento antes mencionado, quien adem\u00e1s indic\u00f3 que se realizar\u00e1n talleres tanto para ni\u00f1os\/as y adolescentes entre los 5 y 18 a\u00f1os, como para adultos, entre los que se encuentran todos los de actividad f\u00edsica como zumba, baile entretenido, yoga, tai chi, entre otros; y deportivos como escalada, tenis, f\u00fatbol damas, trailrunning, b\u00e1squetbol damas, v\u00f3leibol mixto, b\u00e1squetbol varones y running.<br \/>\nAdem\u00e1s, el coordinador inform\u00f3 que se seguir\u00e1n realizando las disciplinas inclusivas como es el caso del goal ball y los de atletismo y que, como ya es costumbre, los talleres estar\u00e1n distribuidos por toda la comuna.<br \/>\n\u00abNuestro Alcalde siempre ha dicho que San Felipe no es s\u00f3lo el damero central, por lo tanto, nosotros tambi\u00e9n vamos a los sectores de El Asiento, Bellavista y Curim\u00f3n\u00bb, indic\u00f3.<br \/>\nFinalmente, Pe\u00f1a hizo \u00e9nfasis en que los talleres son totalmente abiertos a la comunidad, independiente de d\u00f3nde se realicen.<br \/>\n\u00abEl hecho de que se hagan en una junta vecinal no significa que es para esa junta de vecinos en particular, es para toda la comunidad; y si hay un taller en un colegio, escuela o liceo, tampoco es solamente para los ni\u00f1os de ese establecimiento educacional, es para todos, las puertas est\u00e1n abiertas y la inscripci\u00f3n es totalmente gratuita y se hace directamente en el lugar donde se realiza el taller\u00bb, concluy\u00f3 el coordinador, quien hizo un llamado a informarse sobre todos los talleres directamente en el departamento de Deportes y Actividad F\u00edsica municipal, ubicado en el Edificio Prat, 4\u00ba piso, oficina 401.<\/p>\n","protected":false},"excerpt":{"rendered":"<p>Los talleres son totalmente gratuitos y corresponden al compromiso del alcalde Patricio Freire por fomentar la pr\u00e1ctica deportiva y promover h\u00e1bitos de vida saludable en la comuna. F\u00fatbol femenino, tenis, slackline, yoga,&#8230;<\/p>\n","protected":false},"author":1,"featured_media":85848,"comment_status":"open","ping_status":"open","sticky":false,"template":"","format":"standard","meta":{"advanced_seo_description":"","jetpack_seo_html_title":"","jetpack_seo_noindex":false,"_jetpack_memberships_contains_paid_content":false,"footnotes":""},"categories":[1],"tags":[],"class_list":["post-85847","post","type-post","status-publish","format-standard","has-post-thumbnail","hentry","category-cronica"],"jetpack_featured_media_url":"https:\/\/i0.wp.com\/eltrabajo.cl\/portal\/wp-content\/uploads\/2018\/04\/Taller-de-slackline.jpg?fit=579%2C377&ssl=1","jetpack_sharing_enabled":true,"jetpack_likes_enabled":true,"jetpack-related-posts":[],"_links":{"self":[{"href":"https:\/\/eltrabajo.cl\/portal\/wp-json\/wp\/v2\/posts\/85847","targetHints":{"allow":["GET"]}}],"collection":[{"href":"https:\/\/eltrabajo.cl\/portal\/wp-json\/wp\/v2\/posts"}],"about":[{"href":"https:\/\/eltrabajo.cl\/portal\/wp-json\/wp\/v2\/types\/post"}],"author":[{"embeddable":true,"href":"https:\/\/eltrabajo.cl\/portal\/wp-json\/wp\/v2\/users\/1"}],"replies":[{"embeddable":true,"href":"https:\/\/eltrabajo.cl\/portal\/wp-json\/wp\/v2\/comments?post=85847"}],"version-history":[{"count":0,"href":"https:\/\/eltrabajo.cl\/portal\/wp-json\/wp\/v2\/posts\/85847\/revisions"}],"wp:featuredmedia":[{"embeddable":true,"href":"https:\/\/eltrabajo.cl\/portal\/wp-json\/wp\/v2\/media\/85848"}],"wp:attachment":[{"href":"https:\/\/eltrabajo.cl\/portal\/wp-json\/wp\/v2\/media?parent=85847"}],"wp:term":[{"taxonomy":"category","embeddable":true,"href":"https:\/\/eltrabajo.cl\/portal\/wp-json\/wp\/v2\/categories?post=85847"},{"taxonomy":"post_tag","embeddable":true,"href":"https:\/\/eltrabajo.cl\/portal\/wp-json\/wp\/v2\/tags?post=85847"}],"curies":[{"name":"wp","href":"https:\/\/api.w.org\/{rel}","templated":true}]}}