{"id":85854,"date":"2018-04-18T05:02:01","date_gmt":"2018-04-18T09:02:01","guid":{"rendered":"http:\/\/www.eltrabajo.cl\/2017\/?p=85854"},"modified":"2018-04-18T05:02:01","modified_gmt":"2018-04-18T09:02:01","slug":"carabineros-de-san-felipe-ha-detenido-a-300-personas-por-ordenes-vigentes","status":"publish","type":"post","link":"https:\/\/eltrabajo.cl\/portal\/carabineros-de-san-felipe-ha-detenido-a-300-personas-por-ordenes-vigentes\/","title":{"rendered":"Carabineros de San Felipe ha detenido a 300 personas por \u00f3rdenes vigentes"},"content":{"rendered":"<figure id=\"attachment_85855\" aria-describedby=\"caption-attachment-85855\" style=\"width: 579px\" class=\"wp-caption alignnone\"><img data-recalc-dims=\"1\" loading=\"lazy\" decoding=\"async\" class=\"size-full wp-image-85855\" src=\"https:\/\/i0.wp.com\/www.eltrabajo.cl\/portal\/wp-content\/uploads\/2018\/04\/mayor-hector-soto.jpg?resize=579%2C348\" alt=\"El Mayor H\u00e9ctor Soto junto a la patrulla ciclista de Carabineros.\" width=\"579\" height=\"348\" srcset=\"https:\/\/i0.wp.com\/eltrabajo.cl\/portal\/wp-content\/uploads\/2018\/04\/mayor-hector-soto.jpg?w=579&amp;ssl=1 579w, https:\/\/i0.wp.com\/eltrabajo.cl\/portal\/wp-content\/uploads\/2018\/04\/mayor-hector-soto.jpg?resize=200%2C120&amp;ssl=1 200w, https:\/\/i0.wp.com\/eltrabajo.cl\/portal\/wp-content\/uploads\/2018\/04\/mayor-hector-soto.jpg?resize=300%2C180&amp;ssl=1 300w, https:\/\/i0.wp.com\/eltrabajo.cl\/portal\/wp-content\/uploads\/2018\/04\/mayor-hector-soto.jpg?resize=250%2C150&amp;ssl=1 250w, https:\/\/i0.wp.com\/eltrabajo.cl\/portal\/wp-content\/uploads\/2018\/04\/mayor-hector-soto.jpg?resize=400%2C240&amp;ssl=1 400w\" sizes=\"auto, (max-width: 579px) 100vw, 579px\" \/><figcaption id=\"caption-attachment-85855\" class=\"wp-caption-text\">El Mayor H\u00e9ctor Soto junto a la patrulla ciclista de Carabineros.<\/figcaption><\/figure>\n<ul>\n<li><span style=\"color: #ff0000;\"><strong>En el primer trimestre del presente a\u00f1o:<\/strong><\/span><\/li>\n<\/ul>\n<p>Un total de trescientas personas han sido detenidas por \u00f3rdenes vigentes dentro de los tres primeros meses de este a\u00f1o por parte de Carabineros de la Segunda Comisar\u00eda de San Felipe.<br \/>\nAs\u00ed lo dio a conocer el Comisario de San Felipe, Mayor H\u00e9ctor Soto, quien dijo que esto se produce durante los patrullajes que se desarrollan durante las 24 horas: \u201cIndudablemente que los controles de identidad, vehiculares, surten su efecto, y prueba de ello es que habitualmente mantenemos una buena cantidad de detenidos por \u00f3rdenes vigentes, quienes en su mayor\u00eda son delincuentes habituales que por alg\u00fan motivo no se presentan en su proceso penal y finalmente se les emite una orden en contra de ellos, la verdad que dentro de nuestro trabajo nos preocupamos de esto y afortunadamente podemos sacar de circulaci\u00f3n de manera diaria un n\u00famero no menor de estos antisociales\u201d, indic\u00f3 el oficial.<br \/>\n<strong>&#8211; \u00bfCu\u00e1ntos han sido detenidos durante este a\u00f1o?<\/strong><br \/>\n&#8211; Por ordenes vigentes durante lo que va corrido del a\u00f1o tenemos unos trescientos, estamos hablando de enero, febrero, marzo y diariamente del orden de ocho a diez detenidos s\u00f3lo por orden vigente, a parte de los delitos flagrantes como robo en lugar habitado, no habitado; estamos trabajando y afortunadamente ha dado sus frutos, esperemos que con esto los delincuentes puedan cumplir sus condenas y normalizarse y tener una mayor sensaci\u00f3n de seguridad, algo querido por la comunidad para poder tener una mejor calidad de vida.<br \/>\n<strong>&#8211; \u00bfCu\u00e1l es balance que hace sobre la implementaci\u00f3n de los carabineros ciclistas que se han visto patrullando la ciudad?<\/strong><br \/>\n&#8211; S\u00ed, ha sido perfecto, la gente lo ha tomado de muy buena manera, es algo muy novedoso para la provincia, contamos con seis bicicletas, est\u00e1n saliendo a todo turno diurno, estamos sacando motos todos los d\u00edas, tenemos una oferta importante de presencia de Carabineros en la comuna y en la provincia en general, eso nos tiene muy contentos, el trabajo tambi\u00e9n se ha desarrollado en absoluta normalidad.<br \/>\n<strong>&#8211; \u00bfVan a salir m\u00e1s carabineros a la calle con esta nueva pol\u00edtica del General Director, o todav\u00eda est\u00e1n en la parte administrativa?<\/strong><br \/>\n&#8211; S\u00ed, es un proceso de reestructuraci\u00f3n donde efectivamente habr\u00edan unos Carabineros.<br \/>\n<strong>&#8211; Es decir, \u00bflo va a poder apreciar la comunidad?<\/strong><br \/>\n&#8211; S\u00ed, siempre nuestra prioridad ha sido el carabinero en la calle, siempre ha sido as\u00ed y creo que la gente lo ha notado y valorado.<br \/>\nReiterar que en su momento el Prefecto de la Instituci\u00f3n, Coronel Rolando Ilabaca Bustamante, dijo que s\u00f3lo en San Felipe ser\u00edan unos quince Carabineros los que saldr\u00edan a la calle.<\/p>\n<p><strong>RONDA DE FIN DE SEMANA<\/strong><br \/>\nDurante este fin de semana a nivel nacional se realizaron diferentes rondas, en el caso de la provincia de San Felipe hubo m\u00e1s de catorce personas detenidas, se realizaron unos quinientos controles de identidad y vehiculares, junto con ello hubo fiscalizaciones a locales de alcoholes y controles de tr\u00e1nsito.<\/p>\n","protected":false},"excerpt":{"rendered":"<p>En el primer trimestre del presente a\u00f1o: Un total de trescientas personas han sido detenidas por \u00f3rdenes vigentes dentro de los tres primeros meses de este a\u00f1o por parte de Carabineros de&#8230;<\/p>\n","protected":false},"author":1,"featured_media":85855,"comment_status":"open","ping_status":"open","sticky":false,"template":"","format":"standard","meta":{"advanced_seo_description":"","jetpack_seo_html_title":"","jetpack_seo_noindex":false,"_jetpack_memberships_contains_paid_content":false,"footnotes":""},"categories":[1],"tags":[],"class_list":["post-85854","post","type-post","status-publish","format-standard","has-post-thumbnail","hentry","category-cronica"],"jetpack_featured_media_url":"https:\/\/i0.wp.com\/eltrabajo.cl\/portal\/wp-content\/uploads\/2018\/04\/mayor-hector-soto.jpg?fit=579%2C348&ssl=1","jetpack_sharing_enabled":true,"jetpack_likes_enabled":true,"jetpack-related-posts":[],"_links":{"self":[{"href":"https:\/\/eltrabajo.cl\/portal\/wp-json\/wp\/v2\/posts\/85854","targetHints":{"allow":["GET"]}}],"collection":[{"href":"https:\/\/eltrabajo.cl\/portal\/wp-json\/wp\/v2\/posts"}],"about":[{"href":"https:\/\/eltrabajo.cl\/portal\/wp-json\/wp\/v2\/types\/post"}],"author":[{"embeddable":true,"href":"https:\/\/eltrabajo.cl\/portal\/wp-json\/wp\/v2\/users\/1"}],"replies":[{"embeddable":true,"href":"https:\/\/eltrabajo.cl\/portal\/wp-json\/wp\/v2\/comments?post=85854"}],"version-history":[{"count":0,"href":"https:\/\/eltrabajo.cl\/portal\/wp-json\/wp\/v2\/posts\/85854\/revisions"}],"wp:featuredmedia":[{"embeddable":true,"href":"https:\/\/eltrabajo.cl\/portal\/wp-json\/wp\/v2\/media\/85855"}],"wp:attachment":[{"href":"https:\/\/eltrabajo.cl\/portal\/wp-json\/wp\/v2\/media?parent=85854"}],"wp:term":[{"taxonomy":"category","embeddable":true,"href":"https:\/\/eltrabajo.cl\/portal\/wp-json\/wp\/v2\/categories?post=85854"},{"taxonomy":"post_tag","embeddable":true,"href":"https:\/\/eltrabajo.cl\/portal\/wp-json\/wp\/v2\/tags?post=85854"}],"curies":[{"name":"wp","href":"https:\/\/api.w.org\/{rel}","templated":true}]}}