{"id":85873,"date":"2018-04-19T05:01:12","date_gmt":"2018-04-19T09:01:12","guid":{"rendered":"http:\/\/www.eltrabajo.cl\/2017\/?p=85873"},"modified":"2018-04-19T05:01:12","modified_gmt":"2018-04-19T09:01:12","slug":"abril-tambores-mil-2018-se-realiza-este-viernes-y-sabado-en-san-felipe","status":"publish","type":"post","link":"https:\/\/eltrabajo.cl\/portal\/abril-tambores-mil-2018-se-realiza-este-viernes-y-sabado-en-san-felipe\/","title":{"rendered":"\u2018Abril Tambores Mil\u2019 2018 se realiza este viernes y s\u00e1bado en San Felipe"},"content":{"rendered":"<p>Ma\u00f1ana viernes 20 y s\u00e1bado 21 nuevamente se va a realizar una versi\u00f3n del evento \u2018Abril Tambores Mil\u2019, actividad que re\u00fane a una importante cantidad de j\u00f3venes provenientes de todo Chile que participan en las distintas batucadas.<br \/>\nAs\u00ed lo dio a conocer el organizador de esta fiesta, Sergio Castro, agregando que el d\u00eda viernes 20 comienzan como es tradicional en los dinosaurios \u201centre 16 a 17 horas con un batukazo para despu\u00e9s partir con un pasacalle a las 18:00 horas que es por la avenida Yungay llegando a calle Prat, bajamos por ah\u00ed hasta la plaza c\u00edvica; mientras que el s\u00e1bado 21 de abril nos juntamos frente al supermercado Tottus, a las diez la ma\u00f1ana, ah\u00ed tambi\u00e9n vamos a tener un batukazo para comenzar el pasacalles a las doce del d\u00eda, que ser\u00eda por Avenida O\u2019Higgins, Coimas, Prat y plaza c\u00edvica de nuevo y con eso estar\u00eda terminando el Carnaval Abril Tambores Mil 2018\u201d, indic\u00f3 Castro.<br \/>\n<strong>&#8211; \u00bfLes ha ido bien con esta actividad que se hace todos los a\u00f1os? <\/strong><br \/>\n&#8211; S\u00ed, ha tenido buena aceptaci\u00f3n por parte de la gente a quien les gusta, a parte que el d\u00eda s\u00e1bado, que es el m\u00e1s fuerte, las personas salen al centro a mirar, caminan junto con nosotros, se integran al grupo, la idea es seguir haciendo lo mismo y que cada vez se vaya integrando m\u00e1s gente.<br \/>\nLas invitaciones a los grupos est\u00e1n hechas a nivel nacional y se hacen a trav\u00e9s de las redes sociales.<br \/>\nAl menos grupos comprometidos de Vi\u00f1a del Mar, Valpara\u00edso, La Calera, de nuestro San Felipe, pero siempre se van integrando m\u00e1s.<br \/>\nPara los interesados en participar en batucadas que dirige Sergio Castro, practica todos los d\u00edas s\u00e1bado desde las 16:00 horas en adelante frente al Liceo de Ni\u00f1as, en caso de no estar en ese lugar se avisa por facebook Coracao Batuqueiro.<br \/>\nHasta la fecha han participado importantes grupos venidos de Santiago, Osorno, Copiap\u00f3, Valpara\u00edso, Temuco, Puerto Montt, Puerto Varas, Punitaqui.<br \/>\nBatucada es igual a percusi\u00f3n m\u00e1gica de origen brasile\u00f1o, ideado por la gente humilde, pobre de ese pa\u00eds.<br \/>\nAl finalizar Sergio Castro nos comenta que la idea es poder replicar lo que se hace en Brasil, en este caso ir a las poblaciones a buscar j\u00f3venes interesados en participar en este tipo de actividades.<\/p>\n<figure id=\"attachment_85875\" aria-describedby=\"caption-attachment-85875\" style=\"width: 580px\" class=\"wp-caption alignnone\"><img data-recalc-dims=\"1\" loading=\"lazy\" decoding=\"async\" class=\"size-full wp-image-85875\" src=\"https:\/\/i0.wp.com\/www.eltrabajo.cl\/portal\/wp-content\/uploads\/2018\/04\/Batukadas.jpg?resize=580%2C870\" alt=\"Este es el afiche del Carnaval donde se\u00f1ala hasta el domingo, pero eso  para los grupos que vienen de afuera o se realiza un taller con ellos.\" width=\"580\" height=\"870\" srcset=\"https:\/\/i0.wp.com\/eltrabajo.cl\/portal\/wp-content\/uploads\/2018\/04\/Batukadas.jpg?w=580&amp;ssl=1 580w, https:\/\/i0.wp.com\/eltrabajo.cl\/portal\/wp-content\/uploads\/2018\/04\/Batukadas.jpg?resize=100%2C150&amp;ssl=1 100w, https:\/\/i0.wp.com\/eltrabajo.cl\/portal\/wp-content\/uploads\/2018\/04\/Batukadas.jpg?resize=200%2C300&amp;ssl=1 200w, https:\/\/i0.wp.com\/eltrabajo.cl\/portal\/wp-content\/uploads\/2018\/04\/Batukadas.jpg?resize=400%2C600&amp;ssl=1 400w\" sizes=\"auto, (max-width: 580px) 100vw, 580px\" \/><figcaption id=\"caption-attachment-85875\" class=\"wp-caption-text\">Este es el afiche del Carnaval donde se\u00f1ala hasta el domingo, pero eso para los grupos que vienen de afuera o se realiza un taller con ellos.<\/figcaption><\/figure>\n","protected":false},"excerpt":{"rendered":"<p>Ma\u00f1ana viernes 20 y s\u00e1bado 21 nuevamente se va a realizar una versi\u00f3n del evento \u2018Abril Tambores Mil\u2019, actividad que re\u00fane a una importante cantidad de j\u00f3venes provenientes de todo Chile que&#8230;<\/p>\n","protected":false},"author":1,"featured_media":85874,"comment_status":"open","ping_status":"open","sticky":false,"template":"","format":"standard","meta":{"advanced_seo_description":"","jetpack_seo_html_title":"","jetpack_seo_noindex":false,"_jetpack_memberships_contains_paid_content":false,"footnotes":""},"categories":[1],"tags":[],"class_list":["post-85873","post","type-post","status-publish","format-standard","has-post-thumbnail","hentry","category-cronica"],"jetpack_featured_media_url":"https:\/\/i0.wp.com\/eltrabajo.cl\/portal\/wp-content\/uploads\/2018\/04\/Batukadas-copia.jpg?fit=580%2C411&ssl=1","jetpack_sharing_enabled":true,"jetpack_likes_enabled":true,"jetpack-related-posts":[],"_links":{"self":[{"href":"https:\/\/eltrabajo.cl\/portal\/wp-json\/wp\/v2\/posts\/85873","targetHints":{"allow":["GET"]}}],"collection":[{"href":"https:\/\/eltrabajo.cl\/portal\/wp-json\/wp\/v2\/posts"}],"about":[{"href":"https:\/\/eltrabajo.cl\/portal\/wp-json\/wp\/v2\/types\/post"}],"author":[{"embeddable":true,"href":"https:\/\/eltrabajo.cl\/portal\/wp-json\/wp\/v2\/users\/1"}],"replies":[{"embeddable":true,"href":"https:\/\/eltrabajo.cl\/portal\/wp-json\/wp\/v2\/comments?post=85873"}],"version-history":[{"count":0,"href":"https:\/\/eltrabajo.cl\/portal\/wp-json\/wp\/v2\/posts\/85873\/revisions"}],"wp:featuredmedia":[{"embeddable":true,"href":"https:\/\/eltrabajo.cl\/portal\/wp-json\/wp\/v2\/media\/85874"}],"wp:attachment":[{"href":"https:\/\/eltrabajo.cl\/portal\/wp-json\/wp\/v2\/media?parent=85873"}],"wp:term":[{"taxonomy":"category","embeddable":true,"href":"https:\/\/eltrabajo.cl\/portal\/wp-json\/wp\/v2\/categories?post=85873"},{"taxonomy":"post_tag","embeddable":true,"href":"https:\/\/eltrabajo.cl\/portal\/wp-json\/wp\/v2\/tags?post=85873"}],"curies":[{"name":"wp","href":"https:\/\/api.w.org\/{rel}","templated":true}]}}