{"id":85883,"date":"2018-04-19T05:03:05","date_gmt":"2018-04-19T09:03:05","guid":{"rendered":"http:\/\/www.eltrabajo.cl\/2017\/?p=85883"},"modified":"2018-04-19T05:03:05","modified_gmt":"2018-04-19T09:03:05","slug":"directora-del-servicio-de-salud-acepta-renuncia-solicitada-por-ministro-del-area","status":"publish","type":"post","link":"https:\/\/eltrabajo.cl\/portal\/directora-del-servicio-de-salud-acepta-renuncia-solicitada-por-ministro-del-area\/","title":{"rendered":"Directora del Servicio de Salud acepta renuncia solicitada por ministro del \u00e1rea"},"content":{"rendered":"<figure id=\"attachment_85884\" aria-describedby=\"caption-attachment-85884\" style=\"width: 579px\" class=\"wp-caption alignnone\"><img data-recalc-dims=\"1\" loading=\"lazy\" decoding=\"async\" class=\"size-full wp-image-85884\" src=\"https:\/\/i0.wp.com\/www.eltrabajo.cl\/portal\/wp-content\/uploads\/2018\/04\/dra-olave.jpg?resize=579%2C521\" alt=\"La Dra. Vilma Olave dejar\u00e1 el cargo el pr\u00f3ximo lunes 23 de abril.\" width=\"579\" height=\"521\" srcset=\"https:\/\/i0.wp.com\/eltrabajo.cl\/portal\/wp-content\/uploads\/2018\/04\/dra-olave.jpg?w=579&amp;ssl=1 579w, https:\/\/i0.wp.com\/eltrabajo.cl\/portal\/wp-content\/uploads\/2018\/04\/dra-olave.jpg?resize=167%2C150&amp;ssl=1 167w, https:\/\/i0.wp.com\/eltrabajo.cl\/portal\/wp-content\/uploads\/2018\/04\/dra-olave.jpg?resize=300%2C270&amp;ssl=1 300w, https:\/\/i0.wp.com\/eltrabajo.cl\/portal\/wp-content\/uploads\/2018\/04\/dra-olave.jpg?resize=400%2C360&amp;ssl=1 400w\" sizes=\"auto, (max-width: 579px) 100vw, 579px\" \/><figcaption id=\"caption-attachment-85884\" class=\"wp-caption-text\">La Dra. Vilma Olave dejar\u00e1 el cargo el pr\u00f3ximo lunes 23 de abril.<\/figcaption><\/figure>\n<p>La Direcci\u00f3n del Servicio de Salud Aconcagua informa que su actual Directora, Dra. Vilma Olave, acept\u00f3 la renuncia solicitada por el Ministro de Salud, Dr. Emilio Santelices, la que se har\u00e1 efectiva desde el pr\u00f3ximo lunes 23 de abril, una vez que haya hecho entrega a la actual Directora del Hospital San Camilo, Susan Porras, quien se desempe\u00f1a por Alta Direcci\u00f3n P\u00fablica, cumpli\u00e9ndose de esta forma con la normativa vigente.<br \/>\nA su vez, la Direcci\u00f3n del Servicio de Salud Aconcagua y su equipo de gesti\u00f3n agradece a la comunidad, a los funcionarios y funcionarias y a las autoridades locales, regionales y del Ministerio de Salud, por su colaboraci\u00f3n y apoyo por implementar y desarrollar los compromisos de salud incluidos en el Programa de Gobierno de la ex Presidenta Michelle Bachelet.<\/p>\n","protected":false},"excerpt":{"rendered":"<p>La Direcci\u00f3n del Servicio de Salud Aconcagua informa que su actual Directora, Dra. Vilma Olave, acept\u00f3 la renuncia solicitada por el Ministro de Salud, Dr. Emilio Santelices, la que se har\u00e1 efectiva&#8230;<\/p>\n","protected":false},"author":1,"featured_media":85884,"comment_status":"open","ping_status":"open","sticky":false,"template":"","format":"standard","meta":{"advanced_seo_description":"","jetpack_seo_html_title":"","jetpack_seo_noindex":false,"_jetpack_memberships_contains_paid_content":false,"footnotes":""},"categories":[1],"tags":[],"class_list":["post-85883","post","type-post","status-publish","format-standard","has-post-thumbnail","hentry","category-cronica"],"jetpack_featured_media_url":"https:\/\/i0.wp.com\/eltrabajo.cl\/portal\/wp-content\/uploads\/2018\/04\/dra-olave.jpg?fit=579%2C521&ssl=1","jetpack_sharing_enabled":true,"jetpack_likes_enabled":true,"jetpack-related-posts":[],"_links":{"self":[{"href":"https:\/\/eltrabajo.cl\/portal\/wp-json\/wp\/v2\/posts\/85883","targetHints":{"allow":["GET"]}}],"collection":[{"href":"https:\/\/eltrabajo.cl\/portal\/wp-json\/wp\/v2\/posts"}],"about":[{"href":"https:\/\/eltrabajo.cl\/portal\/wp-json\/wp\/v2\/types\/post"}],"author":[{"embeddable":true,"href":"https:\/\/eltrabajo.cl\/portal\/wp-json\/wp\/v2\/users\/1"}],"replies":[{"embeddable":true,"href":"https:\/\/eltrabajo.cl\/portal\/wp-json\/wp\/v2\/comments?post=85883"}],"version-history":[{"count":0,"href":"https:\/\/eltrabajo.cl\/portal\/wp-json\/wp\/v2\/posts\/85883\/revisions"}],"wp:featuredmedia":[{"embeddable":true,"href":"https:\/\/eltrabajo.cl\/portal\/wp-json\/wp\/v2\/media\/85884"}],"wp:attachment":[{"href":"https:\/\/eltrabajo.cl\/portal\/wp-json\/wp\/v2\/media?parent=85883"}],"wp:term":[{"taxonomy":"category","embeddable":true,"href":"https:\/\/eltrabajo.cl\/portal\/wp-json\/wp\/v2\/categories?post=85883"},{"taxonomy":"post_tag","embeddable":true,"href":"https:\/\/eltrabajo.cl\/portal\/wp-json\/wp\/v2\/tags?post=85883"}],"curies":[{"name":"wp","href":"https:\/\/api.w.org\/{rel}","templated":true}]}}