{"id":85910,"date":"2018-04-20T05:01:28","date_gmt":"2018-04-20T09:01:28","guid":{"rendered":"http:\/\/www.eltrabajo.cl\/2017\/?p=85910"},"modified":"2018-04-20T05:01:28","modified_gmt":"2018-04-20T09:01:28","slug":"el-uni-uni-tendra-la-oportunidad-de-meterse-en-el-peloton-de-avanzada","status":"publish","type":"post","link":"https:\/\/eltrabajo.cl\/portal\/el-uni-uni-tendra-la-oportunidad-de-meterse-en-el-peloton-de-avanzada\/","title":{"rendered":"El Un\u00ed Un\u00ed tendr\u00e1 la oportunidad de meterse en el pelot\u00f3n de avanzada"},"content":{"rendered":"<figure id=\"attachment_85911\" aria-describedby=\"caption-attachment-85911\" style=\"width: 578px\" class=\"wp-caption alignnone\"><img data-recalc-dims=\"1\" loading=\"lazy\" decoding=\"async\" class=\"size-full wp-image-85911\" src=\"https:\/\/i0.wp.com\/www.eltrabajo.cl\/portal\/wp-content\/uploads\/2018\/04\/uni-uni.jpg?resize=578%2C385\" alt=\"De vencer a Valdivia, el conjunto aconcag\u00fcino escalar\u00e1 hasta la parte alta de la tabla de la Primera B.\" width=\"578\" height=\"385\" srcset=\"https:\/\/i0.wp.com\/eltrabajo.cl\/portal\/wp-content\/uploads\/2018\/04\/uni-uni.jpg?w=578&amp;ssl=1 578w, https:\/\/i0.wp.com\/eltrabajo.cl\/portal\/wp-content\/uploads\/2018\/04\/uni-uni.jpg?resize=200%2C133&amp;ssl=1 200w, https:\/\/i0.wp.com\/eltrabajo.cl\/portal\/wp-content\/uploads\/2018\/04\/uni-uni.jpg?resize=300%2C200&amp;ssl=1 300w, https:\/\/i0.wp.com\/eltrabajo.cl\/portal\/wp-content\/uploads\/2018\/04\/uni-uni.jpg?resize=225%2C150&amp;ssl=1 225w, https:\/\/i0.wp.com\/eltrabajo.cl\/portal\/wp-content\/uploads\/2018\/04\/uni-uni.jpg?resize=400%2C266&amp;ssl=1 400w\" sizes=\"auto, (max-width: 578px) 100vw, 578px\" \/><figcaption id=\"caption-attachment-85911\" class=\"wp-caption-text\">De vencer a Valdivia, el conjunto aconcag\u00fcino escalar\u00e1 hasta la parte alta de la tabla de la Primera B.<\/figcaption><\/figure>\n<ul>\n<li><span style=\"color: #ff0000;\"><strong>En su retorno al Municipal:<\/strong><\/span><\/li>\n<\/ul>\n<p>Para el plantel y cuerpo t\u00e9cnico albirrojo, el partido de ma\u00f1ana frente a Valdivia puede convertirse en el punto de inflexi\u00f3n del torneo, al existir total claridad en cuanto a que, si llegan a ganar a los sure\u00f1os, habr\u00e1n confirmado el alza de los \u00faltimos encuentros, y lo que es a\u00fan m\u00e1s importante. Se meter\u00e1n de lleno en la parte alta de la tabla ya que, si se llegan a dar algunas combinaciones, pueden quedar dentro de los cinco primeros.<br \/>\nSobre el pleito de ma\u00f1ana, el entrenador Christian Lovrincevich analiz\u00f3 lo siguiente: \u201cEste partido para nosotros es muy importante ya que nos dir\u00e1 para qu\u00e9 estamos; ser\u00e1 muy importante que el futbolista est\u00e9 bien y asuma lo trascedente que nos jugamos. El resultado hist\u00f3rico en Calama ya qued\u00f3 atr\u00e1s, ahora solo hay que enfocarse en Valdivia para apuntar a nuestros objetivos. La cancha del Municipal es dif\u00edcil y tenemos que hac\u00e9rselo sentir m\u00e1s a Valdivia, que es un equipo de respeto\u201d, concluy\u00f3 el adiestrador unionista.<br \/>\nLa m\u00e1s probable formaci\u00f3n sanfelipe\u00f1a ante el conjunto lacustre ser\u00e1 la siguiente: Andr\u00e9s Fern\u00e1ndez en el arco; Francisco Bahamondes, David Fern\u00e1ndez, Brayams Viveros y Gonzalo Villegas; delante de ellos habr\u00eda cuatro volantes, labor que recaer\u00e1 en: Emmanuel P\u00edo, Francisco Levip\u00e1n, Jimmy Cisterna y Brayan Valdivia, quedando como atacantes: Ignacio Mes\u00edas y H\u00e9ctor Vega.<br \/>\nProgramaci\u00f3n fecha 11\u00aa<br \/>\nViernes 20 de abril<br \/>\n20:00 horas: Barnechea &#8211; San Marcos<br \/>\nS\u00e1bado 21 de abril<br \/>\n15:00 horas: Santiago Wanderers \u2013 La Serena<br \/>\n17:00 horas: Santiago Morning \u2013 Cobreloa<br \/>\n20:00 horas: Uni\u00f3n San Felipe \u2013 Valdivia<br \/>\nDomingo 22 de abril<br \/>\n12:00 horas: Magallanes \u2013 Copiap\u00f3<br \/>\n15:30 horas: \u00d1ublense \u2013 Coquimbo Unido<br \/>\n17:00 horas: Cobresal \u2013 Puerto Montt<br \/>\n18:00 horas: Melipilla \u2013 Rangers<br \/>\nTabla de posiciones<br \/>\nLugar Ptos.<br \/>\nCobresal 23<br \/>\nSantiago Morning 16<br \/>\n\u00d1ublense 16<br \/>\nValdivia 14<br \/>\nCobreloa 14<br \/>\nCoquimbo 13<br \/>\nMagallanes 13<br \/>\nRangers 12<br \/>\nLa Serena 12<br \/>\nCopiap\u00f3 12<br \/>\nUni\u00f3n San Felipe 12<br \/>\nSan Marcos 11<br \/>\nPuerto Montt 11<br \/>\nBarnechea 10<br \/>\nSantiago Wanderers 10<br \/>\nMelipilla 9<\/p>\n","protected":false},"excerpt":{"rendered":"<p>En su retorno al Municipal: Para el plantel y cuerpo t\u00e9cnico albirrojo, el partido de ma\u00f1ana frente a Valdivia puede convertirse en el punto de inflexi\u00f3n del torneo, al existir total claridad&#8230;<\/p>\n","protected":false},"author":1,"featured_media":85911,"comment_status":"open","ping_status":"open","sticky":false,"template":"","format":"standard","meta":{"advanced_seo_description":"","jetpack_seo_html_title":"","jetpack_seo_noindex":false,"_jetpack_memberships_contains_paid_content":false,"footnotes":""},"categories":[19],"tags":[],"class_list":["post-85910","post","type-post","status-publish","format-standard","has-post-thumbnail","hentry","category-deportes"],"jetpack_featured_media_url":"https:\/\/i0.wp.com\/eltrabajo.cl\/portal\/wp-content\/uploads\/2018\/04\/uni-uni.jpg?fit=578%2C385&ssl=1","jetpack_sharing_enabled":true,"jetpack_likes_enabled":true,"jetpack-related-posts":[],"_links":{"self":[{"href":"https:\/\/eltrabajo.cl\/portal\/wp-json\/wp\/v2\/posts\/85910","targetHints":{"allow":["GET"]}}],"collection":[{"href":"https:\/\/eltrabajo.cl\/portal\/wp-json\/wp\/v2\/posts"}],"about":[{"href":"https:\/\/eltrabajo.cl\/portal\/wp-json\/wp\/v2\/types\/post"}],"author":[{"embeddable":true,"href":"https:\/\/eltrabajo.cl\/portal\/wp-json\/wp\/v2\/users\/1"}],"replies":[{"embeddable":true,"href":"https:\/\/eltrabajo.cl\/portal\/wp-json\/wp\/v2\/comments?post=85910"}],"version-history":[{"count":0,"href":"https:\/\/eltrabajo.cl\/portal\/wp-json\/wp\/v2\/posts\/85910\/revisions"}],"wp:featuredmedia":[{"embeddable":true,"href":"https:\/\/eltrabajo.cl\/portal\/wp-json\/wp\/v2\/media\/85911"}],"wp:attachment":[{"href":"https:\/\/eltrabajo.cl\/portal\/wp-json\/wp\/v2\/media?parent=85910"}],"wp:term":[{"taxonomy":"category","embeddable":true,"href":"https:\/\/eltrabajo.cl\/portal\/wp-json\/wp\/v2\/categories?post=85910"},{"taxonomy":"post_tag","embeddable":true,"href":"https:\/\/eltrabajo.cl\/portal\/wp-json\/wp\/v2\/tags?post=85910"}],"curies":[{"name":"wp","href":"https:\/\/api.w.org\/{rel}","templated":true}]}}