{"id":85916,"date":"2018-04-20T05:03:22","date_gmt":"2018-04-20T09:03:22","guid":{"rendered":"http:\/\/www.eltrabajo.cl\/2017\/?p=85916"},"modified":"2018-04-20T05:03:22","modified_gmt":"2018-04-20T09:03:22","slug":"mejores-alumnas-en-gira-de-estudios-a-la-region-de-coquimbo","status":"publish","type":"post","link":"https:\/\/eltrabajo.cl\/portal\/mejores-alumnas-en-gira-de-estudios-a-la-region-de-coquimbo\/","title":{"rendered":"Mejores alumnas en gira de estudios a la regi\u00f3n de Coquimbo"},"content":{"rendered":"<figure id=\"attachment_85917\" aria-describedby=\"caption-attachment-85917\" style=\"width: 579px\" class=\"wp-caption alignnone\"><img data-recalc-dims=\"1\" loading=\"lazy\" decoding=\"async\" class=\"size-full wp-image-85917\" src=\"https:\/\/i0.wp.com\/www.eltrabajo.cl\/portal\/wp-content\/uploads\/2018\/04\/gira-de-estudios-1.jpg?resize=579%2C274\" alt=\"Entre las diferentes actividades realizadas por las alumnas, han podido conocer observatorio, museo, f\u00e1brica de productos que se elaboran en el sector, entre otros.\" width=\"579\" height=\"274\" srcset=\"https:\/\/i0.wp.com\/eltrabajo.cl\/portal\/wp-content\/uploads\/2018\/04\/gira-de-estudios-1.jpg?w=579&amp;ssl=1 579w, https:\/\/i0.wp.com\/eltrabajo.cl\/portal\/wp-content\/uploads\/2018\/04\/gira-de-estudios-1.jpg?resize=200%2C95&amp;ssl=1 200w, https:\/\/i0.wp.com\/eltrabajo.cl\/portal\/wp-content\/uploads\/2018\/04\/gira-de-estudios-1.jpg?resize=300%2C142&amp;ssl=1 300w, https:\/\/i0.wp.com\/eltrabajo.cl\/portal\/wp-content\/uploads\/2018\/04\/gira-de-estudios-1.jpg?resize=400%2C189&amp;ssl=1 400w\" sizes=\"auto, (max-width: 579px) 100vw, 579px\" \/><figcaption id=\"caption-attachment-85917\" class=\"wp-caption-text\">Entre las diferentes actividades realizadas por las alumnas, han podido conocer observatorio, museo, f\u00e1brica de productos que se elaboran en el sector, entre otros.<\/figcaption><\/figure>\n<ul>\n<li><strong><span style=\"color: #ff0000;\">Liceo de Ni\u00f1as Corina Urbina:\u00a0<\/span>Estudiantes de tercero medio con mejor rendimiento y asistencia durante el a\u00f1o 2017, premiadas con paseo al norte del pa\u00eds.<\/strong><\/li>\n<\/ul>\n<p>En la regi\u00f3n de Coquimbo se encuentran por estos d\u00edas, en gira de estudios, las alumnas de los terceros medios del Liceo Corina Urbina que el a\u00f1o pasado tuvieron mejor asistencia y rendimiento.<br \/>\nA las alumnas las acompa\u00f1a la directora del establecimiento, Wilta Berr\u00edos Oyanadel, quien explic\u00f3 que el viaje se debi\u00f3 realizar el a\u00f1o pasado, cuando las alumnas cursaban segundo medio, pero que fue imposible debido a problemas log\u00edsticos. Sin embargo, eso no disminuy\u00f3 el \u00e1nimo de las alumnas por participar en esta interesante experiencia, que les permite conocer lugares y lograr nuevos conocimientos.<br \/>\n\u201cEs una gira de estudios, donde ellas tienen la posibilidad de conocer observatorio, museo, f\u00e1brica de productos que se elaboran en el sector, entonces es de suma importancia, estamos cinco d\u00edas y estamos con el gu\u00eda tur\u00edstico del Sernatur, quien les va relatando a las ni\u00f1as las actividades, esa es la diferencia con un paseo, el objetivo principal es premiar a las alumnas que se han destacado el a\u00f1o 2017\u201d.<br \/>\nLa experiencia les ha permitido compartir con sus compa\u00f1eras, conocer lugares muy interesantes y aprender sobre esta regi\u00f3n, en un viaje que es una iniciativa de Sernatur para los establecimientos municipales.<br \/>\n\u201cEsta es la d\u00e9cimo primera gira de estudios en el contexto del beneficio que entrega Sernatur a los establecimientos de educaci\u00f3n p\u00fablica, en el cual tenemos la posibilidad de acceder a un viaje al norte de Chile. Esta experiencia se la entregamos a nuestras alumnas de segundos medios, en este caso de tercero medio, que han tenido mejor asistencia y mejores promedios de notas del a\u00f1o 2017. Es un premio al esfuerzo para las alumnas y los apoderados\u201d, detall\u00f3 Oscar Garc\u00eda, orientador del establecimiento.<br \/>\nEn el grupo de alumnas que participan de esta entretenida experiencia se encuentra una estudiante de tercero medio que presenta una problema de hipoacusia (sordera), quien cuenta con una int\u00e9rprete de lengua de se\u00f1as, que es parte del establecimiento educacional, y que le ha explicado durante todo el viaje lo que el gu\u00eda va contando.<br \/>\n\u201cCuando empezamos el trabajo con J\u00e9sica en primero medio, ella no sab\u00eda ninguna se\u00f1a, y tampoco ten\u00eda el espa\u00f1ol que sabemos, ella no pronuncia palabras, hemos trabajado con ella y ahora poder estar ac\u00e1 en esta versi\u00f3n, para ella es un logro\u201d, dijo Aicha Mesina, int\u00e9rprete de lengua de se\u00f1as.<br \/>\nLas alumnas llegaron el lunes de esta semana a la regi\u00f3n de Coquimbo y vuelven el pr\u00f3ximo s\u00e1bado a la comuna de San Felipe.<\/p>\n<figure id=\"attachment_85918\" aria-describedby=\"caption-attachment-85918\" style=\"width: 579px\" class=\"wp-caption alignnone\"><img data-recalc-dims=\"1\" loading=\"lazy\" decoding=\"async\" class=\"size-full wp-image-85918\" src=\"https:\/\/i0.wp.com\/www.eltrabajo.cl\/portal\/wp-content\/uploads\/2018\/04\/gira-de-estudios-2.jpg?resize=579%2C435\" alt=\"La experiencia les ha permitido compartir con sus compa\u00f1eras, conocer lugares muy interesantes y aprender sobre esta regi\u00f3n, en un viaje que es una iniciativa de Sernatur para los establecimientos municipales.\" width=\"579\" height=\"435\" srcset=\"https:\/\/i0.wp.com\/eltrabajo.cl\/portal\/wp-content\/uploads\/2018\/04\/gira-de-estudios-2.jpg?w=579&amp;ssl=1 579w, https:\/\/i0.wp.com\/eltrabajo.cl\/portal\/wp-content\/uploads\/2018\/04\/gira-de-estudios-2.jpg?resize=200%2C150&amp;ssl=1 200w, https:\/\/i0.wp.com\/eltrabajo.cl\/portal\/wp-content\/uploads\/2018\/04\/gira-de-estudios-2.jpg?resize=300%2C225&amp;ssl=1 300w, https:\/\/i0.wp.com\/eltrabajo.cl\/portal\/wp-content\/uploads\/2018\/04\/gira-de-estudios-2.jpg?resize=400%2C301&amp;ssl=1 400w\" sizes=\"auto, (max-width: 579px) 100vw, 579px\" \/><figcaption id=\"caption-attachment-85918\" class=\"wp-caption-text\">La experiencia les ha permitido compartir con sus compa\u00f1eras, conocer lugares muy interesantes y aprender sobre esta regi\u00f3n, en un viaje que es una iniciativa de Sernatur para los establecimientos municipales.<\/figcaption><\/figure>\n","protected":false},"excerpt":{"rendered":"<p>Liceo de Ni\u00f1as Corina Urbina:\u00a0Estudiantes de tercero medio con mejor rendimiento y asistencia durante el a\u00f1o 2017, premiadas con paseo al norte del pa\u00eds. En la regi\u00f3n de Coquimbo se encuentran por&#8230;<\/p>\n","protected":false},"author":1,"featured_media":85918,"comment_status":"open","ping_status":"open","sticky":false,"template":"","format":"standard","meta":{"advanced_seo_description":"","jetpack_seo_html_title":"","jetpack_seo_noindex":false,"_jetpack_memberships_contains_paid_content":false,"footnotes":""},"categories":[1],"tags":[],"class_list":["post-85916","post","type-post","status-publish","format-standard","has-post-thumbnail","hentry","category-cronica"],"jetpack_featured_media_url":"https:\/\/i0.wp.com\/eltrabajo.cl\/portal\/wp-content\/uploads\/2018\/04\/gira-de-estudios-2.jpg?fit=579%2C435&ssl=1","jetpack_sharing_enabled":true,"jetpack_likes_enabled":true,"jetpack-related-posts":[],"_links":{"self":[{"href":"https:\/\/eltrabajo.cl\/portal\/wp-json\/wp\/v2\/posts\/85916","targetHints":{"allow":["GET"]}}],"collection":[{"href":"https:\/\/eltrabajo.cl\/portal\/wp-json\/wp\/v2\/posts"}],"about":[{"href":"https:\/\/eltrabajo.cl\/portal\/wp-json\/wp\/v2\/types\/post"}],"author":[{"embeddable":true,"href":"https:\/\/eltrabajo.cl\/portal\/wp-json\/wp\/v2\/users\/1"}],"replies":[{"embeddable":true,"href":"https:\/\/eltrabajo.cl\/portal\/wp-json\/wp\/v2\/comments?post=85916"}],"version-history":[{"count":0,"href":"https:\/\/eltrabajo.cl\/portal\/wp-json\/wp\/v2\/posts\/85916\/revisions"}],"wp:featuredmedia":[{"embeddable":true,"href":"https:\/\/eltrabajo.cl\/portal\/wp-json\/wp\/v2\/media\/85918"}],"wp:attachment":[{"href":"https:\/\/eltrabajo.cl\/portal\/wp-json\/wp\/v2\/media?parent=85916"}],"wp:term":[{"taxonomy":"category","embeddable":true,"href":"https:\/\/eltrabajo.cl\/portal\/wp-json\/wp\/v2\/categories?post=85916"},{"taxonomy":"post_tag","embeddable":true,"href":"https:\/\/eltrabajo.cl\/portal\/wp-json\/wp\/v2\/tags?post=85916"}],"curies":[{"name":"wp","href":"https:\/\/api.w.org\/{rel}","templated":true}]}}