{"id":85920,"date":"2018-04-20T05:04:00","date_gmt":"2018-04-20T09:04:00","guid":{"rendered":"http:\/\/www.eltrabajo.cl\/2017\/?p=85920"},"modified":"2018-04-20T05:04:00","modified_gmt":"2018-04-20T09:04:00","slug":"internistas-de-fonoaudiologia-celebran-semana-de-la-voz-entregando-recomendaciones-a-la-comunidad-para-su-cuidado","status":"publish","type":"post","link":"https:\/\/eltrabajo.cl\/portal\/internistas-de-fonoaudiologia-celebran-semana-de-la-voz-entregando-recomendaciones-a-la-comunidad-para-su-cuidado\/","title":{"rendered":"Internistas de Fonoaudiolog\u00eda celebran semana de la voz entregando recomendaciones a la comunidad para su cuidado"},"content":{"rendered":"<figure id=\"attachment_85921\" aria-describedby=\"caption-attachment-85921\" style=\"width: 579px\" class=\"wp-caption alignnone\"><img data-recalc-dims=\"1\" loading=\"lazy\" decoding=\"async\" class=\"size-full wp-image-85921\" src=\"https:\/\/i0.wp.com\/www.eltrabajo.cl\/portal\/wp-content\/uploads\/2018\/04\/Internistas.jpg?resize=579%2C393\" alt=\"Las internistas de fonoaudiolog\u00eda de la U de Valpara\u00edso posan felices para las c\u00e1maras de Diario El Trabajo.\" width=\"579\" height=\"393\" srcset=\"https:\/\/i0.wp.com\/eltrabajo.cl\/portal\/wp-content\/uploads\/2018\/04\/Internistas.jpg?w=579&amp;ssl=1 579w, https:\/\/i0.wp.com\/eltrabajo.cl\/portal\/wp-content\/uploads\/2018\/04\/Internistas.jpg?resize=200%2C136&amp;ssl=1 200w, https:\/\/i0.wp.com\/eltrabajo.cl\/portal\/wp-content\/uploads\/2018\/04\/Internistas.jpg?resize=300%2C204&amp;ssl=1 300w, https:\/\/i0.wp.com\/eltrabajo.cl\/portal\/wp-content\/uploads\/2018\/04\/Internistas.jpg?resize=221%2C150&amp;ssl=1 221w, https:\/\/i0.wp.com\/eltrabajo.cl\/portal\/wp-content\/uploads\/2018\/04\/Internistas.jpg?resize=400%2C272&amp;ssl=1 400w\" sizes=\"auto, (max-width: 579px) 100vw, 579px\" \/><figcaption id=\"caption-attachment-85921\" class=\"wp-caption-text\">Las internistas de fonoaudiolog\u00eda de la U de Valpara\u00edso posan felices para las c\u00e1maras de Diario El Trabajo.<\/figcaption><\/figure>\n<p>Las internas de Fonoaudiolog\u00eda de la Universidad de Valpara\u00edso celebraron ayer en la ma\u00f1ana, con una plaza abierta a la ciudadan\u00eda, la Semana de la Voz. La actividad tuvo lugar en la plaza c\u00edvica de San Felipe, donde se instalaron con un stand para entregar valiosa informaci\u00f3n de c\u00f3mo cuidar la voz.<br \/>\nUna de la internistas, Camila L\u00f3pez, dijo que han celebrado la Semana de la Voz con distintas actividades para fomentar el cuidado de la misma, la prevenci\u00f3n que deben tener las personas: \u00abHoy lo hacemos con una plaza abierta a la comunidad donde estamos entregando informaci\u00f3n a las personas de c\u00f3mo pueden cuidar su voz, exploraciones de o\u00eddos, ha sido totalmente gratis, es un servicio que estamos entregando a la comunidad\u00bb, dijo Camila L\u00f3pez.<br \/>\n<strong>&#8211; \u00bfCu\u00e1les son los principales cuidados que debemos tener con respecto a la voz?<\/strong><br \/>\n&#8211; El principal cuidado que debemos tener con nuestra voz es una buena hidrataci\u00f3n, se recomienda un consumo promedio de dos litros de agua al d\u00eda, evitar alimentos irritantes, tomates, chocolates, c\u00edtricos, mantener un buen reposo bocal en periodos de enfermedad.<br \/>\n<strong>&#8211; \u00bfC\u00f3mo ha sido la actividad, la recepci\u00f3n de la gente?<\/strong><br \/>\n&#8211; Si bien hemos atendido harta gente, esto se realiza todos los a\u00f1os as\u00ed es que la comunidad ya est\u00e1 relacionada con nosotros.<br \/>\n<strong>&#8211; \u00bfPor qu\u00e9 realizan este tipo de actividades?<\/strong><br \/>\n&#8211; El 5 % de la poblaci\u00f3n a nivel mundial presenta alg\u00fan trastorno de su voz, que pasa generalmente sin un diagn\u00f3stico previo, sin la atenci\u00f3n que requiere, por eso consideramos que es una parte importante de nuestras vidas, la voz es nuestra principal arma de comunicaci\u00f3n, sin voz no somos nada.<br \/>\nAl finalizar Camila L\u00f3pez, Interna de Fonoaudiolog\u00eda de la UV, reiter\u00f3 el mensaje a la comunidad para cuidar la voz teniendo en cuenta la alimentaci\u00f3n, consumo abundante de agua, evitar los alimentos picantes, bebidas gaseosas, mentitas y prop\u00f3leos, las personas piensan que ayudan, pero s\u00f3lo irritan la voz: \u00abM\u00e1s que nada tomar conciencia y si tienen alg\u00fan problema pueden asistir a la Universidad de Valpara\u00edso, al Centro de Atenci\u00f3n Fonoaudiol\u00f3gica que est\u00e1 all\u00e1, es totalmente gratis, pueden ir en caso que tengan alg\u00fan problema con su voz, audici\u00f3n o lenguaje infantil\u00bb, finaliz\u00f3.<br \/>\nVoz: \u00abSonido producido por el ser humano o los animales cuando el aire es expulsado a trav\u00e9s de la laringe y hace que vibren las cuerdas vocales.<\/p>\n","protected":false},"excerpt":{"rendered":"<p>Las internas de Fonoaudiolog\u00eda de la Universidad de Valpara\u00edso celebraron ayer en la ma\u00f1ana, con una plaza abierta a la ciudadan\u00eda, la Semana de la Voz. La actividad tuvo lugar en la&#8230;<\/p>\n","protected":false},"author":1,"featured_media":85921,"comment_status":"open","ping_status":"open","sticky":false,"template":"","format":"standard","meta":{"advanced_seo_description":"","jetpack_seo_html_title":"","jetpack_seo_noindex":false,"_jetpack_memberships_contains_paid_content":false,"footnotes":""},"categories":[1],"tags":[],"class_list":["post-85920","post","type-post","status-publish","format-standard","has-post-thumbnail","hentry","category-cronica"],"jetpack_featured_media_url":"https:\/\/i0.wp.com\/eltrabajo.cl\/portal\/wp-content\/uploads\/2018\/04\/Internistas.jpg?fit=579%2C393&ssl=1","jetpack_sharing_enabled":true,"jetpack_likes_enabled":true,"jetpack-related-posts":[],"_links":{"self":[{"href":"https:\/\/eltrabajo.cl\/portal\/wp-json\/wp\/v2\/posts\/85920","targetHints":{"allow":["GET"]}}],"collection":[{"href":"https:\/\/eltrabajo.cl\/portal\/wp-json\/wp\/v2\/posts"}],"about":[{"href":"https:\/\/eltrabajo.cl\/portal\/wp-json\/wp\/v2\/types\/post"}],"author":[{"embeddable":true,"href":"https:\/\/eltrabajo.cl\/portal\/wp-json\/wp\/v2\/users\/1"}],"replies":[{"embeddable":true,"href":"https:\/\/eltrabajo.cl\/portal\/wp-json\/wp\/v2\/comments?post=85920"}],"version-history":[{"count":0,"href":"https:\/\/eltrabajo.cl\/portal\/wp-json\/wp\/v2\/posts\/85920\/revisions"}],"wp:featuredmedia":[{"embeddable":true,"href":"https:\/\/eltrabajo.cl\/portal\/wp-json\/wp\/v2\/media\/85921"}],"wp:attachment":[{"href":"https:\/\/eltrabajo.cl\/portal\/wp-json\/wp\/v2\/media?parent=85920"}],"wp:term":[{"taxonomy":"category","embeddable":true,"href":"https:\/\/eltrabajo.cl\/portal\/wp-json\/wp\/v2\/categories?post=85920"},{"taxonomy":"post_tag","embeddable":true,"href":"https:\/\/eltrabajo.cl\/portal\/wp-json\/wp\/v2\/tags?post=85920"}],"curies":[{"name":"wp","href":"https:\/\/api.w.org\/{rel}","templated":true}]}}