{"id":85933,"date":"2018-04-23T05:00:55","date_gmt":"2018-04-23T09:00:55","guid":{"rendered":"http:\/\/www.eltrabajo.cl\/2017\/?p=85933"},"modified":"2018-04-23T05:00:55","modified_gmt":"2018-04-23T09:00:55","slug":"en-el-teatro-municipal-el-alcalde-patricio-freire-rindio-su-cuenta-publica-2017","status":"publish","type":"post","link":"https:\/\/eltrabajo.cl\/portal\/en-el-teatro-municipal-el-alcalde-patricio-freire-rindio-su-cuenta-publica-2017\/","title":{"rendered":"En el teatro municipal el alcalde Patricio Freire rindi\u00f3 su Cuenta P\u00fablica 2017"},"content":{"rendered":"<figure id=\"attachment_85934\" aria-describedby=\"caption-attachment-85934\" style=\"width: 579px\" class=\"wp-caption alignnone\"><img data-recalc-dims=\"1\" loading=\"lazy\" decoding=\"async\" class=\"size-full wp-image-85934\" src=\"https:\/\/i0.wp.com\/www.eltrabajo.cl\/portal\/wp-content\/uploads\/2018\/04\/Cuenta1.jpg?resize=579%2C404\" alt=\"El alcalde Patricio Freire realiz\u00f3 su Cuenta P\u00fablica 2017, en el teatro municipal de la comuna.\" width=\"579\" height=\"404\" srcset=\"https:\/\/i0.wp.com\/eltrabajo.cl\/portal\/wp-content\/uploads\/2018\/04\/Cuenta1.jpg?w=579&amp;ssl=1 579w, https:\/\/i0.wp.com\/eltrabajo.cl\/portal\/wp-content\/uploads\/2018\/04\/Cuenta1.jpg?resize=200%2C140&amp;ssl=1 200w, https:\/\/i0.wp.com\/eltrabajo.cl\/portal\/wp-content\/uploads\/2018\/04\/Cuenta1.jpg?resize=300%2C209&amp;ssl=1 300w, https:\/\/i0.wp.com\/eltrabajo.cl\/portal\/wp-content\/uploads\/2018\/04\/Cuenta1.jpg?resize=215%2C150&amp;ssl=1 215w, https:\/\/i0.wp.com\/eltrabajo.cl\/portal\/wp-content\/uploads\/2018\/04\/Cuenta1.jpg?resize=400%2C279&amp;ssl=1 400w\" sizes=\"auto, (max-width: 579px) 100vw, 579px\" \/><figcaption id=\"caption-attachment-85934\" class=\"wp-caption-text\">El alcalde Patricio Freire realiz\u00f3 su Cuenta P\u00fablica 2017, en el teatro municipal de la comuna.<\/figcaption><\/figure>\n<ul>\n<li><strong><span style=\"color: #ff0000;\">El jefe comunal entreg\u00f3 al Concejo Comunal y a la comunidad toda la informaci\u00f3n sobre la labor del municipio durante el a\u00f1o 2017:<\/span>\u00a0La sesi\u00f3n extraordinaria se desarroll\u00f3 en el Teatro Municipal de San Felipe y que cont\u00f3 con la presencia de autoridades regionales, dirigentes y bastantes vecinos de la comuna.<\/strong><\/li>\n<\/ul>\n<p>Ante m\u00e1s de 400 personas que arribaron hasta el teatro municipal, y con la presencia de varias autoridades entre ellas la senadora Isabel Allende, el alcalde Patricio Freire brind\u00f3 la Cuenta P\u00fablica 2017. Cl\u00e1sica instancia para dar a conocer el trabajo que la corporaci\u00f3n edilicia desarroll\u00f3 durante el a\u00f1o pasado, en cuanto a inversiones, gastos, presupuesto y acciones que fueron orientadas a mejorar la calidad de vida de los sanfelipe\u00f1os.<br \/>\nPor casi una hora, y a trav\u00e9s de un video did\u00e1ctico, el jefe comunal describi\u00f3 la labor desarrollada por cada direcci\u00f3n y departamento municipal, poniendo \u00e9nfasis en el potente apoyo social y a las iniciativas que le han cambiado la cara a la comuna, tales como el Plan Maestro de Gesti\u00f3n de Tr\u00e1nsito, con el inicio de las obras de las ciclov\u00edas y boulevards.<br \/>\nAsimismo, esta revisi\u00f3n que brind\u00f3 al Concejo Municipal, entreg\u00f3 el balance de la ejecuci\u00f3n presupuestaria; un estado de la situaci\u00f3n financiera; las inversiones efectuadas en relaci\u00f3n a los proyectos concluidos en el per\u00edodo y aquellos que se encuentran en ejecuci\u00f3n; los convenios celebrados con otras instituciones, as\u00ed como los hechos m\u00e1s relevantes del per\u00edodo 2017.<br \/>\nFinalmente, en su discurso final, Freire hizo un llamado a continuar trabajando de manera mancomunada con los dirigentes sociales e hizo un en\u00e9rgico llamado a las representantes del distrito a apoyar la creaci\u00f3n de la Regi\u00f3n Aconcagua, sentida solicitud de los habitantes del valle.<br \/>\n\u00abBrindamos una Cuenta P\u00fablica muy s\u00f3lida. Estamos contentos con el resultado y agradecidos de todos los que estuvieron presentes. Sabemos que a\u00fan nos queda mucho por hacer, pero dimos muestras claras que el trabajo participativo con los vecinos es fundamental para lograr todos estos proyectos\u00bb, destac\u00f3 Freire.<br \/>\nPor su parte, la Senadora Allende se\u00f1al\u00f3 que fue una rendici\u00f3n muy s\u00f3lida y felicit\u00f3 la gran cantidad de proyectos desarrollados durante el a\u00f1o anterior.<br \/>\n\u00abFue una Cuenta muy detallada, que dio muestras claras del trabajo que ha desarrollado la municipalidad durante el a\u00f1o pasado. Pudimos ver un entretenido video con todas las acciones y trabajos. Destac\u00f3 la instalaci\u00f3n de luces LED en m\u00e1s del 90% de las luminarias, lo que da indicios de una gesti\u00f3n que entiende la necesidad de generar estos cambios\u00bb, afirm\u00f3 la parlamentaria.<br \/>\nEn tanto, el gobernador Claudio Rodr\u00edguez valor\u00f3 la forma utilizada para realizar esta cuenta, que tuvo a cada departamento en un video de 58 minutos de duraci\u00f3n.<\/p>\n<p><span style=\"color: #ff0000;\"><strong>EJES PRINCIPALES<\/strong><\/span><br \/>\nEn relaci\u00f3n a Educaci\u00f3n, el Alcalde Freire destac\u00f3 la fuerte inversi\u00f3n que han realizado en el techado de escuelas y mejoras en la infraestructura de varios establecimientos municipalizados. As\u00ed como el aporte en materia del aspecto de Salud, el jefe comunal se\u00f1al\u00f3 las metas que han cumplido los distintos centros de salud municipales, los que han sido destacados a nivel nacional por su gesti\u00f3n y buenos resultados. Adem\u00e1s, se\u00f1al\u00f3 que se lograron los recursos para concretar la renovaci\u00f3n en el Cesfam de Curim\u00f3n.<br \/>\nEn el \u00e1rea Social, Freire destac\u00f3 la gesti\u00f3n que se ha realizado con un trabajo cercano a la comunidad, desde donde se coordinan una serie de acciones y programas orientados a potenciar el desarrollo integral de los habitantes de la comuna, tanto de sectores rurales como urbanos.<br \/>\nEn el \u00e1rea Medioambiental, destac\u00f3 el trabajo que se est\u00e1 realizando en los establecimientos educacionales en reciclaje, adem\u00e1s del programa de compostaje, reciclaje de papel, forestaci\u00f3n urbana, poda y tenencia responsable de mascotas. Aunque el aspecto m\u00e1s significante es la puesta en marcha de la ordenanza municipal que restringe el uso de bolsas pl\u00e1sticos.<br \/>\nFinalmente, relat\u00f3 la labor de la Secpla, con las inversiones realizadas en la comuna, donde destacan el alto porcentaje de luces led (m\u00e1s del 90%), la pavimentaci\u00f3n en Villa Escuadra \u2013 Argelia, las obras en Las 4 Villas tras la construcci\u00f3n de la nueva Ruta 60 CH, el Plan Maestro de Gesti\u00f3n de Tr\u00e1nsito y Ciclov\u00edas, entre otros.<\/p>\n","protected":false},"excerpt":{"rendered":"<p>El jefe comunal entreg\u00f3 al Concejo Comunal y a la comunidad toda la informaci\u00f3n sobre la labor del municipio durante el a\u00f1o 2017:\u00a0La sesi\u00f3n extraordinaria se desarroll\u00f3 en el Teatro Municipal de&#8230;<\/p>\n","protected":false},"author":1,"featured_media":85934,"comment_status":"open","ping_status":"open","sticky":false,"template":"","format":"standard","meta":{"advanced_seo_description":"","jetpack_seo_html_title":"","jetpack_seo_noindex":false,"_jetpack_memberships_contains_paid_content":false,"footnotes":""},"categories":[1],"tags":[],"class_list":["post-85933","post","type-post","status-publish","format-standard","has-post-thumbnail","hentry","category-cronica"],"jetpack_featured_media_url":"https:\/\/i0.wp.com\/eltrabajo.cl\/portal\/wp-content\/uploads\/2018\/04\/Cuenta1.jpg?fit=579%2C404&ssl=1","jetpack_sharing_enabled":true,"jetpack_likes_enabled":true,"jetpack-related-posts":[],"_links":{"self":[{"href":"https:\/\/eltrabajo.cl\/portal\/wp-json\/wp\/v2\/posts\/85933","targetHints":{"allow":["GET"]}}],"collection":[{"href":"https:\/\/eltrabajo.cl\/portal\/wp-json\/wp\/v2\/posts"}],"about":[{"href":"https:\/\/eltrabajo.cl\/portal\/wp-json\/wp\/v2\/types\/post"}],"author":[{"embeddable":true,"href":"https:\/\/eltrabajo.cl\/portal\/wp-json\/wp\/v2\/users\/1"}],"replies":[{"embeddable":true,"href":"https:\/\/eltrabajo.cl\/portal\/wp-json\/wp\/v2\/comments?post=85933"}],"version-history":[{"count":0,"href":"https:\/\/eltrabajo.cl\/portal\/wp-json\/wp\/v2\/posts\/85933\/revisions"}],"wp:featuredmedia":[{"embeddable":true,"href":"https:\/\/eltrabajo.cl\/portal\/wp-json\/wp\/v2\/media\/85934"}],"wp:attachment":[{"href":"https:\/\/eltrabajo.cl\/portal\/wp-json\/wp\/v2\/media?parent=85933"}],"wp:term":[{"taxonomy":"category","embeddable":true,"href":"https:\/\/eltrabajo.cl\/portal\/wp-json\/wp\/v2\/categories?post=85933"},{"taxonomy":"post_tag","embeddable":true,"href":"https:\/\/eltrabajo.cl\/portal\/wp-json\/wp\/v2\/tags?post=85933"}],"curies":[{"name":"wp","href":"https:\/\/api.w.org\/{rel}","templated":true}]}}