{"id":85936,"date":"2018-04-23T05:01:38","date_gmt":"2018-04-23T09:01:38","guid":{"rendered":"http:\/\/www.eltrabajo.cl\/2017\/?p=85936"},"modified":"2018-04-23T05:01:38","modified_gmt":"2018-04-23T09:01:38","slug":"estudiantes-marchan-contra-el-cae-endeudamiento-y-educacion-sexista","status":"publish","type":"post","link":"https:\/\/eltrabajo.cl\/portal\/estudiantes-marchan-contra-el-cae-endeudamiento-y-educacion-sexista\/","title":{"rendered":"Estudiantes marchan contra el CAE, endeudamiento y educaci\u00f3n sexista"},"content":{"rendered":"<figure id=\"attachment_85937\" aria-describedby=\"caption-attachment-85937\" style=\"width: 580px\" class=\"wp-caption alignnone\"><img data-recalc-dims=\"1\" loading=\"lazy\" decoding=\"async\" class=\"size-full wp-image-85937\" src=\"https:\/\/i0.wp.com\/www.eltrabajo.cl\/portal\/wp-content\/uploads\/2018\/04\/Marcha1.jpg?resize=580%2C336\" alt=\"Los estudiantes marchando por las calles de San Felipe custodiados por Carabineros. (Foto Gentileza Manuel Vicencio)\" width=\"580\" height=\"336\" srcset=\"https:\/\/i0.wp.com\/eltrabajo.cl\/portal\/wp-content\/uploads\/2018\/04\/Marcha1.jpg?w=580&amp;ssl=1 580w, https:\/\/i0.wp.com\/eltrabajo.cl\/portal\/wp-content\/uploads\/2018\/04\/Marcha1.jpg?resize=200%2C116&amp;ssl=1 200w, https:\/\/i0.wp.com\/eltrabajo.cl\/portal\/wp-content\/uploads\/2018\/04\/Marcha1.jpg?resize=300%2C174&amp;ssl=1 300w, https:\/\/i0.wp.com\/eltrabajo.cl\/portal\/wp-content\/uploads\/2018\/04\/Marcha1.jpg?resize=259%2C150&amp;ssl=1 259w, https:\/\/i0.wp.com\/eltrabajo.cl\/portal\/wp-content\/uploads\/2018\/04\/Marcha1.jpg?resize=400%2C232&amp;ssl=1 400w\" sizes=\"auto, (max-width: 580px) 100vw, 580px\" \/><figcaption id=\"caption-attachment-85937\" class=\"wp-caption-text\">Los estudiantes marchando por las calles de San Felipe custodiados por Carabineros. (Foto Gentileza Manuel Vicencio)<\/figcaption><\/figure>\n<p>Unas 250 personas principalmente estudiantes, participaron de la marcha estudiantil convocada a nivel nacional este jueves en la tarde.<br \/>\nEsto seg\u00fan los organizadores lo catalogaron como un \u00e9xito porque la marcha reuni\u00f3 a estudiantes de la UV, Upla y secundarios, quienes se manifestaron contra el lucro, endeudamiento, el fin al CAE y no m\u00e1s educaci\u00f3n sexista.<br \/>\nUna de las estudiantes organizadoras, Nicol Concha, dijo que \u00abse desarroll\u00f3 la marcha, nuestra valoraci\u00f3n fue bastante positiva, fuimos aproximadamente unas 250 personas marchando por las calles de San Felipe, lo que es muy bueno para empezar\u00bb.<br \/>\nLa actividad finaliz\u00f3 con discursos de los organizadores, donde rechazaron el fallo del TC y tambi\u00e9n los dichos sexistas del ministro de Educaci\u00f3n, Gabriel Varela.<\/p>\n","protected":false},"excerpt":{"rendered":"<p>Unas 250 personas principalmente estudiantes, participaron de la marcha estudiantil convocada a nivel nacional este jueves en la tarde. Esto seg\u00fan los organizadores lo catalogaron como un \u00e9xito porque la marcha reuni\u00f3&#8230;<\/p>\n","protected":false},"author":1,"featured_media":85937,"comment_status":"open","ping_status":"open","sticky":false,"template":"","format":"standard","meta":{"advanced_seo_description":"","jetpack_seo_html_title":"","jetpack_seo_noindex":false,"_jetpack_memberships_contains_paid_content":false,"footnotes":""},"categories":[1],"tags":[],"class_list":["post-85936","post","type-post","status-publish","format-standard","has-post-thumbnail","hentry","category-cronica"],"jetpack_featured_media_url":"https:\/\/i0.wp.com\/eltrabajo.cl\/portal\/wp-content\/uploads\/2018\/04\/Marcha1.jpg?fit=580%2C336&ssl=1","jetpack_sharing_enabled":true,"jetpack_likes_enabled":true,"jetpack-related-posts":[],"_links":{"self":[{"href":"https:\/\/eltrabajo.cl\/portal\/wp-json\/wp\/v2\/posts\/85936","targetHints":{"allow":["GET"]}}],"collection":[{"href":"https:\/\/eltrabajo.cl\/portal\/wp-json\/wp\/v2\/posts"}],"about":[{"href":"https:\/\/eltrabajo.cl\/portal\/wp-json\/wp\/v2\/types\/post"}],"author":[{"embeddable":true,"href":"https:\/\/eltrabajo.cl\/portal\/wp-json\/wp\/v2\/users\/1"}],"replies":[{"embeddable":true,"href":"https:\/\/eltrabajo.cl\/portal\/wp-json\/wp\/v2\/comments?post=85936"}],"version-history":[{"count":0,"href":"https:\/\/eltrabajo.cl\/portal\/wp-json\/wp\/v2\/posts\/85936\/revisions"}],"wp:featuredmedia":[{"embeddable":true,"href":"https:\/\/eltrabajo.cl\/portal\/wp-json\/wp\/v2\/media\/85937"}],"wp:attachment":[{"href":"https:\/\/eltrabajo.cl\/portal\/wp-json\/wp\/v2\/media?parent=85936"}],"wp:term":[{"taxonomy":"category","embeddable":true,"href":"https:\/\/eltrabajo.cl\/portal\/wp-json\/wp\/v2\/categories?post=85936"},{"taxonomy":"post_tag","embeddable":true,"href":"https:\/\/eltrabajo.cl\/portal\/wp-json\/wp\/v2\/tags?post=85936"}],"curies":[{"name":"wp","href":"https:\/\/api.w.org\/{rel}","templated":true}]}}