{"id":85992,"date":"2018-04-25T05:01:59","date_gmt":"2018-04-25T09:01:59","guid":{"rendered":"http:\/\/www.eltrabajo.cl\/2017\/?p=85992"},"modified":"2018-04-25T05:01:59","modified_gmt":"2018-04-25T09:01:59","slug":"el-futbol-de-aconcagua-queda-con-un-representante-en-la-copa-de-campeones","status":"publish","type":"post","link":"https:\/\/eltrabajo.cl\/portal\/el-futbol-de-aconcagua-queda-con-un-representante-en-la-copa-de-campeones\/","title":{"rendered":"El f\u00fatbol de Aconcagua queda con un representante en la Copa de Campeones"},"content":{"rendered":"<figure id=\"attachment_85993\" aria-describedby=\"caption-attachment-85993\" style=\"width: 580px\" class=\"wp-caption alignnone\"><img data-recalc-dims=\"1\" loading=\"lazy\" decoding=\"async\" class=\"size-full wp-image-85993\" src=\"https:\/\/i0.wp.com\/www.eltrabajo.cl\/portal\/wp-content\/uploads\/2018\/04\/copa-de-campoenes.jpg?resize=580%2C374\" alt=\"Solo un club aconcag\u00fcino logr\u00f3 avanzar a las semifinales de la Copa de Campeones.\" width=\"580\" height=\"374\" srcset=\"https:\/\/i0.wp.com\/eltrabajo.cl\/portal\/wp-content\/uploads\/2018\/04\/copa-de-campoenes.jpg?w=580&amp;ssl=1 580w, https:\/\/i0.wp.com\/eltrabajo.cl\/portal\/wp-content\/uploads\/2018\/04\/copa-de-campoenes.jpg?resize=200%2C129&amp;ssl=1 200w, https:\/\/i0.wp.com\/eltrabajo.cl\/portal\/wp-content\/uploads\/2018\/04\/copa-de-campoenes.jpg?resize=300%2C193&amp;ssl=1 300w, https:\/\/i0.wp.com\/eltrabajo.cl\/portal\/wp-content\/uploads\/2018\/04\/copa-de-campoenes.jpg?resize=233%2C150&amp;ssl=1 233w, https:\/\/i0.wp.com\/eltrabajo.cl\/portal\/wp-content\/uploads\/2018\/04\/copa-de-campoenes.jpg?resize=400%2C258&amp;ssl=1 400w\" sizes=\"auto, (max-width: 580px) 100vw, 580px\" \/><figcaption id=\"caption-attachment-85993\" class=\"wp-caption-text\">Solo un club aconcag\u00fcino logr\u00f3 avanzar a las semifinales de la Copa de Campeones.<\/figcaption><\/figure>\n<p>Tan solo un equipo del valle de Aconcagua logr\u00f3 sortear con \u00e9xito los cuartos de final de la Copa de Campeones. Se trata de Uni\u00f3n San Pedro de la asociaci\u00f3n de Rinconada, el que mediante una definici\u00f3n a penales dej\u00f3 en el camino al poderoso Juventud El Bajio de Quillota, con el cual fueron protagonistas de la llave m\u00e1s cerrada de la ronda de los ocho mejores en \u2018La Orejona\u2019, debido a que en los dos partidos no se hicieron diferencias al terminar igualados a tres tantos cada uno.<br \/>\nEn tanto La Higuera de Santa Mar\u00eda se qued\u00f3 en el camino por diferencia de goles al sufrir una goleada de 5 a 0 ante el poderoso Uni\u00f3n Santo Domingo de la asociaci\u00f3n Puertas del Pac\u00edfico. Por su parte Uni\u00f3n Tocornal termin\u00f3 sucumbiendo categ\u00f3ricamente frente al Bandera de Chile de Vi\u00f1a del Mar.<br \/>\nResultados<br \/>\nEl Sauce (El Belloto) 1 \u2013 La Higuera (La Ligua) 0; Uni\u00f3n San Pedro 3 \u2013 Juventud el Bajio 3 (4-3); Uni\u00f3n Santo Domingo (Ptas. del Pac\u00edfico) 5 \u2013 La Higuera (Santa Mar\u00eda) 0; Uni\u00f3n Tocornal 2 \u2013 Bandera de Chile (Vi\u00f1a del Mar) 3.<br \/>\nClasifican:<br \/>\nEl Sauce, Uni\u00f3n Santo Domingo, Bandera de Chile y Uni\u00f3n San Pedro.<\/p>\n","protected":false},"excerpt":{"rendered":"<p>Tan solo un equipo del valle de Aconcagua logr\u00f3 sortear con \u00e9xito los cuartos de final de la Copa de Campeones. Se trata de Uni\u00f3n San Pedro de la asociaci\u00f3n de Rinconada,&#8230;<\/p>\n","protected":false},"author":1,"featured_media":85993,"comment_status":"open","ping_status":"open","sticky":false,"template":"","format":"standard","meta":{"advanced_seo_description":"","jetpack_seo_html_title":"","jetpack_seo_noindex":false,"_jetpack_memberships_contains_paid_content":false,"footnotes":""},"categories":[19],"tags":[],"class_list":["post-85992","post","type-post","status-publish","format-standard","has-post-thumbnail","hentry","category-deportes"],"jetpack_featured_media_url":"https:\/\/i0.wp.com\/eltrabajo.cl\/portal\/wp-content\/uploads\/2018\/04\/copa-de-campoenes.jpg?fit=580%2C374&ssl=1","jetpack_sharing_enabled":true,"jetpack_likes_enabled":true,"jetpack-related-posts":[],"_links":{"self":[{"href":"https:\/\/eltrabajo.cl\/portal\/wp-json\/wp\/v2\/posts\/85992","targetHints":{"allow":["GET"]}}],"collection":[{"href":"https:\/\/eltrabajo.cl\/portal\/wp-json\/wp\/v2\/posts"}],"about":[{"href":"https:\/\/eltrabajo.cl\/portal\/wp-json\/wp\/v2\/types\/post"}],"author":[{"embeddable":true,"href":"https:\/\/eltrabajo.cl\/portal\/wp-json\/wp\/v2\/users\/1"}],"replies":[{"embeddable":true,"href":"https:\/\/eltrabajo.cl\/portal\/wp-json\/wp\/v2\/comments?post=85992"}],"version-history":[{"count":0,"href":"https:\/\/eltrabajo.cl\/portal\/wp-json\/wp\/v2\/posts\/85992\/revisions"}],"wp:featuredmedia":[{"embeddable":true,"href":"https:\/\/eltrabajo.cl\/portal\/wp-json\/wp\/v2\/media\/85993"}],"wp:attachment":[{"href":"https:\/\/eltrabajo.cl\/portal\/wp-json\/wp\/v2\/media?parent=85992"}],"wp:term":[{"taxonomy":"category","embeddable":true,"href":"https:\/\/eltrabajo.cl\/portal\/wp-json\/wp\/v2\/categories?post=85992"},{"taxonomy":"post_tag","embeddable":true,"href":"https:\/\/eltrabajo.cl\/portal\/wp-json\/wp\/v2\/tags?post=85992"}],"curies":[{"name":"wp","href":"https:\/\/api.w.org\/{rel}","templated":true}]}}