{"id":85998,"date":"2018-04-25T05:03:17","date_gmt":"2018-04-25T09:03:17","guid":{"rendered":"http:\/\/www.eltrabajo.cl\/2017\/?p=85998"},"modified":"2018-04-25T05:03:17","modified_gmt":"2018-04-25T09:03:17","slug":"escuela-industrial-gano-fase-local-del-futbol-en-juegos-deportivos-escolares","status":"publish","type":"post","link":"https:\/\/eltrabajo.cl\/portal\/escuela-industrial-gano-fase-local-del-futbol-en-juegos-deportivos-escolares\/","title":{"rendered":"Escuela Industrial gan\u00f3 fase local del f\u00fatbol en Juegos Deportivos Escolares"},"content":{"rendered":"<figure id=\"attachment_85999\" aria-describedby=\"caption-attachment-85999\" style=\"width: 580px\" class=\"wp-caption alignnone\"><img data-recalc-dims=\"1\" loading=\"lazy\" decoding=\"async\" class=\"size-full wp-image-85999\" src=\"https:\/\/i0.wp.com\/www.eltrabajo.cl\/portal\/wp-content\/uploads\/2018\/04\/esc.-industrial.jpg?resize=580%2C373\" alt=\"De manera categ\u00f3rica el equipo de la Escuela Industrial se impuso en la fase local de los Juegos Deportivos Escolares.\" width=\"580\" height=\"373\" srcset=\"https:\/\/i0.wp.com\/eltrabajo.cl\/portal\/wp-content\/uploads\/2018\/04\/esc.-industrial.jpg?w=580&amp;ssl=1 580w, https:\/\/i0.wp.com\/eltrabajo.cl\/portal\/wp-content\/uploads\/2018\/04\/esc.-industrial.jpg?resize=200%2C129&amp;ssl=1 200w, https:\/\/i0.wp.com\/eltrabajo.cl\/portal\/wp-content\/uploads\/2018\/04\/esc.-industrial.jpg?resize=300%2C193&amp;ssl=1 300w, https:\/\/i0.wp.com\/eltrabajo.cl\/portal\/wp-content\/uploads\/2018\/04\/esc.-industrial.jpg?resize=233%2C150&amp;ssl=1 233w, https:\/\/i0.wp.com\/eltrabajo.cl\/portal\/wp-content\/uploads\/2018\/04\/esc.-industrial.jpg?resize=400%2C257&amp;ssl=1 400w\" sizes=\"auto, (max-width: 580px) 100vw, 580px\" \/><figcaption id=\"caption-attachment-85999\" class=\"wp-caption-text\">De manera categ\u00f3rica el equipo de la Escuela Industrial se impuso en la fase local de los Juegos Deportivos Escolares.<\/figcaption><\/figure>\n<p>Despu\u00e9s de ganar la fase local, la selecci\u00f3n del Liceo Industrial ser\u00e1 el representante del f\u00fatbol escolar de San Felipe en la etapa provincial de los Juegos Deportivos Escolares.<br \/>\nEl combinado industrialino es dirigido t\u00e9cnicamente por el destacado profesor C\u00e9sar Contreras. Un profesional que durante toda su carrera ha estado ligado al \u2018Deporte Rey\u2019.<br \/>\nEn la etapa local, el conjunto del Liceo Industrial venci\u00f3 por 3 goles contra 0 a su similar del Jos\u00e9 de San Mart\u00edn, mismo marcador que le aplicaron al Liceo Roberto Humeres. En la final disputada el lunes pasado en el estadio Fiscal se impusieron por la cuenta m\u00ednima al colegio Cordillera.<br \/>\nCon esto el Liceo Industrial buscar\u00e1 ganar la fase Provincial para as\u00ed seguir manteniendo encendida la ilusi\u00f3n de llegar a la fase regional. La ronda provincial se jugar\u00e1 el 19, 20 y 21 de junio.<\/p>\n","protected":false},"excerpt":{"rendered":"<p>Despu\u00e9s de ganar la fase local, la selecci\u00f3n del Liceo Industrial ser\u00e1 el representante del f\u00fatbol escolar de San Felipe en la etapa provincial de los Juegos Deportivos Escolares. El combinado industrialino&#8230;<\/p>\n","protected":false},"author":1,"featured_media":85999,"comment_status":"open","ping_status":"open","sticky":false,"template":"","format":"standard","meta":{"advanced_seo_description":"","jetpack_seo_html_title":"","jetpack_seo_noindex":false,"_jetpack_memberships_contains_paid_content":false,"footnotes":""},"categories":[19],"tags":[],"class_list":["post-85998","post","type-post","status-publish","format-standard","has-post-thumbnail","hentry","category-deportes"],"jetpack_featured_media_url":"https:\/\/i0.wp.com\/eltrabajo.cl\/portal\/wp-content\/uploads\/2018\/04\/esc.-industrial.jpg?fit=580%2C373&ssl=1","jetpack_sharing_enabled":true,"jetpack_likes_enabled":true,"jetpack-related-posts":[],"_links":{"self":[{"href":"https:\/\/eltrabajo.cl\/portal\/wp-json\/wp\/v2\/posts\/85998","targetHints":{"allow":["GET"]}}],"collection":[{"href":"https:\/\/eltrabajo.cl\/portal\/wp-json\/wp\/v2\/posts"}],"about":[{"href":"https:\/\/eltrabajo.cl\/portal\/wp-json\/wp\/v2\/types\/post"}],"author":[{"embeddable":true,"href":"https:\/\/eltrabajo.cl\/portal\/wp-json\/wp\/v2\/users\/1"}],"replies":[{"embeddable":true,"href":"https:\/\/eltrabajo.cl\/portal\/wp-json\/wp\/v2\/comments?post=85998"}],"version-history":[{"count":0,"href":"https:\/\/eltrabajo.cl\/portal\/wp-json\/wp\/v2\/posts\/85998\/revisions"}],"wp:featuredmedia":[{"embeddable":true,"href":"https:\/\/eltrabajo.cl\/portal\/wp-json\/wp\/v2\/media\/85999"}],"wp:attachment":[{"href":"https:\/\/eltrabajo.cl\/portal\/wp-json\/wp\/v2\/media?parent=85998"}],"wp:term":[{"taxonomy":"category","embeddable":true,"href":"https:\/\/eltrabajo.cl\/portal\/wp-json\/wp\/v2\/categories?post=85998"},{"taxonomy":"post_tag","embeddable":true,"href":"https:\/\/eltrabajo.cl\/portal\/wp-json\/wp\/v2\/tags?post=85998"}],"curies":[{"name":"wp","href":"https:\/\/api.w.org\/{rel}","templated":true}]}}