{"id":86011,"date":"2018-04-26T05:01:00","date_gmt":"2018-04-26T09:01:00","guid":{"rendered":"http:\/\/www.eltrabajo.cl\/2017\/?p=86011"},"modified":"2018-04-26T05:01:00","modified_gmt":"2018-04-26T09:01:00","slug":"86011-2","status":"publish","type":"post","link":"https:\/\/eltrabajo.cl\/portal\/86011-2\/","title":{"rendered":"Capturan a sujeto sustrayendo prendas de vestir desde c\u00e9ntrica multitienda"},"content":{"rendered":"<figure id=\"attachment_86012\" aria-describedby=\"caption-attachment-86012\" style=\"width: 578px\" class=\"wp-caption alignnone\"><img data-recalc-dims=\"1\" loading=\"lazy\" decoding=\"async\" class=\"size-full wp-image-86012\" src=\"https:\/\/i0.wp.com\/www.eltrabajo.cl\/portal\/wp-content\/uploads\/2018\/04\/Alejandro-Braliff-Orellana-Pezoa.jpg?resize=578%2C436\" alt=\"La v\u00edctima fue seguida desde el banco por los antisociales, uno de los cuales fue detenido por Carabineros (foto) gracias a que pudo ser identificado por las c\u00e1maras de seguridad municipales.\" width=\"578\" height=\"436\" srcset=\"https:\/\/i0.wp.com\/eltrabajo.cl\/portal\/wp-content\/uploads\/2018\/04\/Alejandro-Braliff-Orellana-Pezoa.jpg?w=578&amp;ssl=1 578w, https:\/\/i0.wp.com\/eltrabajo.cl\/portal\/wp-content\/uploads\/2018\/04\/Alejandro-Braliff-Orellana-Pezoa.jpg?resize=200%2C150&amp;ssl=1 200w, https:\/\/i0.wp.com\/eltrabajo.cl\/portal\/wp-content\/uploads\/2018\/04\/Alejandro-Braliff-Orellana-Pezoa.jpg?resize=300%2C226&amp;ssl=1 300w, https:\/\/i0.wp.com\/eltrabajo.cl\/portal\/wp-content\/uploads\/2018\/04\/Alejandro-Braliff-Orellana-Pezoa.jpg?resize=199%2C150&amp;ssl=1 199w, https:\/\/i0.wp.com\/eltrabajo.cl\/portal\/wp-content\/uploads\/2018\/04\/Alejandro-Braliff-Orellana-Pezoa.jpg?resize=400%2C302&amp;ssl=1 400w\" sizes=\"auto, (max-width: 578px) 100vw, 578px\" \/><figcaption id=\"caption-attachment-86012\" class=\"wp-caption-text\">La v\u00edctima fue seguida desde el banco por los antisociales, uno de los cuales fue detenido por Carabineros (foto) gracias a que pudo ser identificado por las c\u00e1maras de seguridad municipales.<\/figcaption><\/figure>\n<ul>\n<li><span style=\"color: #ff0000;\"><strong>Usaron t\u00e9cnica del \u2018Pinchazo\u2019 aunque no fue necesario debido a descuido de la v\u00edctima.<\/strong><\/span><\/li>\n<\/ul>\n<p><strong>LOS ANDES.-<\/strong> Un suculento bot\u00edn de cuatro millones de pesos consiguieron dos delincuentes que, aprovechando un descuido de su v\u00edctima y utilizando la t\u00e9cnica del \u2018Pinchazo\u2019, arrebataron la suculenta suma que la mujer acababa de retirar de la sucursal de Banco Estado.<br \/>\nEl hecho se registr\u00f3 a eso del mediod\u00eda de ayer cuando la v\u00edctima lleg\u00f3 en su furg\u00f3n de transporte escolar hasta la sucursal bancaria ubicada en calle O\u2019Higgins, frente a la plaza de armas, donde gir\u00f3 4 millones de pesos en efectivo para pagar a trabajadores de un packing, guardando el dinero en el interior de su cartera, lo que fue advertido por uno de los antisociales que dio aviso a otros dos que se encontraban en las afueras, uno de los cuales pinch\u00f3 el furg\u00f3n de la afectada.<br \/>\nAl llegar la due\u00f1a del furg\u00f3n no se percat\u00f3 del pinchazo, por lo que emprendi\u00f3 rumbo por calle Maip\u00fa en direcci\u00f3n al norte, estacion\u00e1ndose frente a la tienda Johnson\u2019s para ir a recoger a unos estudiantes, dejando el vidrio de la ventana de la puerta del lado del conductor semi abierta.<br \/>\nDe este descuido se aprovecharon los delincuentes que la hab\u00edan seguido a bordo de un autom\u00f3vil Toyota Corolla blanco, ya que uno de ellos, quien ser\u00eda el due\u00f1o, se baj\u00f3 y meti\u00f3 la mano por la ventana sustrayendo la cartera con el dinero. Tras el robo se dieron a la fuga en el mismo autom\u00f3vil en direcci\u00f3n desconocida.<br \/>\nPosteriormente la afectada lleg\u00f3 hasta el furg\u00f3n y se dirigi\u00f3 hasta la comuna de San Esteban a recoger m\u00e1s ni\u00f1os y fue en ese lugar donde se percat\u00f3 de la sustracci\u00f3n de la cartera.<br \/>\nAlertado Carabineros, personal policial se entrevist\u00f3 con la v\u00edctima e inici\u00f3 las primeras diligencias, concurriendo hasta la central de las c\u00e1maras de seguridad Municipal a verificar si exist\u00edan im\u00e1genes del robo.<br \/>\nPara mala suerte de los delincuentes, el robo qued\u00f3 registrado en el video, donde se aprecia al due\u00f1o del auto bajarse primero a pinchar el neum\u00e1tico y luego a sustraer la cartera cuando el furg\u00f3n estaba estacionado en calle Maip\u00fa.<br \/>\nAsimismo, las im\u00e1genes captaron claramente que quien conduc\u00eda el auto era un sujeto ampliamente conocido por Carabineros por ser el conductor de un radiotaxi pirata, apodado \u2018El Mellizo\u2019, individualizado como Alejandro Braliff Orellana Pezoa, de 34 a\u00f1os. Este dato permiti\u00f3 a la polic\u00eda uniformada dirigirse hasta la casa del sujeto ubicada en la villa El Porvenir, lugar donde fue encontrado el auto.<br \/>\nEl \u2018Mellizo\u2019 accedi\u00f3 en forma voluntaria al registro del inmueble, sin embargo no encontr\u00f3 el dinero sustra\u00eddo a la v\u00edctima, el cual pudo haber quedado en poder del due\u00f1o del auto y otros eventuales participantes de este delito.<br \/>\nEl antisocial fue puesto a disposici\u00f3n del Tribunal de Garant\u00eda de Los Andes donde el fiscal Alberto Gertosio lo formaliz\u00f3 por el delito de hurto simple en grado de consumado. El persecutor pidi\u00f3 al tribunal fijar nueva fecha para la discusi\u00f3n de un procedimiento abreviado o medidas cautelares, quedando luego el imputado en libertad.<br \/>\nEn tanto, la polic\u00eda trabaja en la detenci\u00f3n del due\u00f1o del Toyota, quien ser\u00eda al autor del robo de la cartera y cabecilla de esta banda.<\/p>\n<p><strong><span style=\"color: #ff0000;\">ANTECEDENTES POLICIALES<\/span><\/strong><br \/>\nCabe consignar que Orellana Pezoa fue detenido en marzo de 2017 al ser sorprendido transportando en su taxi pirata 10 gramos de coca\u00edna. Junto a ello, figura como v\u00edctima en el caso de un presunto secuestro perpetrado por una banda de colombianos en el a\u00f1o 2014.<br \/>\nEste il\u00edcito lleg\u00f3 a juicio oral donde finalmente los extranjeros fueron absueltos, pues no solo no se pudo acreditar la participaci\u00f3n de \u00e9stos en el delito, sino que a juicio del tribunal exist\u00edan dudas respecto a la relaci\u00f3n que \u00e9stos ten\u00edan con Alejandro Orellana por otro tipo de actividades il\u00edcitas que realizaban en conjunto.<br \/>\nPor si esto fuera poco, el sujeto fue detenido en 2014 luego de golpear brutalmente a su pareja en plena v\u00eda p\u00fablica, caus\u00e1ndole lesiones graves en el rostro consistente en una fractura nasal.<\/p>\n","protected":false},"excerpt":{"rendered":"<p>Usaron t\u00e9cnica del \u2018Pinchazo\u2019 aunque no fue necesario debido a descuido de la v\u00edctima. LOS ANDES.- Un suculento bot\u00edn de cuatro millones de pesos consiguieron dos delincuentes que, aprovechando un descuido de&#8230;<\/p>\n","protected":false},"author":1,"featured_media":86012,"comment_status":"open","ping_status":"open","sticky":false,"template":"","format":"standard","meta":{"advanced_seo_description":"","jetpack_seo_html_title":"","jetpack_seo_noindex":false,"_jetpack_memberships_contains_paid_content":false,"footnotes":""},"categories":[21],"tags":[],"class_list":["post-86011","post","type-post","status-publish","format-standard","has-post-thumbnail","hentry","category-policial"],"jetpack_featured_media_url":"https:\/\/i0.wp.com\/eltrabajo.cl\/portal\/wp-content\/uploads\/2018\/04\/Alejandro-Braliff-Orellana-Pezoa.jpg?fit=578%2C436&ssl=1","jetpack_sharing_enabled":true,"jetpack_likes_enabled":true,"jetpack-related-posts":[],"_links":{"self":[{"href":"https:\/\/eltrabajo.cl\/portal\/wp-json\/wp\/v2\/posts\/86011","targetHints":{"allow":["GET"]}}],"collection":[{"href":"https:\/\/eltrabajo.cl\/portal\/wp-json\/wp\/v2\/posts"}],"about":[{"href":"https:\/\/eltrabajo.cl\/portal\/wp-json\/wp\/v2\/types\/post"}],"author":[{"embeddable":true,"href":"https:\/\/eltrabajo.cl\/portal\/wp-json\/wp\/v2\/users\/1"}],"replies":[{"embeddable":true,"href":"https:\/\/eltrabajo.cl\/portal\/wp-json\/wp\/v2\/comments?post=86011"}],"version-history":[{"count":0,"href":"https:\/\/eltrabajo.cl\/portal\/wp-json\/wp\/v2\/posts\/86011\/revisions"}],"wp:featuredmedia":[{"embeddable":true,"href":"https:\/\/eltrabajo.cl\/portal\/wp-json\/wp\/v2\/media\/86012"}],"wp:attachment":[{"href":"https:\/\/eltrabajo.cl\/portal\/wp-json\/wp\/v2\/media?parent=86011"}],"wp:term":[{"taxonomy":"category","embeddable":true,"href":"https:\/\/eltrabajo.cl\/portal\/wp-json\/wp\/v2\/categories?post=86011"},{"taxonomy":"post_tag","embeddable":true,"href":"https:\/\/eltrabajo.cl\/portal\/wp-json\/wp\/v2\/tags?post=86011"}],"curies":[{"name":"wp","href":"https:\/\/api.w.org\/{rel}","templated":true}]}}