{"id":86014,"date":"2018-04-26T05:02:48","date_gmt":"2018-04-26T09:02:48","guid":{"rendered":"http:\/\/www.eltrabajo.cl\/2017\/?p=86014"},"modified":"2018-04-26T05:02:48","modified_gmt":"2018-04-26T09:02:48","slug":"funcionarios-a-honorarios-se-movilizan-para-lograr-mejor-trato-del-estado","status":"publish","type":"post","link":"https:\/\/eltrabajo.cl\/portal\/funcionarios-a-honorarios-se-movilizan-para-lograr-mejor-trato-del-estado\/","title":{"rendered":"Funcionarios a honorarios se movilizan para lograr mejor \u2018trato\u2019 del Estado"},"content":{"rendered":"<figure id=\"attachment_86015\" aria-describedby=\"caption-attachment-86015\" style=\"width: 578px\" class=\"wp-caption alignnone\"><img data-recalc-dims=\"1\" loading=\"lazy\" decoding=\"async\" class=\"size-full wp-image-86015\" src=\"https:\/\/i0.wp.com\/www.eltrabajo.cl\/portal\/wp-content\/uploads\/2018\/04\/marcha-honorarios.jpg?resize=578%2C347\" alt=\"Los funcionarios moviliz\u00e1ndose en plaza c\u00edvica de San Felipe.\" width=\"578\" height=\"347\" srcset=\"https:\/\/i0.wp.com\/eltrabajo.cl\/portal\/wp-content\/uploads\/2018\/04\/marcha-honorarios.jpg?w=578&amp;ssl=1 578w, https:\/\/i0.wp.com\/eltrabajo.cl\/portal\/wp-content\/uploads\/2018\/04\/marcha-honorarios.jpg?resize=200%2C120&amp;ssl=1 200w, https:\/\/i0.wp.com\/eltrabajo.cl\/portal\/wp-content\/uploads\/2018\/04\/marcha-honorarios.jpg?resize=300%2C180&amp;ssl=1 300w, https:\/\/i0.wp.com\/eltrabajo.cl\/portal\/wp-content\/uploads\/2018\/04\/marcha-honorarios.jpg?resize=250%2C150&amp;ssl=1 250w, https:\/\/i0.wp.com\/eltrabajo.cl\/portal\/wp-content\/uploads\/2018\/04\/marcha-honorarios.jpg?resize=400%2C240&amp;ssl=1 400w\" sizes=\"auto, (max-width: 578px) 100vw, 578px\" \/><figcaption id=\"caption-attachment-86015\" class=\"wp-caption-text\">Los funcionarios moviliz\u00e1ndose en plaza c\u00edvica de San Felipe.<\/figcaption><\/figure>\n<p>Ayer los funcionarios a honorarios de la Municipalidad de San Felipe se movilizaron por el centro de la ciudad para conseguir mejores condiciones laborales, especialmente en t\u00e9rminos de beneficios previsionales, de salud.<br \/>\nEl presidente del sindicato a nivel local, Albert Lobos, explic\u00f3 que esta movilizaci\u00f3n es a nivel nacional; \u201cespec\u00edficamente para demostrar que somos m\u00e1s del 60% de funcionarios a honorarios que trabajamos en el sector p\u00fablico, y obviamente trabajar de esta manera tiene consecuencias laborales, ya que hay un mont\u00f3n de condiciones laborales que no se cumplen bajo la norma laboral de todas las personas, tanto funcionario p\u00fablico como c\u00f3digo del trabajo, nosotros estamos exento de esa norma de trabajo\u201d, se\u00f1al\u00f3.<br \/>\n<strong>&#8211; \u00bfCu\u00e1les vienen siendo los principales motivos por los cuales se est\u00e1n movilizando hoy?<\/strong><br \/>\n&#8211; Tienen que ver con las condiciones laborales, la obligaci\u00f3n a cotizar, espec\u00edficamente en este 2018 nosotros vemos alrededor de un 30% disminuido nuestro sueldo por tener que cotizar y nuestro porcentaje que debemos pagar al SII, entonces eso tienen un desmedro muy grande y tambi\u00e9n est\u00e1 el tema de las licencia, nosotros estamos excluidos en ese derecho b\u00e1sico de todo trabajador.<br \/>\n<strong>&#8211; \u00bfQu\u00e9 significa eso de estar excluido de las licencias?<\/strong><br \/>\n&#8211; Lo que pasa es que los honorarios hasta el 2017 no estaban obligados a cotizar y obviamente no todas las personas est\u00e1n a gusto con el sistema de AFP en el Estado chileno, y eso ha provocado que muchos de nuestros honorarios no coticen y por ende no tienen derecho a tomarse licencias, en realidad a no enfermarse y menos en el caso de las mujeres un pre y post natal.<br \/>\n<strong>&#8211; Es decir, \u00bfesos d\u00edas en que est\u00e1n enfermos no se les pagan?<\/strong><br \/>\n&#8211; Exactamente.<br \/>\n<strong>&#8211; \u00bfC\u00f3mo el Estado solucionar\u00eda sus problemas o demandas?<\/strong><br \/>\n&#8211; Hoy d\u00eda el Estado chileno est\u00e1 haciendo algunas propuestas, pero tenemos complicaciones con esas, espec\u00edficamente porque hay muchos honorarios que llevan cumpliendo su funci\u00f3n t\u00e9cnica por diez a\u00f1os o m\u00e1s, entonces la idea es que se les reconozca esos a\u00f1os y obviamente pasar a ser funcionario p\u00fablico o necesariamente bajo el C\u00f3digo del Trabajo, o tomar una decisi\u00f3n frente a esa tem\u00e1tica porque el honorario tiene muchas desventajas frente a todos los otros trabajadores del Estado.<br \/>\n<strong>&#8211; \u00bfQu\u00e9 consecuencias debiera traer esta movilizaci\u00f3n? <\/strong><br \/>\n&#8211; Principalmente concientizar a la comuna de San Felipe que no todos somos funcionarios p\u00fablicos, tambi\u00e9n hay funcionarios a honorarios que realizan todos los d\u00edas el trabajo que ellos ven.<br \/>\n<strong>&#8211; \u00bfSon como los parientes pobres? <\/strong><br \/>\n&#8211; Podr\u00edamos decir eso.<br \/>\nFinalmente los funcionarios realizaron una marcha pac\u00edfica por el contorno de la plaza de armas de San Felipe.<\/p>\n","protected":false},"excerpt":{"rendered":"<p>Ayer los funcionarios a honorarios de la Municipalidad de San Felipe se movilizaron por el centro de la ciudad para conseguir mejores condiciones laborales, especialmente en t\u00e9rminos de beneficios previsionales, de salud&#8230;.<\/p>\n","protected":false},"author":1,"featured_media":86015,"comment_status":"open","ping_status":"open","sticky":false,"template":"","format":"standard","meta":{"advanced_seo_description":"","jetpack_seo_html_title":"","jetpack_seo_noindex":false,"_jetpack_memberships_contains_paid_content":false,"footnotes":""},"categories":[1],"tags":[],"class_list":["post-86014","post","type-post","status-publish","format-standard","has-post-thumbnail","hentry","category-cronica"],"jetpack_featured_media_url":"https:\/\/i0.wp.com\/eltrabajo.cl\/portal\/wp-content\/uploads\/2018\/04\/marcha-honorarios.jpg?fit=578%2C347&ssl=1","jetpack_sharing_enabled":true,"jetpack_likes_enabled":true,"jetpack-related-posts":[],"_links":{"self":[{"href":"https:\/\/eltrabajo.cl\/portal\/wp-json\/wp\/v2\/posts\/86014","targetHints":{"allow":["GET"]}}],"collection":[{"href":"https:\/\/eltrabajo.cl\/portal\/wp-json\/wp\/v2\/posts"}],"about":[{"href":"https:\/\/eltrabajo.cl\/portal\/wp-json\/wp\/v2\/types\/post"}],"author":[{"embeddable":true,"href":"https:\/\/eltrabajo.cl\/portal\/wp-json\/wp\/v2\/users\/1"}],"replies":[{"embeddable":true,"href":"https:\/\/eltrabajo.cl\/portal\/wp-json\/wp\/v2\/comments?post=86014"}],"version-history":[{"count":0,"href":"https:\/\/eltrabajo.cl\/portal\/wp-json\/wp\/v2\/posts\/86014\/revisions"}],"wp:featuredmedia":[{"embeddable":true,"href":"https:\/\/eltrabajo.cl\/portal\/wp-json\/wp\/v2\/media\/86015"}],"wp:attachment":[{"href":"https:\/\/eltrabajo.cl\/portal\/wp-json\/wp\/v2\/media?parent=86014"}],"wp:term":[{"taxonomy":"category","embeddable":true,"href":"https:\/\/eltrabajo.cl\/portal\/wp-json\/wp\/v2\/categories?post=86014"},{"taxonomy":"post_tag","embeddable":true,"href":"https:\/\/eltrabajo.cl\/portal\/wp-json\/wp\/v2\/tags?post=86014"}],"curies":[{"name":"wp","href":"https:\/\/api.w.org\/{rel}","templated":true}]}}