{"id":86017,"date":"2018-04-26T05:04:31","date_gmt":"2018-04-26T09:04:31","guid":{"rendered":"http:\/\/www.eltrabajo.cl\/2017\/?p=86017"},"modified":"2018-04-26T05:04:31","modified_gmt":"2018-04-26T09:04:31","slug":"lanzan-aplicacion-que-permitira-conocer-el-tiempo-de-llegada-de-microbuses","status":"publish","type":"post","link":"https:\/\/eltrabajo.cl\/portal\/lanzan-aplicacion-que-permitira-conocer-el-tiempo-de-llegada-de-microbuses\/","title":{"rendered":"Lanzan aplicaci\u00f3n que permitir\u00e1 conocer el tiempo de llegada de microbuses"},"content":{"rendered":"<figure id=\"attachment_86020\" aria-describedby=\"caption-attachment-86020\" style=\"width: 579px\" class=\"wp-caption alignnone\"><img data-recalc-dims=\"1\" loading=\"lazy\" decoding=\"async\" class=\"size-full wp-image-86020\" src=\"https:\/\/i0.wp.com\/www.eltrabajo.cl\/portal\/wp-content\/uploads\/2018\/04\/Mimicro.jpg?resize=579%2C674\" alt=\"La aplicaci\u00f3n MiMicro permitir\u00e1 a los usuarios optimizar su tiempo de espera con informaci\u00f3n en l\u00ednea de los recorridos.\" width=\"579\" height=\"674\" srcset=\"https:\/\/i0.wp.com\/eltrabajo.cl\/portal\/wp-content\/uploads\/2018\/04\/Mimicro.jpg?w=579&amp;ssl=1 579w, https:\/\/i0.wp.com\/eltrabajo.cl\/portal\/wp-content\/uploads\/2018\/04\/Mimicro.jpg?resize=129%2C150&amp;ssl=1 129w, https:\/\/i0.wp.com\/eltrabajo.cl\/portal\/wp-content\/uploads\/2018\/04\/Mimicro.jpg?resize=258%2C300&amp;ssl=1 258w, https:\/\/i0.wp.com\/eltrabajo.cl\/portal\/wp-content\/uploads\/2018\/04\/Mimicro.jpg?resize=400%2C466&amp;ssl=1 400w\" sizes=\"auto, (max-width: 579px) 100vw, 579px\" \/><figcaption id=\"caption-attachment-86020\" class=\"wp-caption-text\">La aplicaci\u00f3n MiMicro permitir\u00e1 a los usuarios optimizar su tiempo de espera con informaci\u00f3n en l\u00ednea de los recorridos.<\/figcaption><\/figure>\n<ul>\n<li><strong><span style=\"color: #ff0000;\">Desarrollo nacional con apoyo del Ministerio de Transporte:\u00a0<\/span>La aplicaci\u00f3n MiMicro funcionar\u00e1 como programa piloto en la comuna de San Felipe, donde los usuarios podr\u00e1n optimizar su tiempo de espera con informaci\u00f3n en l\u00ednea de los recorridos a trav\u00e9s del sitio web o en tel\u00e9fonos Android.<\/strong><\/li>\n<\/ul>\n<p>Con el fin de mejorar la experiencia de viaje y calidad de vida de los pasajeros, y facilitar la gesti\u00f3n de flota de los operadores del transporte p\u00fablico en regiones, la aplicaci\u00f3n MiMicro comenzar\u00e1 a funcionar en San Felipe, con la idea de expandirse gradualmente a otras comunas de la Quinta Regi\u00f3n y posteriormente a todo el pa\u00eds.<br \/>\nMimicro entrega a los usuarios informaci\u00f3n en l\u00ednea de los buses m\u00e1s cercanos, permitiendo calcular los minutos de llegada de un bus a cierto lugar, sin necesidad de que exista un paradero. La respuesta inmediata entregada por MiMicro, permitir\u00e1 a las personas planificar sus viajes, bajar la incertidumbre del usuario en la espera del bus y entregar certeza del momento de llegada del transporte.<br \/>\n\u00abPara que MiMicro funcione solo basta la ubicaci\u00f3n del usuario y que los buses cuenten con nuestro GPS, permitiendo a las personas visualizar con precisi\u00f3n el tiempo en que llegar\u00e1 su bus seg\u00fan el trayecto de la ruta. Esperamos que esta aplicaci\u00f3n sea un gran aporte que permita optimizar el tiempo de desplazamiento de todos los que utilizan el transporte p\u00fablico\u00bb, explica Alejandro Lee, gerente general de Transidea Spa, compa\u00f1\u00eda a cargo de MiMicro.<br \/>\nLa plataforma creada en Chile se encuentra disponible v\u00eda web, en el sitio www.mimicro.cl, y tambi\u00e9n como aplicaci\u00f3n para smartphones que posean el sistema operativo Android. La versi\u00f3n para el sistema IOS, se habilitar\u00e1 a partir de junio de este a\u00f1o.<\/p>\n<p><span style=\"color: #ff0000;\"><strong>EFICIENCIA EN TRAYECTOS<\/strong><\/span><br \/>\nEl programa piloto se realiza en conjunto con Buses Puma, empresa dedicada al transporte de pasajeros en diversas comunas de la Quinta Regi\u00f3n, que ha incorporado en su flota la tecnolog\u00eda GPS para operar con la aplicaci\u00f3n que georreferenciar\u00e1 sus recorridos.<br \/>\n\u00abEs un orgullo que nuestros buses posean GPS y puedan ser parte de MiMicro, entregando informaci\u00f3n inmediata a los pasajeros que habitualmente utilizan nuestros servicios y logrando hacer m\u00e1s eficientes sus trayectos por la zona\u00bb, explica Alex Vera, presidente de la Federaci\u00f3n de Taxibuses Aconcagua.<br \/>\nEl monitoreo m\u00f3vil v\u00eda GPS que entrega MiMicro busca tambi\u00e9n ser una soluci\u00f3n tecnol\u00f3gica para el transporte p\u00fablico regional, mejorando el desempe\u00f1o operacional de la gesti\u00f3n y el control de flota de las empresas de buses, adem\u00e1s de las condiciones y tiempos de desplazamiento de los usuarios.<br \/>\nEl lanzamiento de la plataforma online se realiz\u00f3 en conjunto con el Ministerio de Transportes y Telecomunicaciones y su divisi\u00f3n de Transporte P\u00fablico Regional, que destin\u00f3 a trav\u00e9s de una licitaci\u00f3n p\u00fablica recursos para el desarrollo de la plataforma tecnol\u00f3gica.<br \/>\n\u00abAplicaciones como MiMicro permiten que el transporte en nuestras ciudades se desarrolle de mejor manera. Estamos contentos de apoyar este tipo de iniciativas y esperamos tener m\u00e1s emprendimientos de este tipo, que entreguen soluciones y faciliten la vida de los usuarios del transporte p\u00fablico en regiones\u00bb, explica Cecilia Godoy, Directora de Transporte P\u00fablico Regional.<br \/>\nLa aplicaci\u00f3n MiMicro, si bien comenzar\u00e1 con el plan piloto en la comuna de San Felipe, se ampliar\u00e1 progresivamente a otras zonas de la Quinta Regi\u00f3n, con la idea de llegar en el corto plazo a todo el pa\u00eds.<\/p>\n<figure id=\"attachment_86018\" aria-describedby=\"caption-attachment-86018\" style=\"width: 578px\" class=\"wp-caption alignnone\"><img data-recalc-dims=\"1\" loading=\"lazy\" decoding=\"async\" class=\"size-full wp-image-86018\" src=\"https:\/\/i0.wp.com\/www.eltrabajo.cl\/portal\/wp-content\/uploads\/2018\/04\/mimicro-1.jpg?resize=578%2C337\" alt=\"El lanzamiento de la plataforma para tel\u00e9fonos se realiz\u00f3 en el Club San Felipe en conjunto con el Ministerio de Transportes y Telecomunicaciones y su divisi\u00f3n de Transporte P\u00fablico Regional.\" width=\"578\" height=\"337\" srcset=\"https:\/\/i0.wp.com\/eltrabajo.cl\/portal\/wp-content\/uploads\/2018\/04\/mimicro-1.jpg?w=578&amp;ssl=1 578w, https:\/\/i0.wp.com\/eltrabajo.cl\/portal\/wp-content\/uploads\/2018\/04\/mimicro-1.jpg?resize=200%2C117&amp;ssl=1 200w, https:\/\/i0.wp.com\/eltrabajo.cl\/portal\/wp-content\/uploads\/2018\/04\/mimicro-1.jpg?resize=300%2C175&amp;ssl=1 300w, https:\/\/i0.wp.com\/eltrabajo.cl\/portal\/wp-content\/uploads\/2018\/04\/mimicro-1.jpg?resize=257%2C150&amp;ssl=1 257w, https:\/\/i0.wp.com\/eltrabajo.cl\/portal\/wp-content\/uploads\/2018\/04\/mimicro-1.jpg?resize=400%2C233&amp;ssl=1 400w\" sizes=\"auto, (max-width: 578px) 100vw, 578px\" \/><figcaption id=\"caption-attachment-86018\" class=\"wp-caption-text\">El lanzamiento de la plataforma para tel\u00e9fonos se realiz\u00f3 en el Club San Felipe en conjunto con el Ministerio de Transportes y Telecomunicaciones y su divisi\u00f3n de Transporte P\u00fablico Regional.<\/figcaption><\/figure>\n<figure id=\"attachment_86019\" aria-describedby=\"caption-attachment-86019\" style=\"width: 579px\" class=\"wp-caption alignnone\"><img data-recalc-dims=\"1\" loading=\"lazy\" decoding=\"async\" class=\"size-full wp-image-86019\" src=\"https:\/\/i0.wp.com\/www.eltrabajo.cl\/portal\/wp-content\/uploads\/2018\/04\/mimicro-2.jpg?resize=579%2C456\" alt=\"Alejandro Lee, gerente general de Transidea Spa, compa\u00f1\u00eda a cargo de MiMicro.\" width=\"579\" height=\"456\" srcset=\"https:\/\/i0.wp.com\/eltrabajo.cl\/portal\/wp-content\/uploads\/2018\/04\/mimicro-2.jpg?w=579&amp;ssl=1 579w, https:\/\/i0.wp.com\/eltrabajo.cl\/portal\/wp-content\/uploads\/2018\/04\/mimicro-2.jpg?resize=190%2C150&amp;ssl=1 190w, https:\/\/i0.wp.com\/eltrabajo.cl\/portal\/wp-content\/uploads\/2018\/04\/mimicro-2.jpg?resize=300%2C236&amp;ssl=1 300w, https:\/\/i0.wp.com\/eltrabajo.cl\/portal\/wp-content\/uploads\/2018\/04\/mimicro-2.jpg?resize=400%2C315&amp;ssl=1 400w\" sizes=\"auto, (max-width: 579px) 100vw, 579px\" \/><figcaption id=\"caption-attachment-86019\" class=\"wp-caption-text\">Alejandro Lee, gerente general de Transidea Spa, compa\u00f1\u00eda a cargo de MiMicro.<\/figcaption><\/figure>\n<figure id=\"attachment_86021\" aria-describedby=\"caption-attachment-86021\" style=\"width: 579px\" class=\"wp-caption alignnone\"><img data-recalc-dims=\"1\" loading=\"lazy\" decoding=\"async\" class=\"size-full wp-image-86021\" src=\"https:\/\/i0.wp.com\/www.eltrabajo.cl\/portal\/wp-content\/uploads\/2018\/04\/Mimicro1.jpg?resize=579%2C1192\" alt=\"La aplicaci\u00f3n MiMicro permitir\u00e1 a los usuarios optimizar su tiempo de espera con informaci\u00f3n en l\u00ednea de los recorridos.\" width=\"579\" height=\"1192\" srcset=\"https:\/\/i0.wp.com\/eltrabajo.cl\/portal\/wp-content\/uploads\/2018\/04\/Mimicro1.jpg?w=579&amp;ssl=1 579w, https:\/\/i0.wp.com\/eltrabajo.cl\/portal\/wp-content\/uploads\/2018\/04\/Mimicro1.jpg?resize=73%2C150&amp;ssl=1 73w, https:\/\/i0.wp.com\/eltrabajo.cl\/portal\/wp-content\/uploads\/2018\/04\/Mimicro1.jpg?resize=146%2C300&amp;ssl=1 146w, https:\/\/i0.wp.com\/eltrabajo.cl\/portal\/wp-content\/uploads\/2018\/04\/Mimicro1.jpg?resize=497%2C1024&amp;ssl=1 497w, https:\/\/i0.wp.com\/eltrabajo.cl\/portal\/wp-content\/uploads\/2018\/04\/Mimicro1.jpg?resize=400%2C823&amp;ssl=1 400w\" sizes=\"auto, (max-width: 579px) 100vw, 579px\" \/><figcaption id=\"caption-attachment-86021\" class=\"wp-caption-text\">La aplicaci\u00f3n MiMicro permitir\u00e1 a los usuarios optimizar su tiempo de espera con informaci\u00f3n en l\u00ednea de los recorridos.<\/figcaption><\/figure>\n","protected":false},"excerpt":{"rendered":"<p>Desarrollo nacional con apoyo del Ministerio de Transporte:\u00a0La aplicaci\u00f3n MiMicro funcionar\u00e1 como programa piloto en la comuna de San Felipe, donde los usuarios podr\u00e1n optimizar su tiempo de espera con informaci\u00f3n en&#8230;<\/p>\n","protected":false},"author":1,"featured_media":86018,"comment_status":"open","ping_status":"open","sticky":false,"template":"","format":"standard","meta":{"advanced_seo_description":"","jetpack_seo_html_title":"","jetpack_seo_noindex":false,"_jetpack_memberships_contains_paid_content":false,"footnotes":""},"categories":[1],"tags":[],"class_list":["post-86017","post","type-post","status-publish","format-standard","has-post-thumbnail","hentry","category-cronica"],"jetpack_featured_media_url":"https:\/\/i0.wp.com\/eltrabajo.cl\/portal\/wp-content\/uploads\/2018\/04\/mimicro-1.jpg?fit=578%2C337&ssl=1","jetpack_sharing_enabled":true,"jetpack_likes_enabled":true,"jetpack-related-posts":[],"_links":{"self":[{"href":"https:\/\/eltrabajo.cl\/portal\/wp-json\/wp\/v2\/posts\/86017","targetHints":{"allow":["GET"]}}],"collection":[{"href":"https:\/\/eltrabajo.cl\/portal\/wp-json\/wp\/v2\/posts"}],"about":[{"href":"https:\/\/eltrabajo.cl\/portal\/wp-json\/wp\/v2\/types\/post"}],"author":[{"embeddable":true,"href":"https:\/\/eltrabajo.cl\/portal\/wp-json\/wp\/v2\/users\/1"}],"replies":[{"embeddable":true,"href":"https:\/\/eltrabajo.cl\/portal\/wp-json\/wp\/v2\/comments?post=86017"}],"version-history":[{"count":0,"href":"https:\/\/eltrabajo.cl\/portal\/wp-json\/wp\/v2\/posts\/86017\/revisions"}],"wp:featuredmedia":[{"embeddable":true,"href":"https:\/\/eltrabajo.cl\/portal\/wp-json\/wp\/v2\/media\/86018"}],"wp:attachment":[{"href":"https:\/\/eltrabajo.cl\/portal\/wp-json\/wp\/v2\/media?parent=86017"}],"wp:term":[{"taxonomy":"category","embeddable":true,"href":"https:\/\/eltrabajo.cl\/portal\/wp-json\/wp\/v2\/categories?post=86017"},{"taxonomy":"post_tag","embeddable":true,"href":"https:\/\/eltrabajo.cl\/portal\/wp-json\/wp\/v2\/tags?post=86017"}],"curies":[{"name":"wp","href":"https:\/\/api.w.org\/{rel}","templated":true}]}}