{"id":86031,"date":"2018-04-27T05:00:17","date_gmt":"2018-04-27T09:00:17","guid":{"rendered":"http:\/\/www.eltrabajo.cl\/2017\/?p=86031"},"modified":"2018-04-27T05:00:17","modified_gmt":"2018-04-27T09:00:17","slug":"alumnos-esc-jose-de-san-martin-pintan-mural-para-recuperar-espacio-publico","status":"publish","type":"post","link":"https:\/\/eltrabajo.cl\/portal\/alumnos-esc-jose-de-san-martin-pintan-mural-para-recuperar-espacio-publico\/","title":{"rendered":"Alumnos Esc. Jos\u00e9 de San Mart\u00edn pintan mural para recuperar espacio p\u00fablico"},"content":{"rendered":"<figure id=\"attachment_86032\" aria-describedby=\"caption-attachment-86032\" style=\"width: 578px\" class=\"wp-caption alignnone\"><img data-recalc-dims=\"1\" loading=\"lazy\" decoding=\"async\" class=\"size-full wp-image-86032\" src=\"https:\/\/i0.wp.com\/www.eltrabajo.cl\/portal\/wp-content\/uploads\/2018\/04\/mural-2.jpg?resize=578%2C399\" alt=\"Alumnos de s\u00e9ptimo y octavo a\u00f1o b\u00e1sico de la Escuela Jos\u00e9 de San Mart\u00edn se encuentran desde este mi\u00e9rcoles dando vida al mural en la plazoleta ubicada en Merced con Toro Mazotte.\" width=\"578\" height=\"399\" srcset=\"https:\/\/i0.wp.com\/eltrabajo.cl\/portal\/wp-content\/uploads\/2018\/04\/mural-2.jpg?w=578&amp;ssl=1 578w, https:\/\/i0.wp.com\/eltrabajo.cl\/portal\/wp-content\/uploads\/2018\/04\/mural-2.jpg?resize=200%2C138&amp;ssl=1 200w, https:\/\/i0.wp.com\/eltrabajo.cl\/portal\/wp-content\/uploads\/2018\/04\/mural-2.jpg?resize=300%2C207&amp;ssl=1 300w, https:\/\/i0.wp.com\/eltrabajo.cl\/portal\/wp-content\/uploads\/2018\/04\/mural-2.jpg?resize=217%2C150&amp;ssl=1 217w, https:\/\/i0.wp.com\/eltrabajo.cl\/portal\/wp-content\/uploads\/2018\/04\/mural-2.jpg?resize=400%2C276&amp;ssl=1 400w\" sizes=\"auto, (max-width: 578px) 100vw, 578px\" \/><figcaption id=\"caption-attachment-86032\" class=\"wp-caption-text\">Alumnos de s\u00e9ptimo y octavo a\u00f1o b\u00e1sico de la Escuela Jos\u00e9 de San Mart\u00edn se encuentran desde este mi\u00e9rcoles dando vida al mural en la plazoleta ubicada en Merced con Toro Mazotte.<\/figcaption><\/figure>\n<p>Un grupo de alumnos de la Escuela Jos\u00e9 de San Mart\u00edn comenz\u00f3 a pintar este mi\u00e9rcoles un mural en la plazoleta ubicada en la esquina de Merced con Toro Mazotte, en el marco del programa de recuperaci\u00f3n de espacios p\u00fablicos del Plan Comunal de Seguridad P\u00fablica, denominado \u2018Disminuyendo el actuar delictual\u2019.<br \/>\nLa directora del establecimiento, Ximena Baquedano, coment\u00f3 que tanto el campanario como la plazuela ubicada en el sector, son vecinos de la Escuela Jos\u00e9 de San Mart\u00edn y muchos de los alumnos disfrutan del sector y se re\u00fanen con sus amigos, por ello aceptaron participar en la confecci\u00f3n del mural, como una forma de cooperar en el cuidado de los espacios p\u00fablicos.<br \/>\n\u201cNosotros estamos muy interesados en fortalecer el patrimonio agr\u00edcola de la zona y por ello era necesario plasmar en este lugar, parte de lo que es el rescate del patrimonio agr\u00edcola de esta zona de Aconcagua. La primera intervenci\u00f3n que tuvieron (los alumnos) fue un mural dentro del establecimiento, con un mural de Violeta Parra y en esta oportunidad en que se les ofrece esta posibilidad de trabajar, claramente demostraron su inter\u00e9s y sus ganas de poder participar\u201d, sostuvo la directora.<br \/>\nLa intervenci\u00f3n realizada en el lugar significar\u00e1 un hermoseamiento del sector y busca entregar m\u00e1s seguridad a los vecinos.<br \/>\n\u201cNosotros hicimos un trabajo participativo y colaborativo con vecinos del sector y decidimos incorporar a un colegio emblem\u00e1tico de la comuna y que est\u00e1 ubicado muy cerquita del lugar donde nosotros estamos trabajando para la realizaci\u00f3n de este mural participativo, donde se tomaron en cuenta, adem\u00e1s del trabajo que se est\u00e1 haciendo en el mismo colegio, el patrimonio de la comuna, especialmente en el \u00e1rea de la agricultura, que va a ir incluso en este mural, tambi\u00e9n se tomaron ideas del campanario\u201d, sostuvo P\u00eda Caldera, abogada integrante del Plan Comunal de Seguridad P\u00fablica.<br \/>\nLa muralista a cargo del proyecto fue Jenifer D\u00edaz, quien tom\u00f3 todas las ideas planteadas y cre\u00f3 el mural que, en estos d\u00edas, han estado confeccionando los alumnos de s\u00e9ptimo y octavo a\u00f1o b\u00e1sico de la Escuela Jos\u00e9 de San Mart\u00edn.<\/p>\n","protected":false},"excerpt":{"rendered":"<p>Un grupo de alumnos de la Escuela Jos\u00e9 de San Mart\u00edn comenz\u00f3 a pintar este mi\u00e9rcoles un mural en la plazoleta ubicada en la esquina de Merced con Toro Mazotte, en el&#8230;<\/p>\n","protected":false},"author":1,"featured_media":86032,"comment_status":"open","ping_status":"open","sticky":false,"template":"","format":"standard","meta":{"advanced_seo_description":"","jetpack_seo_html_title":"","jetpack_seo_noindex":false,"_jetpack_memberships_contains_paid_content":false,"footnotes":""},"categories":[1],"tags":[],"class_list":["post-86031","post","type-post","status-publish","format-standard","has-post-thumbnail","hentry","category-cronica"],"jetpack_featured_media_url":"https:\/\/i0.wp.com\/eltrabajo.cl\/portal\/wp-content\/uploads\/2018\/04\/mural-2.jpg?fit=578%2C399&ssl=1","jetpack_sharing_enabled":true,"jetpack_likes_enabled":true,"jetpack-related-posts":[],"_links":{"self":[{"href":"https:\/\/eltrabajo.cl\/portal\/wp-json\/wp\/v2\/posts\/86031","targetHints":{"allow":["GET"]}}],"collection":[{"href":"https:\/\/eltrabajo.cl\/portal\/wp-json\/wp\/v2\/posts"}],"about":[{"href":"https:\/\/eltrabajo.cl\/portal\/wp-json\/wp\/v2\/types\/post"}],"author":[{"embeddable":true,"href":"https:\/\/eltrabajo.cl\/portal\/wp-json\/wp\/v2\/users\/1"}],"replies":[{"embeddable":true,"href":"https:\/\/eltrabajo.cl\/portal\/wp-json\/wp\/v2\/comments?post=86031"}],"version-history":[{"count":0,"href":"https:\/\/eltrabajo.cl\/portal\/wp-json\/wp\/v2\/posts\/86031\/revisions"}],"wp:featuredmedia":[{"embeddable":true,"href":"https:\/\/eltrabajo.cl\/portal\/wp-json\/wp\/v2\/media\/86032"}],"wp:attachment":[{"href":"https:\/\/eltrabajo.cl\/portal\/wp-json\/wp\/v2\/media?parent=86031"}],"wp:term":[{"taxonomy":"category","embeddable":true,"href":"https:\/\/eltrabajo.cl\/portal\/wp-json\/wp\/v2\/categories?post=86031"},{"taxonomy":"post_tag","embeddable":true,"href":"https:\/\/eltrabajo.cl\/portal\/wp-json\/wp\/v2\/tags?post=86031"}],"curies":[{"name":"wp","href":"https:\/\/api.w.org\/{rel}","templated":true}]}}