{"id":86037,"date":"2018-04-27T05:02:58","date_gmt":"2018-04-27T09:02:58","guid":{"rendered":"http:\/\/www.eltrabajo.cl\/2017\/?p=86037"},"modified":"2018-04-27T05:02:58","modified_gmt":"2018-04-27T09:02:58","slug":"san-felipe-sera-sede-del-regional-de-cueca-que-definira-pareja-al-nacional","status":"publish","type":"post","link":"https:\/\/eltrabajo.cl\/portal\/san-felipe-sera-sede-del-regional-de-cueca-que-definira-pareja-al-nacional\/","title":{"rendered":"San Felipe ser\u00e1 sede del Regional de Cueca que definir\u00e1 pareja al Nacional"},"content":{"rendered":"<figure id=\"attachment_86039\" aria-describedby=\"caption-attachment-86039\" style=\"width: 578px\" class=\"wp-caption alignnone\"><img data-recalc-dims=\"1\" loading=\"lazy\" decoding=\"async\" class=\"size-full wp-image-86039\" src=\"https:\/\/i0.wp.com\/www.eltrabajo.cl\/portal\/wp-content\/uploads\/2018\/04\/cueca-2.jpg?resize=578%2C336\" alt=\"Delegaciones de las siete provincias de la regi\u00f3n arribar\u00e1n a la Plaza de Armas para participar de un cuecazo amenizado por el conjunto \u2018Maihuen\u2019 de Los \u00c1ngeles. (Foto archivo).\" width=\"578\" height=\"336\" srcset=\"https:\/\/i0.wp.com\/eltrabajo.cl\/portal\/wp-content\/uploads\/2018\/04\/cueca-2.jpg?w=578&amp;ssl=1 578w, https:\/\/i0.wp.com\/eltrabajo.cl\/portal\/wp-content\/uploads\/2018\/04\/cueca-2.jpg?resize=200%2C116&amp;ssl=1 200w, https:\/\/i0.wp.com\/eltrabajo.cl\/portal\/wp-content\/uploads\/2018\/04\/cueca-2.jpg?resize=300%2C174&amp;ssl=1 300w, https:\/\/i0.wp.com\/eltrabajo.cl\/portal\/wp-content\/uploads\/2018\/04\/cueca-2.jpg?resize=258%2C150&amp;ssl=1 258w, https:\/\/i0.wp.com\/eltrabajo.cl\/portal\/wp-content\/uploads\/2018\/04\/cueca-2.jpg?resize=400%2C233&amp;ssl=1 400w\" sizes=\"auto, (max-width: 578px) 100vw, 578px\" \/><figcaption id=\"caption-attachment-86039\" class=\"wp-caption-text\">Delegaciones de las siete provincias de la regi\u00f3n arribar\u00e1n a la Plaza de Armas para participar de un cuecazo amenizado por el conjunto \u2018Maihuen\u2019 de Los \u00c1ngeles. (Foto archivo).<\/figcaption><\/figure>\n<ul>\n<li><span style=\"color: #ff0000;\"><strong>Tras la exitosa realizaci\u00f3n del certamen provincial, la comuna ser\u00e1 la encargada de cobijar a los representantes de todas las provincias de la Regi\u00f3n, quienes buscar\u00e1n quedarse con el cupo para participar en el Nacional que se desarrollar\u00e1 en Arica.<\/strong> <\/span><\/li>\n<\/ul>\n<p>San Felipe ser\u00e1 la sede del encuentro regional de Cueca el pr\u00f3ximo s\u00e1bado 5 de mayo, donde se reunir\u00e1n todos los ganadores de las competiciones provinciales y que dar\u00e1 pasajes directos al Nacional que se desarrollar\u00e1 en Arica el pr\u00f3ximo mes de junio, y que se enmarca en la celebraci\u00f3n de los 50 a\u00f1os de este certamen.<br \/>\nAs\u00ed lo indic\u00f3 Ruth Garc\u00eda Campos, delegada provincial del Club de Huasos de Arica, quien manifest\u00f3 que \u00abrecibiremos parejas provenientes de las siete provincias que componen la Regi\u00f3n. As\u00ed que tendremos una programaci\u00f3n para todo el d\u00eda, tanto para los competidores, como para el p\u00fablico\u00bb, manifest\u00f3.<br \/>\nEl evento, que se desarrollar\u00e1 en el Gimnasio del Liceo Roberto Humeres y que iniciar\u00e1 a partir de las 16:00 horas, contar\u00e1 con la participaci\u00f3n de 14 parejas en competencia (dos por provincia) sumando a los campeones de 2017, quienes vendr\u00e1n a entregar el cetro a los nuevos ganadores y representantes de la regi\u00f3n en la ciudad de la eterna primavera.<br \/>\nLa jornada iniciar\u00e1 con un recibimiento a las parejas participantes, con un desayuno en el Complejo Patrimonial Buen Pastor, donde tambi\u00e9n realizar\u00e1n el sorteo. Posteriormente, arribar\u00e1n hasta la Plaza de Armas para participar de un cuecazo amenizado por el conjunto \u2018Maihuen\u2019 de Los \u00c1ngeles. Le seguir\u00e1 la misa a la chilena nuevamente en Buen Pastor y luego se trasladar\u00e1n hasta el gimnasio del emblem\u00e1tico establecimiento.<br \/>\nEsta actividad es completamente gratuita, fue financiada por el Consejo de la Cultura y las Artes y tendr\u00e1 como plato fuerte la participaci\u00f3n de tres conjuntos folcl\u00f3ricos: Maihu\u00e9n, Los Roblerinos y Los Huasos Corraleros. Por ello, Garc\u00eda realiz\u00f3 un especial llamado a todos los aconcag\u00fcinos: \u00abQueremos invitar a toda la gente. Tendremos tres conjuntos que amenizar\u00e1n el campeonato para que todos pasen una tarde bien agradable. Adem\u00e1s, realizaremos un especial homenaje en honor a los 200 a\u00f1os que cumple nuestra bandera, por lo que necesitamos 200 personas que carguen sus banderas en un peque\u00f1o desfile que realizaremos antes de entonar el himno nacional\u00bb, aclar\u00f3 la representante, quien invit\u00f3 a los interesados a inscribirse en dependencias municipales.<\/p>\n<figure id=\"attachment_86038\" aria-describedby=\"caption-attachment-86038\" style=\"width: 579px\" class=\"wp-caption alignnone\"><img data-recalc-dims=\"1\" loading=\"lazy\" decoding=\"async\" class=\"size-full wp-image-86038\" src=\"https:\/\/i0.wp.com\/www.eltrabajo.cl\/portal\/wp-content\/uploads\/2018\/04\/cueca-1-Ruth-Garcia.jpg?resize=579%2C344\" alt=\"Ruth Garc\u00eda Campos, delegada provincial del Club de Huasos de Arica, dio a conocer el programa contemplado para la ocasi\u00f3n.\" width=\"579\" height=\"344\" srcset=\"https:\/\/i0.wp.com\/eltrabajo.cl\/portal\/wp-content\/uploads\/2018\/04\/cueca-1-Ruth-Garcia.jpg?w=579&amp;ssl=1 579w, https:\/\/i0.wp.com\/eltrabajo.cl\/portal\/wp-content\/uploads\/2018\/04\/cueca-1-Ruth-Garcia.jpg?resize=200%2C119&amp;ssl=1 200w, https:\/\/i0.wp.com\/eltrabajo.cl\/portal\/wp-content\/uploads\/2018\/04\/cueca-1-Ruth-Garcia.jpg?resize=300%2C178&amp;ssl=1 300w, https:\/\/i0.wp.com\/eltrabajo.cl\/portal\/wp-content\/uploads\/2018\/04\/cueca-1-Ruth-Garcia.jpg?resize=252%2C150&amp;ssl=1 252w, https:\/\/i0.wp.com\/eltrabajo.cl\/portal\/wp-content\/uploads\/2018\/04\/cueca-1-Ruth-Garcia.jpg?resize=400%2C238&amp;ssl=1 400w\" sizes=\"auto, (max-width: 579px) 100vw, 579px\" \/><figcaption id=\"caption-attachment-86038\" class=\"wp-caption-text\">Ruth Garc\u00eda Campos, delegada provincial del Club de Huasos de Arica, dio a conocer el programa contemplado para la ocasi\u00f3n.<\/figcaption><\/figure>\n","protected":false},"excerpt":{"rendered":"<p>Tras la exitosa realizaci\u00f3n del certamen provincial, la comuna ser\u00e1 la encargada de cobijar a los representantes de todas las provincias de la Regi\u00f3n, quienes buscar\u00e1n quedarse con el cupo para participar&#8230;<\/p>\n","protected":false},"author":1,"featured_media":86039,"comment_status":"open","ping_status":"open","sticky":false,"template":"","format":"standard","meta":{"advanced_seo_description":"","jetpack_seo_html_title":"","jetpack_seo_noindex":false,"_jetpack_memberships_contains_paid_content":false,"footnotes":""},"categories":[1],"tags":[],"class_list":["post-86037","post","type-post","status-publish","format-standard","has-post-thumbnail","hentry","category-cronica"],"jetpack_featured_media_url":"https:\/\/i0.wp.com\/eltrabajo.cl\/portal\/wp-content\/uploads\/2018\/04\/cueca-2.jpg?fit=578%2C336&ssl=1","jetpack_sharing_enabled":true,"jetpack_likes_enabled":true,"jetpack-related-posts":[],"_links":{"self":[{"href":"https:\/\/eltrabajo.cl\/portal\/wp-json\/wp\/v2\/posts\/86037","targetHints":{"allow":["GET"]}}],"collection":[{"href":"https:\/\/eltrabajo.cl\/portal\/wp-json\/wp\/v2\/posts"}],"about":[{"href":"https:\/\/eltrabajo.cl\/portal\/wp-json\/wp\/v2\/types\/post"}],"author":[{"embeddable":true,"href":"https:\/\/eltrabajo.cl\/portal\/wp-json\/wp\/v2\/users\/1"}],"replies":[{"embeddable":true,"href":"https:\/\/eltrabajo.cl\/portal\/wp-json\/wp\/v2\/comments?post=86037"}],"version-history":[{"count":0,"href":"https:\/\/eltrabajo.cl\/portal\/wp-json\/wp\/v2\/posts\/86037\/revisions"}],"wp:featuredmedia":[{"embeddable":true,"href":"https:\/\/eltrabajo.cl\/portal\/wp-json\/wp\/v2\/media\/86039"}],"wp:attachment":[{"href":"https:\/\/eltrabajo.cl\/portal\/wp-json\/wp\/v2\/media?parent=86037"}],"wp:term":[{"taxonomy":"category","embeddable":true,"href":"https:\/\/eltrabajo.cl\/portal\/wp-json\/wp\/v2\/categories?post=86037"},{"taxonomy":"post_tag","embeddable":true,"href":"https:\/\/eltrabajo.cl\/portal\/wp-json\/wp\/v2\/tags?post=86037"}],"curies":[{"name":"wp","href":"https:\/\/api.w.org\/{rel}","templated":true}]}}