{"id":86041,"date":"2018-04-27T05:03:06","date_gmt":"2018-04-27T09:03:06","guid":{"rendered":"http:\/\/www.eltrabajo.cl\/2017\/?p=86041"},"modified":"2018-04-27T05:03:06","modified_gmt":"2018-04-27T09:03:06","slug":"solo-el-martes-1-de-mayo-no-habra-retiro-de-residuos-domiciliarios","status":"publish","type":"post","link":"https:\/\/eltrabajo.cl\/portal\/solo-el-martes-1-de-mayo-no-habra-retiro-de-residuos-domiciliarios\/","title":{"rendered":"Solo el martes 1 de mayo no habr\u00e1 retiro de residuos domiciliarios"},"content":{"rendered":"<p><img data-recalc-dims=\"1\" loading=\"lazy\" decoding=\"async\" class=\"alignnone wp-image-86042\" src=\"https:\/\/i0.wp.com\/www.eltrabajo.cl\/portal\/wp-content\/uploads\/2018\/04\/basura-e1524787453171.jpg?resize=580%2C400\" alt=\"\" width=\"580\" height=\"400\" srcset=\"https:\/\/i0.wp.com\/eltrabajo.cl\/portal\/wp-content\/uploads\/2018\/04\/basura-e1524787453171.jpg?w=400&amp;ssl=1 400w, https:\/\/i0.wp.com\/eltrabajo.cl\/portal\/wp-content\/uploads\/2018\/04\/basura-e1524787453171.jpg?resize=200%2C138&amp;ssl=1 200w, https:\/\/i0.wp.com\/eltrabajo.cl\/portal\/wp-content\/uploads\/2018\/04\/basura-e1524787453171.jpg?resize=300%2C207&amp;ssl=1 300w, https:\/\/i0.wp.com\/eltrabajo.cl\/portal\/wp-content\/uploads\/2018\/04\/basura-e1524787453171.jpg?resize=217%2C150&amp;ssl=1 217w\" sizes=\"auto, (max-width: 580px) 100vw, 580px\" \/><\/p>\n<p>La Direcci\u00f3n de Protecci\u00f3n del Medio Ambiente (Dipma) de la Municipalidad de San Felipe inform\u00f3 a la comunidad que, por motivo del feriado del d\u00eda 1\u00ba de Mayo (D\u00eda del Trabajador), el retiro de residuos domiciliarios no se realizar\u00e1, pero s\u00ed el d\u00eda antes y despu\u00e9s de \u00e9ste.<br \/>\n\u00abPor este d\u00eda (martes 1 de mayo) la extracci\u00f3n de residuos domiciliarios y el barrido de calles en todo el centro de la ciudad no se va a realizar porque est\u00e1 establecido por contrato. El resto de los d\u00edas se mantiene absolutamente normal, es decir, hasta el d\u00eda 30 de abril (lunes) todo normal, martes no hay extracci\u00f3n y el mi\u00e9rcoles se retoman las actividades de forma normal\u00bb, se\u00f1al\u00f3 Jacqueline Aguilar, directora de la Dipma.<br \/>\nDado lo anterior, es que la directora aconsej\u00f3 a los vecinos planificar y retirar la basura los d\u00edas en que s\u00ed se realizar\u00e1 el procedimiento y mantenerla en el domicilio el 1 de mayo: \u00abEl llamado a la comunidad es que durante ese d\u00eda no saque la basura de la casa, la mantenga hasta el d\u00eda siguiente de modo que no se formen microbasurales y tengamos la ciudad limpia\u00bb, finaliz\u00f3 Aguilar.<\/p>\n","protected":false},"excerpt":{"rendered":"<p>La Direcci\u00f3n de Protecci\u00f3n del Medio Ambiente (Dipma) de la Municipalidad de San Felipe inform\u00f3 a la comunidad que, por motivo del feriado del d\u00eda 1\u00ba de Mayo (D\u00eda del Trabajador), el&#8230;<\/p>\n","protected":false},"author":1,"featured_media":86042,"comment_status":"open","ping_status":"open","sticky":false,"template":"","format":"standard","meta":{"advanced_seo_description":"","jetpack_seo_html_title":"","jetpack_seo_noindex":false,"_jetpack_memberships_contains_paid_content":false,"footnotes":""},"categories":[1],"tags":[],"class_list":["post-86041","post","type-post","status-publish","format-standard","has-post-thumbnail","hentry","category-cronica"],"jetpack_featured_media_url":"https:\/\/i0.wp.com\/eltrabajo.cl\/portal\/wp-content\/uploads\/2018\/04\/basura-e1524787453171.jpg?fit=400%2C276&ssl=1","jetpack_sharing_enabled":true,"jetpack_likes_enabled":true,"jetpack-related-posts":[],"_links":{"self":[{"href":"https:\/\/eltrabajo.cl\/portal\/wp-json\/wp\/v2\/posts\/86041","targetHints":{"allow":["GET"]}}],"collection":[{"href":"https:\/\/eltrabajo.cl\/portal\/wp-json\/wp\/v2\/posts"}],"about":[{"href":"https:\/\/eltrabajo.cl\/portal\/wp-json\/wp\/v2\/types\/post"}],"author":[{"embeddable":true,"href":"https:\/\/eltrabajo.cl\/portal\/wp-json\/wp\/v2\/users\/1"}],"replies":[{"embeddable":true,"href":"https:\/\/eltrabajo.cl\/portal\/wp-json\/wp\/v2\/comments?post=86041"}],"version-history":[{"count":0,"href":"https:\/\/eltrabajo.cl\/portal\/wp-json\/wp\/v2\/posts\/86041\/revisions"}],"wp:featuredmedia":[{"embeddable":true,"href":"https:\/\/eltrabajo.cl\/portal\/wp-json\/wp\/v2\/media\/86042"}],"wp:attachment":[{"href":"https:\/\/eltrabajo.cl\/portal\/wp-json\/wp\/v2\/media?parent=86041"}],"wp:term":[{"taxonomy":"category","embeddable":true,"href":"https:\/\/eltrabajo.cl\/portal\/wp-json\/wp\/v2\/categories?post=86041"},{"taxonomy":"post_tag","embeddable":true,"href":"https:\/\/eltrabajo.cl\/portal\/wp-json\/wp\/v2\/tags?post=86041"}],"curies":[{"name":"wp","href":"https:\/\/api.w.org\/{rel}","templated":true}]}}