{"id":86089,"date":"2018-05-03T05:00:40","date_gmt":"2018-05-03T09:00:40","guid":{"rendered":"http:\/\/www.eltrabajo.cl\/2017\/?p=86089"},"modified":"2018-05-03T05:00:40","modified_gmt":"2018-05-03T09:00:40","slug":"piden-a-contraloria-declarar-desierta-licitacion-por-embalse-catemu","status":"publish","type":"post","link":"https:\/\/eltrabajo.cl\/portal\/piden-a-contraloria-declarar-desierta-licitacion-por-embalse-catemu\/","title":{"rendered":"Piden a Contralor\u00eda declarar desierta licitaci\u00f3n por embalse Catemu"},"content":{"rendered":"<figure id=\"attachment_86090\" aria-describedby=\"caption-attachment-86090\" style=\"width: 580px\" class=\"wp-caption alignnone\"><img data-recalc-dims=\"1\" loading=\"lazy\" decoding=\"async\" class=\"size-full wp-image-86090\" src=\"https:\/\/i0.wp.com\/www.eltrabajo.cl\/portal\/wp-content\/uploads\/2018\/05\/Bailey.jpg?resize=580%2C374\" alt=\"Los representantes del Movimiento de Defensa del R\u00edo Aconcagua en la Contralor\u00eda.\" width=\"580\" height=\"374\" srcset=\"https:\/\/i0.wp.com\/eltrabajo.cl\/portal\/wp-content\/uploads\/2018\/05\/Bailey.jpg?w=580&amp;ssl=1 580w, https:\/\/i0.wp.com\/eltrabajo.cl\/portal\/wp-content\/uploads\/2018\/05\/Bailey.jpg?resize=200%2C129&amp;ssl=1 200w, https:\/\/i0.wp.com\/eltrabajo.cl\/portal\/wp-content\/uploads\/2018\/05\/Bailey.jpg?resize=300%2C193&amp;ssl=1 300w, https:\/\/i0.wp.com\/eltrabajo.cl\/portal\/wp-content\/uploads\/2018\/05\/Bailey.jpg?resize=233%2C150&amp;ssl=1 233w, https:\/\/i0.wp.com\/eltrabajo.cl\/portal\/wp-content\/uploads\/2018\/05\/Bailey.jpg?resize=400%2C258&amp;ssl=1 400w\" sizes=\"auto, (max-width: 580px) 100vw, 580px\" \/><figcaption id=\"caption-attachment-86090\" class=\"wp-caption-text\">Los representantes del Movimiento de Defensa del R\u00edo Aconcagua en la Contralor\u00eda.<\/figcaption><\/figure>\n<ul>\n<li><span style=\"color: #ff0000;\"><strong>Movimiento defensa r\u00edo Aconcagua y vecinos de cerrillos:\u00a0<\/strong><\/span><\/li>\n<\/ul>\n<p>Representantes del Movimiento de Defensa del R\u00edo Aconcagua y de la Junta de Vecinos Los Cerrillos concurrieron hasta la Contralor\u00eda para que este organismo contralor declare desierta la licitaci\u00f3n del embalse Catemu.<br \/>\nHarry Bailey, vocero del Movimiento de Defensa del R\u00edo Aconcagua aclar\u00f3 que primeramente ellos no est\u00e1n en contra de embalsar el agua, lo que ellos sostienen es que si se van hacer proyectos de riego, sean proyectos que beneficien a todos y segundo que cumplan con los est\u00e1ndares m\u00ednimos para poder ser licitados.<br \/>\nIndic\u00f3 que en el caso del embalse de Catemu, lo que se ha hecho es una tramitaci\u00f3n acelerada en la cual se pretende empaquetar en una misma licitaci\u00f3n por veinte a\u00f1os todo el proceso de estudio de ingenier\u00eda y detalles, impacto ambiental, la construcci\u00f3n y operaci\u00f3n; \u201cla verdad que a nuestro juicio eso no es correcto, las obras de este tipo de envergadura necesitan contar con un proceso de participaci\u00f3n ciudadana primero y segundo un informe de impacto ambiental para poder ser licitado, eso en una primera etapa. Lo que se pretende ac\u00e1 es hacer todo por debajo de la mesa, ha habido algunas reuniones con la gente de Cerrillos, dos o tres reuniones, las cuales han sido solamente explicativas de c\u00f3mo va este proceso y lo que nosotros pedimos es que se cumpla el protocolo que el mismo MOP se autoimpuesto, pedimos que se declare desierta la licitaci\u00f3n del embalse Catemu y que se abra un nuevo proceso de di\u00e1logo con transparencia y con incidencia de las comunidades frente a un proyecto tan grande para la segunda secci\u00f3n del r\u00edo Aconcagua\u201d, manifest\u00f3 el vocero.<br \/>\nExplic\u00f3 que el objetivo del embalse Catemu es captar alrededor de 20 metros c\u00fabicos por segundo m\u00e1s abajo del puente El Rey, donde converge la afluencia del r\u00edo Putaendo con el Aconcagua, a trav\u00e9s de un canal abductor, el cual va a estar sobre los canales de la Segunda Secci\u00f3n, donde se ha dicho que son aguas eventuales, sin embargo la autoridad ha reconocido que necesita de los pozos de Panquehue para llenar el embalse y a pesar de todo eso, seg\u00fan el MOP, dice el vocero, el embalse podr\u00eda llenarse en un 18%, vale decir en 100 a\u00f1os solamente podr\u00eda llenarse 18, en 35 a\u00f1os podr\u00eda estar de la mitad hacia abajo y el resto absolutamente vac\u00edo.<br \/>\nConfirma que este embalse simplemente lo que hace es ser un by pass a la Segunda Secci\u00f3n, porque toma las aguas en cabecera de la Segunda Secci\u00f3n para luego botarlas una vez m\u00e1s al r\u00edo Aconcagua, en la cola de la Segunda Secci\u00f3n, poniendo en riesgo la seguridad h\u00eddrica de toda la zona; una parte muy importante que son los exportadores de la regi\u00f3n y una parte importante que alimentan la Quinta Regi\u00f3n y Metropolitana que son los peque\u00f1os agricultores.<br \/>\n<strong>&#8211; \u00bfC\u00f3mo se va a elevar el agua por el ducto?<\/strong><br \/>\n&#8211; Ah\u00ed hay varias cosas extra\u00f1as en este proceso, porque el canal abductor que nace en el r\u00edo Aconcagua y que lo quieren llevar hasta el embalse, 27 kil\u00f3metros de largo y contempla un t\u00fanel de 9 kil\u00f3metros, la verdad que no obedece a la cota, tenemos cinco cotas m\u00e1s arriba y m\u00e1s abajo que la verdad tambi\u00e9n es algo muy extra\u00f1o de poder decirlo. Ahora lo que se quiere es llevar a trav\u00e9s de este canal 20 metros c\u00fabicos por segundo las aguas del r\u00edo Aconcagua al embalse de Catemu y luego botarlas por el estero de Catemu, hay ah\u00ed otra afectaci\u00f3n m\u00e1s grande que la gente de la comuna percibe que es la intervenci\u00f3n del estero de Catemu, que es una fuente de vida para el valle, para los peque\u00f1os agricultores y tambi\u00e9n para los ganaderos, apicultores en general en el valle, Catemu nutre mucho de turismo, necesitamos que sea conversado, que se tomen las medidas necesarias.<br \/>\nPronostica que una vez licitado el embalse, se van a tener que sentar a conversar con una empresa que es privada sobre posibles afectaciones: \u201cNosotros pensamos que ese trabajo debiese hacerse antes, conversarse mucho m\u00e1s y llegar a un acuerdo entre todos, somos claros en decir que nosotros no hemos dicho nunca no embalsar el agua, simplemente queremos que se hagan obras que nos beneficien a todos, que sean financiadas y que no pongan en riesgo la seguridad h\u00eddrica de toda la zona\u201d, reiter\u00f3 Bailey.<br \/>\n<strong>&#8211; \u00bfSe puede construir finalmente o qu\u00e9 medidas de mitigaci\u00f3n se pueden tomar? <\/strong><br \/>\n&#8211; La verdad que en las bases de licitaci\u00f3n no existe ninguna medida para poder compensar, y eso es un grave problema porque si no existe es porque simplemente no se ha hecho con anticipaci\u00f3n la participaci\u00f3n ciudadana adecuada y por lo tanto no se sabe cu\u00e1les podr\u00edan ser las acciones. Nosotros estamos convencidos que vamos a tener un problema grande, tanto con los regantes, con la gente de Cerrillos y por supuesto toda la seguridad h\u00eddrica de la zona, no existe hasta el momento ning\u00fan tipo de beneficio para Catemu, Llay Llay ni para Panquehue, solamente vemos un tremendo perjuicio en querer hacer un proyecto que si se hace bien y se hubiese hecho conversadamente, podr\u00eda estar saliendo de buena manera, pero las autoridades pasadas simplemente fue un di\u00e1logo de sordos y nunca pudimos llegar a ning\u00fan tipo de acuerdo con ellas.<\/p>\n<figure id=\"attachment_86091\" aria-describedby=\"caption-attachment-86091\" style=\"width: 579px\" class=\"wp-caption alignnone\"><img data-recalc-dims=\"1\" loading=\"lazy\" decoding=\"async\" class=\"size-full wp-image-86091\" src=\"https:\/\/i0.wp.com\/www.eltrabajo.cl\/portal\/wp-content\/uploads\/2018\/05\/embalse-cerrillos.jpg?resize=579%2C365\" alt=\"Imagen donde se construir\u00eda el embalse Catemu en el sector de Cerrillos.\" width=\"579\" height=\"365\" srcset=\"https:\/\/i0.wp.com\/eltrabajo.cl\/portal\/wp-content\/uploads\/2018\/05\/embalse-cerrillos.jpg?w=579&amp;ssl=1 579w, https:\/\/i0.wp.com\/eltrabajo.cl\/portal\/wp-content\/uploads\/2018\/05\/embalse-cerrillos.jpg?resize=200%2C126&amp;ssl=1 200w, https:\/\/i0.wp.com\/eltrabajo.cl\/portal\/wp-content\/uploads\/2018\/05\/embalse-cerrillos.jpg?resize=300%2C189&amp;ssl=1 300w, https:\/\/i0.wp.com\/eltrabajo.cl\/portal\/wp-content\/uploads\/2018\/05\/embalse-cerrillos.jpg?resize=238%2C150&amp;ssl=1 238w, https:\/\/i0.wp.com\/eltrabajo.cl\/portal\/wp-content\/uploads\/2018\/05\/embalse-cerrillos.jpg?resize=400%2C252&amp;ssl=1 400w\" sizes=\"auto, (max-width: 579px) 100vw, 579px\" \/><figcaption id=\"caption-attachment-86091\" class=\"wp-caption-text\">Imagen donde se construir\u00eda el embalse Catemu en el sector de Cerrillos.<\/figcaption><\/figure>\n","protected":false},"excerpt":{"rendered":"<p>Movimiento defensa r\u00edo Aconcagua y vecinos de cerrillos:\u00a0 Representantes del Movimiento de Defensa del R\u00edo Aconcagua y de la Junta de Vecinos Los Cerrillos concurrieron hasta la Contralor\u00eda para que este organismo&#8230;<\/p>\n","protected":false},"author":1,"featured_media":86090,"comment_status":"open","ping_status":"open","sticky":false,"template":"","format":"standard","meta":{"advanced_seo_description":"","jetpack_seo_html_title":"","jetpack_seo_noindex":false,"_jetpack_memberships_contains_paid_content":false,"footnotes":""},"categories":[1],"tags":[],"class_list":["post-86089","post","type-post","status-publish","format-standard","has-post-thumbnail","hentry","category-cronica"],"jetpack_featured_media_url":"https:\/\/i0.wp.com\/eltrabajo.cl\/portal\/wp-content\/uploads\/2018\/05\/Bailey.jpg?fit=580%2C374&ssl=1","jetpack_sharing_enabled":true,"jetpack_likes_enabled":true,"jetpack-related-posts":[],"_links":{"self":[{"href":"https:\/\/eltrabajo.cl\/portal\/wp-json\/wp\/v2\/posts\/86089","targetHints":{"allow":["GET"]}}],"collection":[{"href":"https:\/\/eltrabajo.cl\/portal\/wp-json\/wp\/v2\/posts"}],"about":[{"href":"https:\/\/eltrabajo.cl\/portal\/wp-json\/wp\/v2\/types\/post"}],"author":[{"embeddable":true,"href":"https:\/\/eltrabajo.cl\/portal\/wp-json\/wp\/v2\/users\/1"}],"replies":[{"embeddable":true,"href":"https:\/\/eltrabajo.cl\/portal\/wp-json\/wp\/v2\/comments?post=86089"}],"version-history":[{"count":0,"href":"https:\/\/eltrabajo.cl\/portal\/wp-json\/wp\/v2\/posts\/86089\/revisions"}],"wp:featuredmedia":[{"embeddable":true,"href":"https:\/\/eltrabajo.cl\/portal\/wp-json\/wp\/v2\/media\/86090"}],"wp:attachment":[{"href":"https:\/\/eltrabajo.cl\/portal\/wp-json\/wp\/v2\/media?parent=86089"}],"wp:term":[{"taxonomy":"category","embeddable":true,"href":"https:\/\/eltrabajo.cl\/portal\/wp-json\/wp\/v2\/categories?post=86089"},{"taxonomy":"post_tag","embeddable":true,"href":"https:\/\/eltrabajo.cl\/portal\/wp-json\/wp\/v2\/tags?post=86089"}],"curies":[{"name":"wp","href":"https:\/\/api.w.org\/{rel}","templated":true}]}}