{"id":86106,"date":"2018-05-04T05:00:01","date_gmt":"2018-05-04T09:00:01","guid":{"rendered":"http:\/\/www.eltrabajo.cl\/2017\/?p=86106"},"modified":"2018-05-04T05:00:01","modified_gmt":"2018-05-04T09:00:01","slug":"municipio-continua-sumando-empresas-a-su-campana-no-mas-bolsas","status":"publish","type":"post","link":"https:\/\/eltrabajo.cl\/portal\/municipio-continua-sumando-empresas-a-su-campana-no-mas-bolsas\/","title":{"rendered":"Municipio contin\u00faa sumando empresas a su campa\u00f1a \u2018No m\u00e1s bolsas\u2019"},"content":{"rendered":"<figure id=\"attachment_86108\" aria-describedby=\"caption-attachment-86108\" style=\"width: 579px\" class=\"wp-caption alignnone\"><img data-recalc-dims=\"1\" loading=\"lazy\" decoding=\"async\" class=\"size-full wp-image-86108\" src=\"https:\/\/i0.wp.com\/www.eltrabajo.cl\/portal\/wp-content\/uploads\/2018\/05\/Campana-3-no-m%C3%A1s-bolsas-en-Tottus.jpg?resize=579%2C386\" alt=\"El alcalde Patricio Freire junto a otras autoridades contribuyeron a repartir bolsas de g\u00e9nero que reemplazar\u00e1n el uso de las bolsas pl\u00e1sticas.\" width=\"579\" height=\"386\" srcset=\"https:\/\/i0.wp.com\/eltrabajo.cl\/portal\/wp-content\/uploads\/2018\/05\/Campana-3-no-m%C3%A1s-bolsas-en-Tottus.jpg?w=579&amp;ssl=1 579w, https:\/\/i0.wp.com\/eltrabajo.cl\/portal\/wp-content\/uploads\/2018\/05\/Campana-3-no-m%C3%A1s-bolsas-en-Tottus.jpg?resize=200%2C133&amp;ssl=1 200w, https:\/\/i0.wp.com\/eltrabajo.cl\/portal\/wp-content\/uploads\/2018\/05\/Campana-3-no-m%C3%A1s-bolsas-en-Tottus.jpg?resize=300%2C200&amp;ssl=1 300w, https:\/\/i0.wp.com\/eltrabajo.cl\/portal\/wp-content\/uploads\/2018\/05\/Campana-3-no-m%C3%A1s-bolsas-en-Tottus.jpg?resize=225%2C150&amp;ssl=1 225w, https:\/\/i0.wp.com\/eltrabajo.cl\/portal\/wp-content\/uploads\/2018\/05\/Campana-3-no-m%C3%A1s-bolsas-en-Tottus.jpg?resize=400%2C267&amp;ssl=1 400w\" sizes=\"auto, (max-width: 579px) 100vw, 579px\" \/><figcaption id=\"caption-attachment-86108\" class=\"wp-caption-text\">El alcalde Patricio Freire junto a otras autoridades contribuyeron a repartir bolsas de g\u00e9nero que reemplazar\u00e1n el uso de las bolsas pl\u00e1sticas.<\/figcaption><\/figure>\n<ul>\n<li><span style=\"color: #ff0000;\"><strong>Desde el 3 de mayo se empezaron a entregar un m\u00e1ximo de 3 bolsas pl\u00e1sticas en los locales adheridos a la campa\u00f1a.<\/strong><\/span><\/li>\n<\/ul>\n<p>El jueves 3 de mayo la Municipalidad San Felipe y el Supermercado Tottus \u2013con la presencia de los concejales Igor Carrasco, Dante Rodr\u00edguez y Juan Carlos Sabaj- firmaron el convenio con el que trabajar\u00e1n juntos en la campa\u00f1a \u2018No m\u00e1s bolsas\u2019, en la que se pone en marcha la Ordenanza Municipal N\u00b061 que tiene por objetivo reducir considerablemente el uso de bolsas pl\u00e1sticas.<br \/>\nAs\u00ed lo se\u00f1al\u00f3 el alcalde Patricio Freire, quien indic\u00f3 que la medida significa un gran avance en cuanto al cuidado medioambiental de la comuna, a trav\u00e9s del compromiso de todos los vecinos.<br \/>\n\u00abEstamos muy contentos, esto marca un antes y un despu\u00e9s en lo que es el cuidado del medio ambiente con la empresa Tottus. Aqu\u00ed va a haber un cambio cultural donde los vecinos se deber\u00e1n acostumbrar a llevar sus bolsas reutilizables\u00bb, expres\u00f3 Freire, palabras a las que se sum\u00f3 Jacqueline Aguilar, directora de la Direcci\u00f3n de Protecci\u00f3n del Medio Ambiente (Dipma), quien agreg\u00f3 que el comercio se ha ido uniendo paulatinamente a la campa\u00f1a y que la idea es que se vaya generando un cambio en los h\u00e1bitos para disminuir el uso de bolsas pl\u00e1sticas.<br \/>\nPor su parte, Alejandro Delgado, gerente de operaciones de Supermercado Tottus, se\u00f1al\u00f3 estar muy entusiasmado con la iniciativa: \u00abEs un cambio importante para San Felipe, esta ser\u00eda la octava comuna en la que estamos presente y, como mencionaba el se\u00f1or Alcalde, esto es un cambio en nuestros h\u00e1bitos, en nuestra forma de hacer las cosas, agradecemos ser parte de esto y estamos seguros que con la ayuda de todos esto va a ser mucho m\u00e1s f\u00e1cil y vamos a estar dej\u00e1ndole un regalo a nuestras generaciones futuras\u00bb, indic\u00f3 Delgado.<br \/>\nFinalmente, Beatriz Gallardo, directora de la Escuela Sagrado Coraz\u00f3n, establecimiento educacional que estuvo presente en la ceremonia con una exposici\u00f3n de las bolsas reutilizables que elaboran sus alumnos, se refiri\u00f3 al trabajo que se est\u00e1 realizando en su escuela.<br \/>\n\u00abNuestra escuela tiene un sello de sustentabilidad y calidad de vida y, en los \u00faltimos a\u00f1os, hemos trabajado en la confecci\u00f3n de bolsas de g\u00e9nero, contribuyendo as\u00ed en poder eliminar el uso de las bolsas pl\u00e1sticas\u00bb, trabajo al que suma el reciclaje del papel blanco, medida que se est\u00e1 realizando gracias a un convenio establecido con la Municipalidad de San Felipe y diversas empresas y colegios de la comuna; iniciativa que fue destacada por el alcalde Patricio Freire y los concejales de la comuna.<\/p>\n<figure id=\"attachment_86107\" aria-describedby=\"caption-attachment-86107\" style=\"width: 579px\" class=\"wp-caption alignnone\"><img data-recalc-dims=\"1\" loading=\"lazy\" decoding=\"async\" class=\"size-full wp-image-86107\" src=\"https:\/\/i0.wp.com\/www.eltrabajo.cl\/portal\/wp-content\/uploads\/2018\/05\/Campana-1-no-m%C3%A1s-bolsas-en-Tottus.jpg?resize=579%2C388\" alt=\"Supermercado Tottus tambi\u00e9n se sum\u00f3 a la campa\u00f1a \u2018No m\u00e1s bolsas\u2019 que busca eliminar definitivamente el uso de bolsas.\" width=\"579\" height=\"388\" srcset=\"https:\/\/i0.wp.com\/eltrabajo.cl\/portal\/wp-content\/uploads\/2018\/05\/Campana-1-no-m%C3%A1s-bolsas-en-Tottus.jpg?w=579&amp;ssl=1 579w, https:\/\/i0.wp.com\/eltrabajo.cl\/portal\/wp-content\/uploads\/2018\/05\/Campana-1-no-m%C3%A1s-bolsas-en-Tottus.jpg?resize=200%2C134&amp;ssl=1 200w, https:\/\/i0.wp.com\/eltrabajo.cl\/portal\/wp-content\/uploads\/2018\/05\/Campana-1-no-m%C3%A1s-bolsas-en-Tottus.jpg?resize=300%2C201&amp;ssl=1 300w, https:\/\/i0.wp.com\/eltrabajo.cl\/portal\/wp-content\/uploads\/2018\/05\/Campana-1-no-m%C3%A1s-bolsas-en-Tottus.jpg?resize=224%2C150&amp;ssl=1 224w, https:\/\/i0.wp.com\/eltrabajo.cl\/portal\/wp-content\/uploads\/2018\/05\/Campana-1-no-m%C3%A1s-bolsas-en-Tottus.jpg?resize=400%2C268&amp;ssl=1 400w\" sizes=\"auto, (max-width: 579px) 100vw, 579px\" \/><figcaption id=\"caption-attachment-86107\" class=\"wp-caption-text\">Supermercado Tottus tambi\u00e9n se sum\u00f3 a la campa\u00f1a \u2018No m\u00e1s bolsas\u2019 que busca eliminar definitivamente el uso de bolsas.<\/figcaption><\/figure>\n","protected":false},"excerpt":{"rendered":"<p>Desde el 3 de mayo se empezaron a entregar un m\u00e1ximo de 3 bolsas pl\u00e1sticas en los locales adheridos a la campa\u00f1a. El jueves 3 de mayo la Municipalidad San Felipe y&#8230;<\/p>\n","protected":false},"author":1,"featured_media":86108,"comment_status":"open","ping_status":"open","sticky":false,"template":"","format":"standard","meta":{"advanced_seo_description":"","jetpack_seo_html_title":"","jetpack_seo_noindex":false,"_jetpack_memberships_contains_paid_content":false,"footnotes":""},"categories":[1],"tags":[],"class_list":["post-86106","post","type-post","status-publish","format-standard","has-post-thumbnail","hentry","category-cronica"],"jetpack_featured_media_url":"https:\/\/i0.wp.com\/eltrabajo.cl\/portal\/wp-content\/uploads\/2018\/05\/Campana-3-no-m%C3%A1s-bolsas-en-Tottus.jpg?fit=579%2C386&ssl=1","jetpack_sharing_enabled":true,"jetpack_likes_enabled":true,"jetpack-related-posts":[],"_links":{"self":[{"href":"https:\/\/eltrabajo.cl\/portal\/wp-json\/wp\/v2\/posts\/86106","targetHints":{"allow":["GET"]}}],"collection":[{"href":"https:\/\/eltrabajo.cl\/portal\/wp-json\/wp\/v2\/posts"}],"about":[{"href":"https:\/\/eltrabajo.cl\/portal\/wp-json\/wp\/v2\/types\/post"}],"author":[{"embeddable":true,"href":"https:\/\/eltrabajo.cl\/portal\/wp-json\/wp\/v2\/users\/1"}],"replies":[{"embeddable":true,"href":"https:\/\/eltrabajo.cl\/portal\/wp-json\/wp\/v2\/comments?post=86106"}],"version-history":[{"count":0,"href":"https:\/\/eltrabajo.cl\/portal\/wp-json\/wp\/v2\/posts\/86106\/revisions"}],"wp:featuredmedia":[{"embeddable":true,"href":"https:\/\/eltrabajo.cl\/portal\/wp-json\/wp\/v2\/media\/86108"}],"wp:attachment":[{"href":"https:\/\/eltrabajo.cl\/portal\/wp-json\/wp\/v2\/media?parent=86106"}],"wp:term":[{"taxonomy":"category","embeddable":true,"href":"https:\/\/eltrabajo.cl\/portal\/wp-json\/wp\/v2\/categories?post=86106"},{"taxonomy":"post_tag","embeddable":true,"href":"https:\/\/eltrabajo.cl\/portal\/wp-json\/wp\/v2\/tags?post=86106"}],"curies":[{"name":"wp","href":"https:\/\/api.w.org\/{rel}","templated":true}]}}