{"id":86110,"date":"2018-05-04T05:01:10","date_gmt":"2018-05-04T09:01:10","guid":{"rendered":"http:\/\/www.eltrabajo.cl\/2017\/?p=86110"},"modified":"2018-05-04T05:01:10","modified_gmt":"2018-05-04T09:01:10","slug":"dr-daniel-alvarez-asume-la-direccion-del-hospital-san-camilo","status":"publish","type":"post","link":"https:\/\/eltrabajo.cl\/portal\/dr-daniel-alvarez-asume-la-direccion-del-hospital-san-camilo\/","title":{"rendered":"Dr. Daniel \u00c1lvarez asume la Direcci\u00f3n del Hospital San Camilo"},"content":{"rendered":"<figure id=\"attachment_86111\" aria-describedby=\"caption-attachment-86111\" style=\"width: 579px\" class=\"wp-caption alignnone\"><img data-recalc-dims=\"1\" loading=\"lazy\" decoding=\"async\" class=\"size-full wp-image-86111\" src=\"https:\/\/i0.wp.com\/www.eltrabajo.cl\/portal\/wp-content\/uploads\/2018\/05\/alvarez-porras.jpg?resize=579%2C424\" alt=\"La Directora saliente del Hospital San Camilo, Susan Porras, quien asumiera la Direcci\u00f3n del Servicio de Salud Aconcagua, hizo entrega del cargo a al nuevo Director subrogante, Dr. Daniel \u00c1lvarez.\" width=\"579\" height=\"424\" srcset=\"https:\/\/i0.wp.com\/eltrabajo.cl\/portal\/wp-content\/uploads\/2018\/05\/alvarez-porras.jpg?w=579&amp;ssl=1 579w, https:\/\/i0.wp.com\/eltrabajo.cl\/portal\/wp-content\/uploads\/2018\/05\/alvarez-porras.jpg?resize=200%2C146&amp;ssl=1 200w, https:\/\/i0.wp.com\/eltrabajo.cl\/portal\/wp-content\/uploads\/2018\/05\/alvarez-porras.jpg?resize=300%2C220&amp;ssl=1 300w, https:\/\/i0.wp.com\/eltrabajo.cl\/portal\/wp-content\/uploads\/2018\/05\/alvarez-porras.jpg?resize=205%2C150&amp;ssl=1 205w, https:\/\/i0.wp.com\/eltrabajo.cl\/portal\/wp-content\/uploads\/2018\/05\/alvarez-porras.jpg?resize=400%2C293&amp;ssl=1 400w\" sizes=\"auto, (max-width: 579px) 100vw, 579px\" \/><figcaption id=\"caption-attachment-86111\" class=\"wp-caption-text\">La Directora saliente del Hospital San Camilo, Susan Porras, quien asumiera la Direcci\u00f3n del Servicio de Salud Aconcagua, hizo entrega del cargo a al nuevo Director subrogante, Dr. Daniel \u00c1lvarez.<\/figcaption><\/figure>\n<ul>\n<li><span style=\"color: #ff0000;\"><strong>Profesional m\u00e9dico asume en car\u00e1cter de subrogante tras el arribo de Susan Porras a la Direcci\u00f3n del Servicio de Salud.<\/strong><\/span><\/li>\n<\/ul>\n<p>En una sobria ceremonia realizada en dependencias del auditorio del establecimiento, el Dr. Daniel \u00c1lvarez asumi\u00f3 formalmente la Direcci\u00f3n del Hospital San Camilo de manera subrogante tras la salida de Susan Porras, quien asumi\u00f3 como directora del Servicio de Salud Aconcagua.<br \/>\nEl cambio de mando se produjo tras la lectura del acta de entrega por parte del Auditor del Servicio de Salud, quien como Ministro de Fe fue el encargado de certificar las firmas correspondientes.<br \/>\nTras este acto, la Directora saliente aprovech\u00f3 la oportunidad para desearle \u00e9xito al nuevo director y entregar todo su apoyo desde el Servicio de Salud Aconcagua.<br \/>\n\u00abEl Hospital San Camilo es un recinto relevante para cumplir los compromisos ministeriales, por lo que quien asumiera deb\u00eda reunir las mejores caracter\u00edsticas y esa persona es el Dr. \u00c1lvarez, quien gracias a su constante compromiso demostrado a lo largo de su carrera, tiene experiencia en el cargo y por lo tanto, domina tanto lo administrativo como lo cl\u00ednico, as\u00ed que confiamos que har\u00e1 un estupendo trabajo\u00bb, se\u00f1al\u00f3 Susan Porras.<br \/>\nPor su parte, el Dr. Daniel \u00c1lvarez pidi\u00f3 la colaboraci\u00f3n de todos los miembros del establecimiento para sacar adelante todos los desaf\u00edos que enfrenta la instituci\u00f3n, recalcando que las organizaciones las hacen las personas, por lo que el compromiso de cada uno es necesario para mantener en alto todo lo logrado hasta ahora.<br \/>\nDentro de estos desaf\u00edos se encuentra todo el trabajo para la instalaci\u00f3n del resonador nuclear magn\u00e9tico, sacar adelante los proyectos ministeriales como el Hospital A Punto y todo lo relacionado con las listas de espera y los nuevos lineamientos entregados por el nivel central.<\/p>\n","protected":false},"excerpt":{"rendered":"<p>Profesional m\u00e9dico asume en car\u00e1cter de subrogante tras el arribo de Susan Porras a la Direcci\u00f3n del Servicio de Salud. En una sobria ceremonia realizada en dependencias del auditorio del establecimiento, el&#8230;<\/p>\n","protected":false},"author":1,"featured_media":86111,"comment_status":"open","ping_status":"open","sticky":false,"template":"","format":"standard","meta":{"advanced_seo_description":"","jetpack_seo_html_title":"","jetpack_seo_noindex":false,"_jetpack_memberships_contains_paid_content":false,"footnotes":""},"categories":[1],"tags":[],"class_list":["post-86110","post","type-post","status-publish","format-standard","has-post-thumbnail","hentry","category-cronica"],"jetpack_featured_media_url":"https:\/\/i0.wp.com\/eltrabajo.cl\/portal\/wp-content\/uploads\/2018\/05\/alvarez-porras.jpg?fit=579%2C424&ssl=1","jetpack_sharing_enabled":true,"jetpack_likes_enabled":true,"jetpack-related-posts":[],"_links":{"self":[{"href":"https:\/\/eltrabajo.cl\/portal\/wp-json\/wp\/v2\/posts\/86110","targetHints":{"allow":["GET"]}}],"collection":[{"href":"https:\/\/eltrabajo.cl\/portal\/wp-json\/wp\/v2\/posts"}],"about":[{"href":"https:\/\/eltrabajo.cl\/portal\/wp-json\/wp\/v2\/types\/post"}],"author":[{"embeddable":true,"href":"https:\/\/eltrabajo.cl\/portal\/wp-json\/wp\/v2\/users\/1"}],"replies":[{"embeddable":true,"href":"https:\/\/eltrabajo.cl\/portal\/wp-json\/wp\/v2\/comments?post=86110"}],"version-history":[{"count":0,"href":"https:\/\/eltrabajo.cl\/portal\/wp-json\/wp\/v2\/posts\/86110\/revisions"}],"wp:featuredmedia":[{"embeddable":true,"href":"https:\/\/eltrabajo.cl\/portal\/wp-json\/wp\/v2\/media\/86111"}],"wp:attachment":[{"href":"https:\/\/eltrabajo.cl\/portal\/wp-json\/wp\/v2\/media?parent=86110"}],"wp:term":[{"taxonomy":"category","embeddable":true,"href":"https:\/\/eltrabajo.cl\/portal\/wp-json\/wp\/v2\/categories?post=86110"},{"taxonomy":"post_tag","embeddable":true,"href":"https:\/\/eltrabajo.cl\/portal\/wp-json\/wp\/v2\/tags?post=86110"}],"curies":[{"name":"wp","href":"https:\/\/api.w.org\/{rel}","templated":true}]}}