{"id":86113,"date":"2018-05-04T05:02:45","date_gmt":"2018-05-04T09:02:45","guid":{"rendered":"http:\/\/www.eltrabajo.cl\/2017\/?p=86113"},"modified":"2018-05-04T05:02:45","modified_gmt":"2018-05-04T09:02:45","slug":"con-potentes-telescopios-podra-ser-vista-lluvia-de-estrellas-en-calle-larga","status":"publish","type":"post","link":"https:\/\/eltrabajo.cl\/portal\/con-potentes-telescopios-podra-ser-vista-lluvia-de-estrellas-en-calle-larga\/","title":{"rendered":"Con potentes telescopios podr\u00e1 ser vista lluvia de estrellas en Calle Larga"},"content":{"rendered":"<figure id=\"attachment_86115\" aria-describedby=\"caption-attachment-86115\" style=\"width: 579px\" class=\"wp-caption alignnone\"><img data-recalc-dims=\"1\" loading=\"lazy\" decoding=\"async\" class=\"size-full wp-image-86115\" src=\"https:\/\/i0.wp.com\/www.eltrabajo.cl\/portal\/wp-content\/uploads\/2018\/05\/Maja-Vuckovic.jpg?resize=579%2C386\" alt=\"Maja Vuckovic, astr\u00f3noma y docente de la Universidad de Valpara\u00edso, dictar\u00e1 la charla-taller \u2018Mira la estrella fugaz\u2019.\" width=\"579\" height=\"386\" srcset=\"https:\/\/i0.wp.com\/eltrabajo.cl\/portal\/wp-content\/uploads\/2018\/05\/Maja-Vuckovic.jpg?w=579&amp;ssl=1 579w, https:\/\/i0.wp.com\/eltrabajo.cl\/portal\/wp-content\/uploads\/2018\/05\/Maja-Vuckovic.jpg?resize=200%2C133&amp;ssl=1 200w, https:\/\/i0.wp.com\/eltrabajo.cl\/portal\/wp-content\/uploads\/2018\/05\/Maja-Vuckovic.jpg?resize=300%2C200&amp;ssl=1 300w, https:\/\/i0.wp.com\/eltrabajo.cl\/portal\/wp-content\/uploads\/2018\/05\/Maja-Vuckovic.jpg?resize=225%2C150&amp;ssl=1 225w, https:\/\/i0.wp.com\/eltrabajo.cl\/portal\/wp-content\/uploads\/2018\/05\/Maja-Vuckovic.jpg?resize=400%2C267&amp;ssl=1 400w\" sizes=\"auto, (max-width: 579px) 100vw, 579px\" \/><figcaption id=\"caption-attachment-86115\" class=\"wp-caption-text\">Maja Vuckovic, astr\u00f3noma y docente de la Universidad de Valpara\u00edso, dictar\u00e1 la charla-taller \u2018Mira la estrella fugaz\u2019.<\/figcaption><\/figure>\n<ul>\n<li><strong><span style=\"color: #ff0000;\">Adem\u00e1s, la astr\u00f3noma serbia Maja Vuckovic, realizar\u00e1 charla-taller \u2018Mira la estrella Fugaz\u2019, hoy viernes en el Centro Cultural Pedro Aguirre Cerda<\/span><\/strong><\/li>\n<\/ul>\n<p><strong>CALLE LARGA.-<\/strong> Los amantes de la astronom\u00eda podr\u00e1n disfrutar de un entretenido panorama, hoy viernes 4 de mayo en dependencias del Centro Cultural y Museo Pedro Aguirre Cerda de Calle Larga.<br \/>\nA partir de las 19 horas, la astr\u00f3noma serbia, y docente de la Universidad de Valpara\u00edso, Maja Vuckovic, realizar\u00e1 la charla-taller \u2018Mira la estrella fugaz\u2019, actividad en la que, junto con conocer interesantes tem\u00e1ticas astron\u00f3micas, los asistentes podr\u00e1n observar la lluvia de estrellas que se registrar\u00e1 durante la noche.<br \/>\nEn esta actividad que es organizada por la Municipalidad de Calle Larga, el Centro Cultural Pedro Aguirre Cerda, Observatorio Pocuro y la Universidad de Valpara\u00edso, se realizar\u00e1 adem\u00e1s observaci\u00f3n astron\u00f3micas a trav\u00e9s de potentes telescopios.<br \/>\nEsta actividad es completamente gratuita. M\u00e1s informaci\u00f3n en www.observatoriopocuro.cl<\/p>\n<figure id=\"attachment_86114\" aria-describedby=\"caption-attachment-86114\" style=\"width: 579px\" class=\"wp-caption alignnone\"><img data-recalc-dims=\"1\" loading=\"lazy\" decoding=\"async\" class=\"size-full wp-image-86114\" src=\"https:\/\/i0.wp.com\/www.eltrabajo.cl\/portal\/wp-content\/uploads\/2018\/05\/lluvia-estrellas.jpg?resize=579%2C869\" alt=\"Hoy a partir de las 19 horas se desarrollar\u00e1 la charla-taller en el centro cultural Pedro Aguirre Cerda.\" width=\"579\" height=\"869\" srcset=\"https:\/\/i0.wp.com\/eltrabajo.cl\/portal\/wp-content\/uploads\/2018\/05\/lluvia-estrellas.jpg?w=579&amp;ssl=1 579w, https:\/\/i0.wp.com\/eltrabajo.cl\/portal\/wp-content\/uploads\/2018\/05\/lluvia-estrellas.jpg?resize=100%2C150&amp;ssl=1 100w, https:\/\/i0.wp.com\/eltrabajo.cl\/portal\/wp-content\/uploads\/2018\/05\/lluvia-estrellas.jpg?resize=200%2C300&amp;ssl=1 200w, https:\/\/i0.wp.com\/eltrabajo.cl\/portal\/wp-content\/uploads\/2018\/05\/lluvia-estrellas.jpg?resize=400%2C600&amp;ssl=1 400w\" sizes=\"auto, (max-width: 579px) 100vw, 579px\" \/><figcaption id=\"caption-attachment-86114\" class=\"wp-caption-text\">Hoy a partir de las 19 horas se desarrollar\u00e1 la charla-taller en el centro cultural Pedro Aguirre Cerda.<\/figcaption><\/figure>\n","protected":false},"excerpt":{"rendered":"<p>Adem\u00e1s, la astr\u00f3noma serbia Maja Vuckovic, realizar\u00e1 charla-taller \u2018Mira la estrella Fugaz\u2019, hoy viernes en el Centro Cultural Pedro Aguirre Cerda CALLE LARGA.- Los amantes de la astronom\u00eda podr\u00e1n disfrutar de un&#8230;<\/p>\n","protected":false},"author":1,"featured_media":86115,"comment_status":"open","ping_status":"open","sticky":false,"template":"","format":"standard","meta":{"advanced_seo_description":"","jetpack_seo_html_title":"","jetpack_seo_noindex":false,"_jetpack_memberships_contains_paid_content":false,"footnotes":""},"categories":[1],"tags":[],"class_list":["post-86113","post","type-post","status-publish","format-standard","has-post-thumbnail","hentry","category-cronica"],"jetpack_featured_media_url":"https:\/\/i0.wp.com\/eltrabajo.cl\/portal\/wp-content\/uploads\/2018\/05\/Maja-Vuckovic.jpg?fit=579%2C386&ssl=1","jetpack_sharing_enabled":true,"jetpack_likes_enabled":true,"jetpack-related-posts":[],"_links":{"self":[{"href":"https:\/\/eltrabajo.cl\/portal\/wp-json\/wp\/v2\/posts\/86113","targetHints":{"allow":["GET"]}}],"collection":[{"href":"https:\/\/eltrabajo.cl\/portal\/wp-json\/wp\/v2\/posts"}],"about":[{"href":"https:\/\/eltrabajo.cl\/portal\/wp-json\/wp\/v2\/types\/post"}],"author":[{"embeddable":true,"href":"https:\/\/eltrabajo.cl\/portal\/wp-json\/wp\/v2\/users\/1"}],"replies":[{"embeddable":true,"href":"https:\/\/eltrabajo.cl\/portal\/wp-json\/wp\/v2\/comments?post=86113"}],"version-history":[{"count":0,"href":"https:\/\/eltrabajo.cl\/portal\/wp-json\/wp\/v2\/posts\/86113\/revisions"}],"wp:featuredmedia":[{"embeddable":true,"href":"https:\/\/eltrabajo.cl\/portal\/wp-json\/wp\/v2\/media\/86115"}],"wp:attachment":[{"href":"https:\/\/eltrabajo.cl\/portal\/wp-json\/wp\/v2\/media?parent=86113"}],"wp:term":[{"taxonomy":"category","embeddable":true,"href":"https:\/\/eltrabajo.cl\/portal\/wp-json\/wp\/v2\/categories?post=86113"},{"taxonomy":"post_tag","embeddable":true,"href":"https:\/\/eltrabajo.cl\/portal\/wp-json\/wp\/v2\/tags?post=86113"}],"curies":[{"name":"wp","href":"https:\/\/api.w.org\/{rel}","templated":true}]}}